{"id":72734,"date":"2018-06-09T00:08:18","date_gmt":"2018-06-09T03:08:18","guid":{"rendered":"http:\/\/supercinemaup.com\/?p=72734"},"modified":"2018-06-09T00:10:04","modified_gmt":"2018-06-09T03:10:04","slug":"despedida-conclui-historia-de-sense8-magistralmente-e-deixa-marca-na-historia-da-netflix","status":"publish","type":"post","link":"https:\/\/www.cinemaup.com.br\/en\/despedida-conclui-historia-de-sense8-magistralmente-e-deixa-marca-na-historia-da-netflix\/","title":{"rendered":"Despedida conclui hist\u00f3ria de \u2018Sense8\u2019 magistralmente e deixa marca na hist\u00f3ria da Netflix"},"content":{"rendered":"<p>[et_pb_section admin_label=&#8221;section&#8221;][et_pb_row admin_label=&#8221;row&#8221;][et_pb_column type=&#8221;4_4&#8243;][et_pb_text admin_label=&#8221;Texto&#8221; background_layout=&#8221;light&#8221; text_orientation=&#8221;justified&#8221; use_border_color=&#8221;off&#8221; border_color=&#8221;#ffffff&#8221; border_style=&#8221;solid&#8221;]<\/p>\n<p>Acompanhar uma s\u00e9rie exige dedica\u00e7\u00e3o. S\u00e3o pessoas e hist\u00f3rias das quais passamos um bom tempo, em frente a uma (ou diversas) telas, ficando nervosos, torcendo, discutindo, analisando e apreciando. Passamos horas, dias, semanas e at\u00e9 meses ao lado de personagens que aprendemos a amar, e alguns, a odiar. Esse \u00e9 o poder das s\u00e9ries. Diferente de um longa metragem, seriados passam a ser mais longos, com os epis\u00f3dios servindo de constru\u00e7\u00f5es mais trabalhadas de narrativa e personagens, para o espectador simpatizar e conhecer seus defeitos, ideologias, qualidades, atitudes, e faz\u00ea-lo gostar de tudo, com o intuito do acompanhamento durar por mais tempo. Mas toda a hist\u00f3ria, em algum momento, ganha seu fim, e n\u00f3s, como espectadores apaixonados, sabemos que despedidas n\u00e3o s\u00e3o f\u00e1ceis. Por experi\u00eancia pr\u00f3pria, doeu dar tchau para \u2018Friends\u2019 (1994-2004) e \u2018Breaking Bad\u2019 (2008-2013), por exemplo. E, por mais que n\u00e3o esperava, despedir-me de Will, Nomi, Lito, Sun, Wolfgang, Kala, Capheus e Riley foi t\u00e3o doloroso quanto.<\/p>\n<p>Em 15 de junho de 2015, a Netflix chegou com a proposta de uma hist\u00f3ria diferente das produ\u00e7\u00f5es mais centradas da casa. Al\u00e9m de uma hist\u00f3ria curiosa, a aten\u00e7\u00e3o passou para quem era a mente por tr\u00e1s, ou melhor, \u201cas\u201d. Famosas pela franquia \u2018Matrix\u2019 (1999-2003), as irm\u00e3s <strong>Wachowski<\/strong>\u00a0abra\u00e7aram a proposta e mergulharam de cabe\u00e7a nessa, que se tornou uma s\u00e9rie marcante do sistema de streaming. E o mergulho foi profundo. Com epis\u00f3dios constantemente dirigidos em diferentes pa\u00edses, a s\u00e9rie entrou no ranking das produ\u00e7\u00f5es mais caras da Netflix, ficando em terceiro lugar, com o or\u00e7amento de US$108 milh\u00f5es por temporada &#8211; perdendo para \u2018The Get Down\u2019 (US$120 milh\u00f5es) e \u2018The Crown\u2019 (US$130 milh\u00f5es). Apesar da boa inten\u00e7\u00e3o, doeu no bolso, e em 2017, depois de duas temporadas e um especial de duas horas, os f\u00e3s receberam aquela que \u00e9 a pior not\u00edcia para quem acompanha s\u00e9ries. Mesmo com a Netflix dando adeus aos clusters\u00a0e economizando, o poder dos f\u00e3s justificou a produ\u00e7\u00e3o de uma justa conclus\u00e3o, chegando a este momento t\u00e3o esperado. E o que os f\u00e3s pediram, foi entregue.<\/p>\n<p>Depois de uma bel\u00edssima primeira temporada, marcada pela \u00f3tima dire\u00e7\u00e3o, um roteiro bem escrito e discuss\u00f5es fundamentais para um s\u00e9culo XXI conturbado, \u2018Sense8\u2019 conquistou o cora\u00e7\u00e3o de cada um dos espectadores. Apesar de seus momentos noveleiros e clich\u00eas, a s\u00e9rie atingiu certeiramente no alvo. Mesmo com continua\u00e7\u00f5es n\u00e3o t\u00e3o boas assim, como o fraqu\u00edssimo especial de natal e uma segunda temporada um tanto conturbada em rela\u00e7\u00e3o a trama, a paix\u00e3o era grande. Por isso, a tarefa de um epis\u00f3dio final n\u00e3o era f\u00e1cil. Al\u00e9m de uma despedida honesta, dentro de duas horas tamb\u00e9m precisavam ser respondidas diversas perguntas deixadas pelas temporadas passadas. E como apresentei logo no come\u00e7o do par\u00e1grafo: foi entregue.<\/p>\n<p>Ainda com seus cl\u00e1ssicos erros de roteiro, com alguns di\u00e1logos fracos e incoerentes, as falhas passam despercebidas. Independente do clima de adeus falar mais alto, \u00e9 impressionante como <strong>Lana, David<\/strong>\u00a0e <strong>Aleksandar<\/strong>\u00a0conseguem construir bons textos e crescer os personagens certos na hora certa, tornando qualquer erro um mero defeito dentro de uma linda obra. Com a participa\u00e7\u00e3o de mais personagens secund\u00e1rios, o equil\u00edbrio de cada um \u00e9 muito bem trabalhado, tanto que, mesmo com mais de dez personagens no centro da trama, o tempo de tela \u00e9 bem distribu\u00eddo, dando, inevitavelmente, um certo destaque para alguns personagens secund\u00e1rios que ca\u00edram nas gra\u00e7as do p\u00fablico, como Amanita e Daniela, e at\u00e9, Rajan. Tornou-se n\u00edtido que os tr\u00eas roteiristas passaram por dificuldades para construir uma narrativa de oito ou dez epis\u00f3dios, em um produto de duas horas. Muitos momentos s\u00e3o corridos e n\u00e3o t\u00e3o bem trabalhados como mereciam, enquanto outros, mas ligado a trama central, receberam mais aten\u00e7\u00e3o, chegando at\u00e9 deixar muitas quest\u00f5es sem uma resposta definitiva. A correria transparece tamb\u00e9m nas cenas de a\u00e7\u00e3o, que, mesmo boas, n\u00e3o trouxeram o mesmo capricho presente na primeira temporada e, claro, na marca do nome <strong>Wachowski<\/strong>: \u2018Matrix\u2019 (1999).<\/p>\n<p>[\/et_pb_text][et_pb_image admin_label=&#8221;Imagem&#8221; src=&#8221;http:\/\/supercinemaup.com\/wp-content\/uploads\/2018\/06\/tmp_vqX9ci_5bac06e3ac65f8c6_TCDSENS_EC051.jpg&#8221; show_in_lightbox=&#8221;off&#8221; url_new_window=&#8221;off&#8221; use_overlay=&#8221;off&#8221; animation=&#8221;off&#8221; sticky=&#8221;off&#8221; align=&#8221;left&#8221; force_fullwidth=&#8221;off&#8221; always_center_on_mobile=&#8221;on&#8221; use_border_color=&#8221;off&#8221; border_color=&#8221;#ffffff&#8221; border_style=&#8221;solid&#8221; custom_margin=&#8221;30px||30px|&#8221;] [\/et_pb_image][et_pb_text admin_label=&#8221;Texto&#8221; background_layout=&#8221;light&#8221; text_orientation=&#8221;justified&#8221; use_border_color=&#8221;off&#8221; border_color=&#8221;#ffffff&#8221; border_style=&#8221;solid&#8221;]<\/p>\n<p>Com rela\u00e7\u00f5es clich\u00eas e mal trabalhadas, o texto carrega muito dos acontecimentos passados para serem mostrados novamente e aquecer o cora\u00e7\u00e3o do f\u00e3, mas o roteiro se supera e chega a tentar expandir a ideia, provando o potencial e o quanto ainda poderia se falar sobre toda a ci\u00eancia, a filosofia e o misticismo por tr\u00e1s dos sensates. Tanto, que muitos personagens novos s\u00e3o introduzidos para justific\u00e1veis solu\u00e7\u00f5es, e, como j\u00e1 explicado anteriormente, mesmo que haja seus erros, eles s\u00e3o descart\u00e1veis. A qualidade ainda se sobressai, e muito se deve ao elenco, que em tela, transmite maravilhosamente a paix\u00e3o de fazer parte do projeto e como todos se gostam e admiram uns aos outros. Para uma s\u00e9rie com uma proposta como a de \u2018Sense8\u2019, a rela\u00e7\u00e3o \u00e9 fundamental para toda a narrativa se tornar cr\u00edvel ao p\u00fablico. N\u00e3o s\u00f3 o carisma, mas a evolu\u00e7\u00e3o de cada um, tornou-se fundamental no crescimento da s\u00e9rie e na empatia do p\u00fablico pela mesma, e quanto a isso, Lana se provou intoc\u00e1vel no quesito constru\u00e7\u00e3o, conseguindo encaixar temas sobre lutas de minoria e empoderamento de forma natural e sem f\u00f3rmulas clich\u00eas de discurso, aumentando, assim, o n\u00facleo de cada personagem &#8211; com um destaque para o crescimento narrativo de Kala, principalmente. As atua\u00e7\u00f5es s\u00e3o essenciais para a proposta, com ningu\u00e9m se destacando negativamente ou muito positivamente, dando um equil\u00edbrio at\u00e9 nisso, chegando a ter personagens cansativos em epis\u00f3dios passados, mas que aqui, s\u00e3o bem aproveitados.<\/p>\n<p>Para muitos, o sobrenome <strong>Wachowski<\/strong>\u00a0perdeu sua for\u00e7a depois da trilogia iniciada em 99, contudo, a ess\u00eancia das duas \u00e9 muito presente em \u2018Sense8\u2019, principalmente na montagem. Desde a primeira temporada, a edi\u00e7\u00e3o chamou a aten\u00e7\u00e3o com seus cortes secos e cont\u00ednuos trazendo ambienta\u00e7\u00f5es diferentes para cada situa\u00e7\u00e3o, e trazendo muito dinamismo at\u00e9 para as a\u00e7\u00f5es mais simples. Aqui, devido ao corte de gastos, a produ\u00e7\u00e3o n\u00e3o passou por muitos pa\u00edses, tendo in\u00fameras cenas no mesmo local, mas mesmo assim, a for\u00e7a da montagem da primeira temporada, esteve presente. E com esse epis\u00f3dio, \u00e9 observ\u00e1vel a <strong>Wachowski<\/strong>\u00a0de alta qualidade. Ainda que as duas construam conte\u00fados excelentes juntas, Lily n\u00e3o se mostrou muito presente nessa conclus\u00e3o, estando apenas como produtora, j\u00e1 Lana, pelo o contr\u00e1rio, assumiu a dire\u00e7\u00e3o, al\u00e9m de ser uma das roteiristas. Obviamente, n\u00e3o estou querendo apontar que uma acaba sendo melhor que a outra, mas \u00e9 algo a se observar em meio a uma filmografia em que, constantemente, as duas trabalham unidas.<\/p>\n<p>Em raz\u00e3o da pr\u00f3pria s\u00e9rie ser feita com o cora\u00e7\u00e3o, sua an\u00e1lise merece um desvio de consci\u00eancia. A exibi\u00e7\u00e3o, ocorrida em um evento fechado na \u00faltima sexta (01) &#8211; que tamb\u00e9m contou com uma breve participa\u00e7\u00e3o de parte do elenco &#8211; transformou o \u00faltimo epis\u00f3dio em uma experi\u00eancia. Em uma sala lotada n\u00e3o s\u00f3 de jornalistas &#8211; como o que vos escreve &#8211; mas tamb\u00e9m de f\u00e3s, fez da despedida algo ainda maior e ainda mais dolorido. Assistir \u2018Sense8\u2019 ao lado de apaixonados fez meu olhar se desviar da t\u00e9cnica e olhar \u00e0 paix\u00e3o. Toda a vibra\u00e7\u00e3o, a torcida, a emo\u00e7\u00e3o, s\u00f3 me fez perceber, de verdade, sua import\u00e2ncia, e que ela vem da simples aventura da trama, dos personagens e at\u00e9 da mais crua diversidade. Os sentimentos foram infinitos dentro de duas horas e meia de epis\u00f3dio, houveram risadas, choros, gritos, mas principalmente, cora\u00e7\u00e3o. O objetivo foi atingido, n\u00e3o s\u00f3 em entregar uma despedida honesta e satisfat\u00f3ria, mas em conseguir passar a mensagem que era preciso. \u2018Sense8\u2019 nunca quis se provar mais do que era para surpreender cr\u00edtica ou ganhar pr\u00eamios, mas sim, trazer cativa\u00e7\u00e3o e um conte\u00fado ben\u00e9fico \u00e0 diversidade. Sobre o final, o texto fez com que a dor do adeus fixasse em mim. Mesmo n\u00e3o sendo um f\u00e3 ass\u00edduo da hist\u00f3ria, devo admitir que foi uma aventura memor\u00e1vel ao lado de personagens cativantes e muito carism\u00e1ticos.<\/p>\n<p>Nessa guerra padr\u00e3o de bem contra o mal, \u2018Sense8\u2019 explora o mais e os subtemas que o g\u00eanero e o estilo de obra podem fornecer. Com um discurso definido j\u00e1 no primeiro epis\u00f3dio da s\u00e9rie, tudo se resume ao amor, e a necessidade de estarmos conectados uns com os outros para sermos pessoas melhores, e, consequentemente, construir um mundo melhor. Apesar da utopia, \u00e9 um primeiro passo dado, pois sabemos que, para caminhar em frente, o primeiro \u00e9 o mais importante de todos. Ainda n\u00e3o caiu a ficha da despedida. A banalidade do final, com caracter\u00edsticas de novelas melodram\u00e1ticas e importantes quest\u00f5es n\u00e3o respondidas, n\u00e3o escondem ou apagam o que \u2018Sense8\u2019 fez com a Netflix, mas principalmente, com as pessoas. Em um mundo onde a intoler\u00e2ncia e o \u00f3dio ainda triunfam, \u2018Sense8\u2019 mostra que n\u00e3o precisa ser assim, e que pessoas \u201cdiferentes\u201d podem ser quem elas quiserem e serem felizes na sua forma desej\u00e1vel. \u00c9 s\u00f3 torcer para que o negativismo de \u201813 Reasons Why\u2019 decaia, para sobressair a mensagem de amor e esperan\u00e7a de Will, Nomi, Lito, Sun, Wolfgang, Kala, Capheus e Riley. Caso sua ignor\u00e2ncia o fez deletar sua conta, pense duas vezes nos conte\u00fados que mudaram (e mudam) a vida de muitas pessoas, com inclus\u00f5es e uma importante mensagem de amor.<\/p>\n<p>Adeus e obrigado, sensates. Nos encontramos por a\u00ed.<\/p>\n<p>[\/et_pb_text][\/et_pb_column][\/et_pb_row][\/et_pb_section]<\/p>","protected":false},"excerpt":{"rendered":"<p>Epis\u00f3dio final foi exibido em evento, em S\u00e3o Paulo, que contou com a presen\u00e7a de parte do elenco. <\/p>","protected":false},"author":33,"featured_media":72739,"comment_status":"closed","ping_status":"open","sticky":false,"template":"","format":"standard","meta":{"_exactmetrics_skip_tracking":false,"_exactmetrics_sitenote_active":false,"_exactmetrics_sitenote_note":"","_exactmetrics_sitenote_category":0,"footnotes":""},"categories":[2415,2425],"tags":[1648,3334,14223,13008],"_links":{"self":[{"href":"https:\/\/www.cinemaup.com.br\/en\/wp-json\/wp\/v2\/posts\/72734"}],"collection":[{"href":"https:\/\/www.cinemaup.com.br\/en\/wp-json\/wp\/v2\/posts"}],"about":[{"href":"https:\/\/www.cinemaup.com.br\/en\/wp-json\/wp\/v2\/types\/post"}],"author":[{"embeddable":true,"href":"https:\/\/www.cinemaup.com.br\/en\/wp-json\/wp\/v2\/users\/33"}],"replies":[{"embeddable":true,"href":"https:\/\/www.cinemaup.com.br\/en\/wp-json\/wp\/v2\/comments?post=72734"}],"version-history":[{"count":5,"href":"https:\/\/www.cinemaup.com.br\/en\/wp-json\/wp\/v2\/posts\/72734\/revisions"}],"predecessor-version":[{"id":72743,"href":"https:\/\/www.cinemaup.com.br\/en\/wp-json\/wp\/v2\/posts\/72734\/revisions\/72743"}],"wp:featuredmedia":[{"embeddable":true,"href":"https:\/\/www.cinemaup.com.br\/en\/wp-json\/wp\/v2\/media\/72739"}],"wp:attachment":[{"href":"https:\/\/www.cinemaup.com.br\/en\/wp-json\/wp\/v2\/media?parent=72734"}],"wp:term":[{"taxonomy":"category","embeddable":true,"href":"https:\/\/www.cinemaup.com.br\/en\/wp-json\/wp\/v2\/categories?post=72734"},{"taxonomy":"post_tag","embeddable":true,"href":"https:\/\/www.cinemaup.com.br\/en\/wp-json\/wp\/v2\/tags?post=72734"}],"curies":[{"name":"wp","href":"https:\/\/api.w.org\/{rel}","templated":true}]}}