{"id":74501,"date":"2019-09-23T22:08:08","date_gmt":"2019-09-24T01:08:08","guid":{"rendered":"http:\/\/supercinemaup.com\/?p=74501"},"modified":"2021-02-07T15:05:47","modified_gmt":"2021-02-07T18:05:47","slug":"mesmo-com-uma-historia-simples-abominavel-se-prova-artisticamente-belissimo","status":"publish","type":"post","link":"https:\/\/www.cinemaup.com.br\/en\/mesmo-com-uma-historia-simples-abominavel-se-prova-artisticamente-belissimo\/","title":{"rendered":"Mesmo com uma hist\u00f3ria simples, &#8220;Abomin\u00e1vel&#8221; se prova artisticamente bel\u00edssimo"},"content":{"rendered":"<p style=\"text-align: justify;\">\n<p style=\"text-align: justify;\">Diz a lenda que, no alto do Monte Everest, vive uma grande criatura m\u00e1gica, repleta de pelos brancos e com dentes enormes e amedrontadores, conhecida por ser forte, poderosa e&#8230; incrivelmente fofa. Depois de \u201cP\u00e9 Pequeno\u201d, filme da Warner. Bros tamb\u00e9m focando na mitologia dos <em>yetis<\/em>, a <strong>DreamWorks<\/strong> apresenta o filme <strong>Abomin\u00e1vel<\/strong>, que se utiliza da cl\u00e1ssica abordagem de criaturas ador\u00e1veis para encantar o p\u00fablico e, desde o in\u00edcio, conquistar a aten\u00e7\u00e3o dos espectadores.<\/p>\n<p><img fetchpriority=\"high\" decoding=\"async\" class=\"alignnone wp-image-74506 size-full\" src=\"http:\/\/supercinemaup.com\/wp-content\/uploads\/2019\/09\/jq3eoypuocr2hwbyeh3b.jpg\" alt=\"\" width=\"1600\" height=\"900\" srcset=\"https:\/\/www.cinemaup.com.br\/wp-content\/uploads\/2019\/09\/jq3eoypuocr2hwbyeh3b.jpg 1600w, https:\/\/www.cinemaup.com.br\/wp-content\/uploads\/2019\/09\/jq3eoypuocr2hwbyeh3b-150x84.jpg 150w, https:\/\/www.cinemaup.com.br\/wp-content\/uploads\/2019\/09\/jq3eoypuocr2hwbyeh3b-320x180.jpg 320w, https:\/\/www.cinemaup.com.br\/wp-content\/uploads\/2019\/09\/jq3eoypuocr2hwbyeh3b-1024x576.jpg 1024w, https:\/\/www.cinemaup.com.br\/wp-content\/uploads\/2019\/09\/jq3eoypuocr2hwbyeh3b-1080x608.jpg 1080w, https:\/\/www.cinemaup.com.br\/wp-content\/uploads\/2019\/09\/jq3eoypuocr2hwbyeh3b-24x14.jpg 24w, https:\/\/www.cinemaup.com.br\/wp-content\/uploads\/2019\/09\/jq3eoypuocr2hwbyeh3b-36x20.jpg 36w, https:\/\/www.cinemaup.com.br\/wp-content\/uploads\/2019\/09\/jq3eoypuocr2hwbyeh3b-48x27.jpg 48w\" sizes=\"(max-width: 1600px) 100vw, 1600px\" \/><\/p>\n<p style=\"text-align: justify;\">O filme conta a hist\u00f3ria de Yi, uma jovem que acaba afastando sua fam\u00edlia e amigos ap\u00f3s a morte do pai. Trabalhando em v\u00e1rios empregos para juntas dinheiro, acaba encontrando um yeti ferido em seu telhado, desenvolvendo aos poucos uma rela\u00e7\u00e3o de proximidade com a criatura denominada <em>Everest<\/em>. Junto com dois amigos, Yi embarca numa aventura para levar o yeti de volta ao seu habitat natural enquanto s\u00e3o perseguidos por uma corpora\u00e7\u00e3o milion\u00e1ria.<\/p>\n<p style=\"text-align: justify;\">\u00c9 ineg\u00e1vel que a premissa pode n\u00e3o ser das mais originais, pois uma rara criatura fugindo de uma corpora\u00e7\u00e3o cruel \u00e9 uma hist\u00f3ria j\u00e1 contada algumas vezes \u2013 como em &#8220;Okja&#8221; ou at\u00e9 mesmo &#8220;Rio&#8221; \u2013, mas <strong>Abomin\u00e1vel<\/strong> consegue se destacar n\u00e3o s\u00f3 em sua est\u00e9tica e trilha sonora, mas tamb\u00e9m na constru\u00e7\u00e3o da mitologia dos yetis, que continua a surpreender o espectador conforme a hist\u00f3ria se desenrola. N\u00e3o \u00e9 mais apenas uma criatura grande, peluda e musculosa: o novo yeti apresentado possui uma rela\u00e7\u00e3o m\u00edstica com a natureza, poderes m\u00e1gicos que permitem um espet\u00e1culo de cores e texturas da mais diversas para agregar \u00e0 composi\u00e7\u00e3o visual do filme.<\/p>\n<p style=\"text-align: justify;\"><img decoding=\"async\" class=\"alignnone wp-image-74507 size-full\" src=\"http:\/\/supercinemaup.com\/wp-content\/uploads\/2019\/09\/jXk3ZMq7n4ugOqKYq0CtMn3gia8.jpg\" alt=\"\" width=\"1280\" height=\"720\" srcset=\"https:\/\/www.cinemaup.com.br\/wp-content\/uploads\/2019\/09\/jXk3ZMq7n4ugOqKYq0CtMn3gia8.jpg 1280w, https:\/\/www.cinemaup.com.br\/wp-content\/uploads\/2019\/09\/jXk3ZMq7n4ugOqKYq0CtMn3gia8-150x84.jpg 150w, https:\/\/www.cinemaup.com.br\/wp-content\/uploads\/2019\/09\/jXk3ZMq7n4ugOqKYq0CtMn3gia8-320x180.jpg 320w, https:\/\/www.cinemaup.com.br\/wp-content\/uploads\/2019\/09\/jXk3ZMq7n4ugOqKYq0CtMn3gia8-1024x576.jpg 1024w, https:\/\/www.cinemaup.com.br\/wp-content\/uploads\/2019\/09\/jXk3ZMq7n4ugOqKYq0CtMn3gia8-1080x608.jpg 1080w, https:\/\/www.cinemaup.com.br\/wp-content\/uploads\/2019\/09\/jXk3ZMq7n4ugOqKYq0CtMn3gia8-24x14.jpg 24w, https:\/\/www.cinemaup.com.br\/wp-content\/uploads\/2019\/09\/jXk3ZMq7n4ugOqKYq0CtMn3gia8-36x20.jpg 36w, https:\/\/www.cinemaup.com.br\/wp-content\/uploads\/2019\/09\/jXk3ZMq7n4ugOqKYq0CtMn3gia8-48x27.jpg 48w\" sizes=\"(max-width: 1280px) 100vw, 1280px\" \/><\/p>\n<p style=\"text-align: justify;\">Assim sendo, os poderes de <em><strong>Everest<\/strong> <\/em>justificam o significante uso de cores para compor o longa-metragem, fazendo com que coisas simples da natureza se transformem em algo esteticamente grandioso para conquistar o interesse dos espectadores: se a narrativa por si s\u00f3 n\u00e3o for o suficiente para prender a aten\u00e7\u00e3o, o visual de <strong>Abomin\u00e1vel<\/strong> faz isso com total eleg\u00e2ncia e prazer. Um bom exemplo de tal qualidade est\u00e9tica est\u00e1 na cena em que <strong><em>Everest<\/em><\/strong> faz um campo de flores amarelas se tornar em uma grande onda para transportar ele e seus amigos \u2013 o excesso de amarelo, em seus mais diversos tons, fazem com que a cena se torne ainda mais grandiosa e rica em detalhes, transformando a est\u00e9tica em algo mais chamativo do que a pr\u00f3pria hist\u00f3ria, que tamb\u00e9m n\u00e3o deixa a desejar.<\/p>\n<p style=\"text-align: justify;\">Em rela\u00e7\u00e3o \u00e0 hist\u00f3ria, o filme se mant\u00e9m simples, mas, ao mesmo tempo, profundo. O sofrimento de Yi em rela\u00e7\u00e3o \u00e0 perda do pai se torna um fator de extrema import\u00e2ncia no roteiro, sendo evidenciado ao espectador a partir dos di\u00e1logos e rela\u00e7\u00f5es da personagem com as pessoas ao seu redor, incluindo seu nome parceiro grandalh\u00e3o. A protagonista encontra, na m\u00fasica e no sonho de viajar, uma forma de se sentir mais pr\u00f3xima de seu pai, o que acaba guiando suas a\u00e7\u00f5es e formas de pensar ao longo da narrativa.<\/p>\n<p style=\"text-align: justify;\"><img decoding=\"async\" class=\"wp-image-74503 size-full\" src=\"http:\/\/supercinemaup.com\/wp-content\/uploads\/2019\/09\/15C35_TP_00163R.jpg\" alt=\"\" width=\"5000\" height=\"2833\" srcset=\"https:\/\/www.cinemaup.com.br\/wp-content\/uploads\/2019\/09\/15C35_TP_00163R.jpg 5000w, https:\/\/www.cinemaup.com.br\/wp-content\/uploads\/2019\/09\/15C35_TP_00163R-150x85.jpg 150w, https:\/\/www.cinemaup.com.br\/wp-content\/uploads\/2019\/09\/15C35_TP_00163R-320x181.jpg 320w, https:\/\/www.cinemaup.com.br\/wp-content\/uploads\/2019\/09\/15C35_TP_00163R-1024x580.jpg 1024w, https:\/\/www.cinemaup.com.br\/wp-content\/uploads\/2019\/09\/15C35_TP_00163R-1080x612.jpg 1080w, https:\/\/www.cinemaup.com.br\/wp-content\/uploads\/2019\/09\/15C35_TP_00163R-24x14.jpg 24w, https:\/\/www.cinemaup.com.br\/wp-content\/uploads\/2019\/09\/15C35_TP_00163R-36x20.jpg 36w, https:\/\/www.cinemaup.com.br\/wp-content\/uploads\/2019\/09\/15C35_TP_00163R-48x27.jpg 48w\" sizes=\"(max-width: 5000px) 100vw, 5000px\" \/><\/p>\n<p style=\"text-align: justify;\">N\u00e3o s\u00f3 isso, a m\u00fasica tamb\u00e9m mant\u00e9m uma rela\u00e7\u00e3o de sentido com o filme em si, o que faz com que os momentos musicais tenham um significado narrativo, n\u00e3o sendo apenas para cumprir espa\u00e7o ou divertir a crian\u00e7ada. Sendo um conforto para Yi e a forma desta se sentir mais pr\u00f3xima do pai, portanto, a m\u00fasica produzida pelo violino da protagonista se torna t\u00e3o importante para a narrativa quanto a est\u00e9tica desenvolvida a partir dos poderes de <em>Everest<\/em>.<\/p>\n<p style=\"text-align: justify;\">Os antagonistas da hist\u00f3ria tamb\u00e9m s\u00e3o, de certa forma, marcantes. Por j\u00e1 ter visto tais formid\u00e1veis criaturas em seus anos de explorador, o velho senhor Burnish foca todos seus recursos para capturar e vender a criatura \u2013 seja viva ou morta \u2013, enquanto a doutora Zara se mant\u00e9m firme em seus ideais de querer capturar Everest para explorar sua esp\u00e9cie \u00fanica. Ao assistir ao filme, o espectador pode perceber, pouco a pouco, uma reviravolta se aproximando acerca dos antagonistas, o que n\u00e3o atrapalha, de forma alguma, o desenrolar da trama ou a emo\u00e7\u00e3o proposta em tal momento narrativo.<\/p>\n<p><img loading=\"lazy\" decoding=\"async\" class=\"alignnone wp-image-74508 size-full\" src=\"http:\/\/supercinemaup.com\/wp-content\/uploads\/2019\/09\/MV5BOTc1ZjM1M2QtOTE2ZC00MzgwLTkxOGYtMjlmYzJkM2E2Y2Q2XkEyXkFqcGdeQXVyNjg2NjQwMDQ@._V1_SY1000_CR0017681000_AL_.jpg\" alt=\"\" width=\"1768\" height=\"1000\" srcset=\"https:\/\/www.cinemaup.com.br\/wp-content\/uploads\/2019\/09\/MV5BOTc1ZjM1M2QtOTE2ZC00MzgwLTkxOGYtMjlmYzJkM2E2Y2Q2XkEyXkFqcGdeQXVyNjg2NjQwMDQ@._V1_SY1000_CR0017681000_AL_.jpg 1768w, https:\/\/www.cinemaup.com.br\/wp-content\/uploads\/2019\/09\/MV5BOTc1ZjM1M2QtOTE2ZC00MzgwLTkxOGYtMjlmYzJkM2E2Y2Q2XkEyXkFqcGdeQXVyNjg2NjQwMDQ@._V1_SY1000_CR0017681000_AL_-150x85.jpg 150w, https:\/\/www.cinemaup.com.br\/wp-content\/uploads\/2019\/09\/MV5BOTc1ZjM1M2QtOTE2ZC00MzgwLTkxOGYtMjlmYzJkM2E2Y2Q2XkEyXkFqcGdeQXVyNjg2NjQwMDQ@._V1_SY1000_CR0017681000_AL_-320x181.jpg 320w, https:\/\/www.cinemaup.com.br\/wp-content\/uploads\/2019\/09\/MV5BOTc1ZjM1M2QtOTE2ZC00MzgwLTkxOGYtMjlmYzJkM2E2Y2Q2XkEyXkFqcGdeQXVyNjg2NjQwMDQ@._V1_SY1000_CR0017681000_AL_-1024x579.jpg 1024w, https:\/\/www.cinemaup.com.br\/wp-content\/uploads\/2019\/09\/MV5BOTc1ZjM1M2QtOTE2ZC00MzgwLTkxOGYtMjlmYzJkM2E2Y2Q2XkEyXkFqcGdeQXVyNjg2NjQwMDQ@._V1_SY1000_CR0017681000_AL_-1080x611.jpg 1080w, https:\/\/www.cinemaup.com.br\/wp-content\/uploads\/2019\/09\/MV5BOTc1ZjM1M2QtOTE2ZC00MzgwLTkxOGYtMjlmYzJkM2E2Y2Q2XkEyXkFqcGdeQXVyNjg2NjQwMDQ@._V1_SY1000_CR0017681000_AL_-24x14.jpg 24w, https:\/\/www.cinemaup.com.br\/wp-content\/uploads\/2019\/09\/MV5BOTc1ZjM1M2QtOTE2ZC00MzgwLTkxOGYtMjlmYzJkM2E2Y2Q2XkEyXkFqcGdeQXVyNjg2NjQwMDQ@._V1_SY1000_CR0017681000_AL_-36x20.jpg 36w, https:\/\/www.cinemaup.com.br\/wp-content\/uploads\/2019\/09\/MV5BOTc1ZjM1M2QtOTE2ZC00MzgwLTkxOGYtMjlmYzJkM2E2Y2Q2XkEyXkFqcGdeQXVyNjg2NjQwMDQ@._V1_SY1000_CR0017681000_AL_-48x27.jpg 48w\" sizes=\"(max-width: 1768px) 100vw, 1768px\" \/><\/p>\n<p style=\"text-align: justify;\">Com personagens mesmo caricatos e com atitudes e desenvolvimentos f\u00e1ceis de se prever, a complexidade e o grande carisma presente em muitos deles ainda s\u00e3o suficiente para manter o espectador interessado em seus desenvolvimentos ao longo da trama. <strong>Abomin\u00e1vel<\/strong>, assim, se mant\u00e9m uma significativa anima\u00e7\u00e3o com um enredo comum e previs\u00edvel, mas com um desenvolvimento art\u00edstico que encanta pelo olhar, pela audi\u00e7\u00e3o e pelo sentimentalismo, talvez n\u00e3o sendo memor\u00e1vel ao p\u00fablico, mas com certeza o conquistando em seus bel\u00edssimos momentos em tela.<\/p>","protected":false},"excerpt":{"rendered":"<p>Diz a lenda que, no alto do Monte Everest, vive uma grande criatura m\u00e1gica, repleta de pelos brancos e com dentes enormes e amedrontadores, conhecida por ser forte, poderosa e&#8230; incrivelmente fofa. Depois de \u201cP\u00e9 Pequeno\u201d, filme da Warner. Bros tamb\u00e9m focando na mitologia dos yetis, a DreamWorks apresenta o filme Abomin\u00e1vel, que se utiliza [&hellip;]<\/p>","protected":false},"author":56,"featured_media":74504,"comment_status":"closed","ping_status":"open","sticky":false,"template":"","format":"standard","meta":{"_exactmetrics_skip_tracking":false,"_exactmetrics_sitenote_active":false,"_exactmetrics_sitenote_note":"","_exactmetrics_sitenote_category":0,"footnotes":""},"categories":[2415,2423],"tags":[15170,15172,1457,2879,15171],"_links":{"self":[{"href":"https:\/\/www.cinemaup.com.br\/en\/wp-json\/wp\/v2\/posts\/74501"}],"collection":[{"href":"https:\/\/www.cinemaup.com.br\/en\/wp-json\/wp\/v2\/posts"}],"about":[{"href":"https:\/\/www.cinemaup.com.br\/en\/wp-json\/wp\/v2\/types\/post"}],"author":[{"embeddable":true,"href":"https:\/\/www.cinemaup.com.br\/en\/wp-json\/wp\/v2\/users\/56"}],"replies":[{"embeddable":true,"href":"https:\/\/www.cinemaup.com.br\/en\/wp-json\/wp\/v2\/comments?post=74501"}],"version-history":[{"count":11,"href":"https:\/\/www.cinemaup.com.br\/en\/wp-json\/wp\/v2\/posts\/74501\/revisions"}],"predecessor-version":[{"id":76131,"href":"https:\/\/www.cinemaup.com.br\/en\/wp-json\/wp\/v2\/posts\/74501\/revisions\/76131"}],"wp:featuredmedia":[{"embeddable":true,"href":"https:\/\/www.cinemaup.com.br\/en\/wp-json\/wp\/v2\/media\/74504"}],"wp:attachment":[{"href":"https:\/\/www.cinemaup.com.br\/en\/wp-json\/wp\/v2\/media?parent=74501"}],"wp:term":[{"taxonomy":"category","embeddable":true,"href":"https:\/\/www.cinemaup.com.br\/en\/wp-json\/wp\/v2\/categories?post=74501"},{"taxonomy":"post_tag","embeddable":true,"href":"https:\/\/www.cinemaup.com.br\/en\/wp-json\/wp\/v2\/tags?post=74501"}],"curies":[{"name":"wp","href":"https:\/\/api.w.org\/{rel}","templated":true}]}}