{"id":74906,"date":"2019-12-06T23:24:56","date_gmt":"2019-12-07T02:24:56","guid":{"rendered":"http:\/\/supercinemaup.com\/?p=74906"},"modified":"2021-02-05T00:00:22","modified_gmt":"2021-02-05T03:00:22","slug":"ccxp19-amazon-prime-video-aquece-o-evento-com-seus-conteudos","status":"publish","type":"post","link":"https:\/\/www.cinemaup.com.br\/en\/ccxp19-amazon-prime-video-aquece-o-evento-com-seus-conteudos\/","title":{"rendered":"CCXP19 | AMAZON PRIME V\u00cdDEO AQUECE O EVENTO COM SEUS CONTE\u00daDOS"},"content":{"rendered":"<p>A <strong>Amazon Prime Video<\/strong> deixou de vez sua marca na CCXP com um painel cheio de conte\u00fado exclusivo nesse sexta-feira. Essa foi a segunda CCXP do streaming, mas a primeira nessa dimens\u00e3o. Al\u00e9m do estande com ativa\u00e7\u00f5es incr\u00edveis, a Amazon tamb\u00e9m apresentou suas novidades para o Audit\u00f3rio Cinemark XD, num painel de 2 horas e meia e cheio de personalidades.<\/p>\n<p>A Amazon come\u00e7ou mostrando que est\u00e1 investindo nas produ\u00e7\u00f5es brasileiras com tr\u00eas novas s\u00e9ries originais. A primeira delas foi o novo reality \u201cSoltos em Floripa\u201d, que pelo trailer exclusivo que foi mostrado deu a entender que ter\u00e1 um modelo meio \u201cJersey Shore\u201d e \u201cDe F\u00e9rias com o Ex\u201d, mas com um diferencial: celebridades comentar\u00e3o os epis\u00f3dios como se tivessem assistindo de suas pr\u00f3prias casas, numa pegada meio metalingu\u00edstica, e o <strong>John Drops e a Pabllo Vittar<\/strong>, que est\u00e3o entre essas celebridades comentaristas, aparecerem para falar um pouco sobre a nova s\u00e9rie.<\/p>\n<p><img fetchpriority=\"high\" decoding=\"async\" class=\"aligncenter size-large wp-image-74908\" src=\"http:\/\/supercinemaup.com\/wp-content\/uploads\/2019\/12\/CCXP2019_Dia2_Cinemark_AmazonPrimeSoltosFloripa_ArielMartini_8103-1024x684.jpg\" alt=\"\" width=\"1024\" height=\"684\" srcset=\"https:\/\/www.cinemaup.com.br\/wp-content\/uploads\/2019\/12\/CCXP2019_Dia2_Cinemark_AmazonPrimeSoltosFloripa_ArielMartini_8103-1024x684.jpg 1024w, https:\/\/www.cinemaup.com.br\/wp-content\/uploads\/2019\/12\/CCXP2019_Dia2_Cinemark_AmazonPrimeSoltosFloripa_ArielMartini_8103-150x100.jpg 150w, https:\/\/www.cinemaup.com.br\/wp-content\/uploads\/2019\/12\/CCXP2019_Dia2_Cinemark_AmazonPrimeSoltosFloripa_ArielMartini_8103-320x214.jpg 320w, https:\/\/www.cinemaup.com.br\/wp-content\/uploads\/2019\/12\/CCXP2019_Dia2_Cinemark_AmazonPrimeSoltosFloripa_ArielMartini_8103-1080x721.jpg 1080w, https:\/\/www.cinemaup.com.br\/wp-content\/uploads\/2019\/12\/CCXP2019_Dia2_Cinemark_AmazonPrimeSoltosFloripa_ArielMartini_8103-24x16.jpg 24w, https:\/\/www.cinemaup.com.br\/wp-content\/uploads\/2019\/12\/CCXP2019_Dia2_Cinemark_AmazonPrimeSoltosFloripa_ArielMartini_8103-36x24.jpg 36w, https:\/\/www.cinemaup.com.br\/wp-content\/uploads\/2019\/12\/CCXP2019_Dia2_Cinemark_AmazonPrimeSoltosFloripa_ArielMartini_8103-48x32.jpg 48w, https:\/\/www.cinemaup.com.br\/wp-content\/uploads\/2019\/12\/CCXP2019_Dia2_Cinemark_AmazonPrimeSoltosFloripa_ArielMartini_8103.jpg 2048w\" sizes=\"(max-width: 1024px) 100vw, 1024px\" \/><\/p>\n<p>Seguindo nas produ\u00e7\u00f5es brasileiras, o jogador de futebol <strong>Daniel Alves <\/strong>tamb\u00e9m fez uma participa\u00e7\u00e3o para falar sobre a nova s\u00e9rie documental \u201cTudo Ou Nada\u201d que mostrar\u00e1 os bastidores da sele\u00e7\u00e3o brasileira de futebol.<\/p>\n<p>Por fim, os atores <strong>Gabriel Leone e Flavio Tolezani<\/strong> apresentaram um trailer e comentaram sobre a nova s\u00e9rie original \u201cDOM\u201d, baseada na hist\u00f3ria real do chefe de quadrilha Pedro Dom e de seu pai, que era agente de pol\u00edcia e lutava contra as drogas.<\/p>\n<p>J\u00e1 as atra\u00e7\u00f5es internacionais ficaram por parte das s\u00e9ries The Expanse, Star Trek: Picard e o hit The Boys.<\/p>\n<p>O elenco de The Expanse falou sobre a import\u00e2ncia dos f\u00e3s para o sucesso da s\u00e9rie, principalmente considerando que a mesma chegou a ser cancelada pelo Syfy e depois, gra\u00e7as \u00e0 press\u00e3o dos f\u00e3s, foi resgatada pela Amazon Prime Video, nova respons\u00e1vel pela produ\u00e7\u00e3o. Vimos um v\u00eddeo exclusivo com cenas da quarta temporada, que tem estreia garantida para 2020.<\/p>\n<p>Outra nova promessa da Amazon Prime Video \u00e9 a s\u00e9rie Star Trek: Picard, com o lend\u00e1rio Sir Patrick Stewart reprisando seu papel e apesar dele n\u00e3o ter vindo para a CCXP, mandou um recado especial para os f\u00e3s brasileiros e o resto do elenco marcou presen\u00e7a, entre eles o ator Jonathan Del Arco, velho conhecido dos f\u00e3s, que tamb\u00e9m vai reprisar o seu papel de Hugh Borg, interpretado originalmente por ele em Star Trek: Next Generation. Vimos um pequeno clipe da primeira temporada da s\u00e9rie, mas sem spoilers, quase nada da trama foi relevado! O que os atores puderam compartilhar \u00e9 que a ess\u00eancia da saga estar\u00e1 presente e a hist\u00f3ria vai agradar a todos os tipos de f\u00e3s.<\/p>\n<p><img decoding=\"async\" class=\"aligncenter size-large wp-image-74909\" src=\"http:\/\/supercinemaup.com\/wp-content\/uploads\/2019\/12\/CCXP2019_Dia2_Cinemark_TheBoys_TINE_IHF-3-1024x684.jpg\" alt=\"\" width=\"1024\" height=\"684\" srcset=\"https:\/\/www.cinemaup.com.br\/wp-content\/uploads\/2019\/12\/CCXP2019_Dia2_Cinemark_TheBoys_TINE_IHF-3-1024x684.jpg 1024w, https:\/\/www.cinemaup.com.br\/wp-content\/uploads\/2019\/12\/CCXP2019_Dia2_Cinemark_TheBoys_TINE_IHF-3-150x100.jpg 150w, https:\/\/www.cinemaup.com.br\/wp-content\/uploads\/2019\/12\/CCXP2019_Dia2_Cinemark_TheBoys_TINE_IHF-3-320x214.jpg 320w, https:\/\/www.cinemaup.com.br\/wp-content\/uploads\/2019\/12\/CCXP2019_Dia2_Cinemark_TheBoys_TINE_IHF-3-1080x721.jpg 1080w, https:\/\/www.cinemaup.com.br\/wp-content\/uploads\/2019\/12\/CCXP2019_Dia2_Cinemark_TheBoys_TINE_IHF-3-24x16.jpg 24w, https:\/\/www.cinemaup.com.br\/wp-content\/uploads\/2019\/12\/CCXP2019_Dia2_Cinemark_TheBoys_TINE_IHF-3-36x24.jpg 36w, https:\/\/www.cinemaup.com.br\/wp-content\/uploads\/2019\/12\/CCXP2019_Dia2_Cinemark_TheBoys_TINE_IHF-3-48x32.jpg 48w\" sizes=\"(max-width: 1024px) 100vw, 1024px\" \/><\/p>\n<p>Por fim, o elenco de The Boys levou o p\u00fablico \u00e0 loucura. A s\u00e9rie que estreou no segundo semestre desse ano j\u00e1 \u00e9 o maior sucesso da Amazon Prime Video at\u00e9 o momento e tem segunda temporada marcada para o meio de 2020. O trailer exclusivo reflete o que os atores prometeram no painel: muito mais sangue e muito mais insanidade, inclusive o ator <strong>Anthony Starr<\/strong>, o famoso Homelander, contou que as cenas que gravou para essa nova temporada foram as mais loucas que ele j\u00e1 fez na vida. Algu\u00e9m duvida?<\/p>\n<p>Se voc\u00ea gosta de verdade desse mundo, n\u00e3o pode perder a chance de carregar os personagens DC com voc\u00ea em seu cart\u00e3o de cr\u00e9dito! Somente a <a href=\"https:\/\/www.trigg.com.br\/parceiro\/cinemaup\" target=\"_blank\" rel=\"noopener\">Trigg<\/a> possibilita isso para voc\u00ea, incluindo no hall de seus cart\u00f5es personalizados o Batman, Superman, Mulher-Maravilha, Aquaman, Coringa e agora a Arlequina. <a href=\"https:\/\/www.trigg.com.br\/parceiro\/cinemaup\" target=\"_blank\" rel=\"noopener\">Pe\u00e7a o seu cart\u00e3o aqui, e conhe\u00e7a as in\u00fameras vantagens de Trigg<\/a>.<\/p>\n<p>E mais! Utilizando o c\u00f3digo <strong>CINEMAUP<\/strong> voc\u00ea vai receber um desconto especial na sua fatura! N\u00e3o vai perder n\u00e9? #BeTrigg<\/p>","protected":false},"excerpt":{"rendered":"<p>A Amazon Prime Video deixou de vez sua marca na CCXP com um painel cheio de conte\u00fado exclusivo nesse sexta-feira. Essa foi a segunda CCXP do streaming, mas a primeira nessa dimens\u00e3o. Al\u00e9m do estande com ativa\u00e7\u00f5es incr\u00edveis, a Amazon tamb\u00e9m apresentou suas novidades para o Audit\u00f3rio Cinemark XD, num painel de 2 horas e [&hellip;]<\/p>","protected":false},"author":60,"featured_media":74907,"comment_status":"closed","ping_status":"open","sticky":false,"template":"","format":"standard","meta":{"_exactmetrics_skip_tracking":false,"_exactmetrics_sitenote_active":false,"_exactmetrics_sitenote_note":"","_exactmetrics_sitenote_category":0,"footnotes":""},"categories":[9067],"tags":[2547,8558,15395,6063,15397,14758,15396,6081,15394,15398,6284],"_links":{"self":[{"href":"https:\/\/www.cinemaup.com.br\/en\/wp-json\/wp\/v2\/posts\/74906"}],"collection":[{"href":"https:\/\/www.cinemaup.com.br\/en\/wp-json\/wp\/v2\/posts"}],"about":[{"href":"https:\/\/www.cinemaup.com.br\/en\/wp-json\/wp\/v2\/types\/post"}],"author":[{"embeddable":true,"href":"https:\/\/www.cinemaup.com.br\/en\/wp-json\/wp\/v2\/users\/60"}],"replies":[{"embeddable":true,"href":"https:\/\/www.cinemaup.com.br\/en\/wp-json\/wp\/v2\/comments?post=74906"}],"version-history":[{"count":2,"href":"https:\/\/www.cinemaup.com.br\/en\/wp-json\/wp\/v2\/posts\/74906\/revisions"}],"predecessor-version":[{"id":76004,"href":"https:\/\/www.cinemaup.com.br\/en\/wp-json\/wp\/v2\/posts\/74906\/revisions\/76004"}],"wp:featuredmedia":[{"embeddable":true,"href":"https:\/\/www.cinemaup.com.br\/en\/wp-json\/wp\/v2\/media\/74907"}],"wp:attachment":[{"href":"https:\/\/www.cinemaup.com.br\/en\/wp-json\/wp\/v2\/media?parent=74906"}],"wp:term":[{"taxonomy":"category","embeddable":true,"href":"https:\/\/www.cinemaup.com.br\/en\/wp-json\/wp\/v2\/categories?post=74906"},{"taxonomy":"post_tag","embeddable":true,"href":"https:\/\/www.cinemaup.com.br\/en\/wp-json\/wp\/v2\/tags?post=74906"}],"curies":[{"name":"wp","href":"https:\/\/api.w.org\/{rel}","templated":true}]}}