{"id":74912,"date":"2019-12-07T14:51:14","date_gmt":"2019-12-07T17:51:14","guid":{"rendered":"http:\/\/supercinemaup.com\/?p=74912"},"modified":"2021-02-06T00:59:04","modified_gmt":"2021-02-06T03:59:04","slug":"ccxp19-frozen-2-e-ovacionado-pelo-publico-do-evento","status":"publish","type":"post","link":"https:\/\/www.cinemaup.com.br\/en\/ccxp19-frozen-2-e-ovacionado-pelo-publico-do-evento\/","title":{"rendered":"CCXP19 | &#8220;FROZEN 2&#8221; \u00c9 OVACIONADO PELO P\u00daBLICO DO EVENTO"},"content":{"rendered":"<p>Pela primeira vez, ap\u00f3s a compra da Fox ter sido oficializada, a Disney chega a um grande evento para realizar seus an\u00fancios. Com filas que registraram mais de 42 horas de esperar, a grande companhia n\u00e3o veio para brincadeira no terceiro dia de CCXP, ocupando toda a programa\u00e7\u00e3o do audit\u00f3rio neste s\u00e1bado.<\/p>\n<p>Abrindo as atividades do dia, <strong>Chris Buck e Peter Del Vecho<\/strong>, diretor e produtor, respectivamente, vieram ao palco para abrirem a exibi\u00e7\u00e3o de &#8220;Frozen 2&#8221;, anima\u00e7\u00e3o que s\u00f3 estreia em 2 de janeiro aqui no Brasil. Arrancando risadas e muitas palmas, o filme certamente agradou as mais de 3000 pessoas que estavam ali no Audit\u00f3rio Cinemark XD.<\/p>\n<p>Ao t\u00e9rmino, o diretor e o produtor do fen\u00f4meno mundial voltaram ao palco do audit\u00f3rio para falar um pouco mais sobre o filme. Peter Del Vecho contou um pouco sobre a import\u00e2ncia de ambientar a anima\u00e7\u00e3o no outono e como marca uma profunda mudan\u00e7a nos personagens. Chris Buck ainda comentou sobre a evolu\u00e7\u00e3o de Olaf e como ele \u00e9 um s\u00edmbolo emocional entre Elsa e Anna.<\/p>\n<p>A nossa cr\u00edtica de Frozen 2 j\u00e1 est\u00e1 dispon\u00edvel e logo mais nessa semana teremos divulgada uma entrevista exclusiva com Chris Buck e Peter Del Vecho, com informa\u00e7\u00f5es interessantes sobre o futuro da franquia!<\/p>\n<p>Em \u201cFrozen\u201d, Elsa temia que seus poderes fossem demais para o mundo. Em \u201cFrozen 2\u201d, ela deve torcer para que sejam o bastante. Da equipe vencedora do Oscar\u00ae \u2014 os diretores Jennifer Lee e Chris Buck, do produtor Peter Del Vecho e os compositores Kristen Anderson-Lopez e Robert Lopez \u2014 e apresentando as vozes de Idina Menzel, Kristen Bell, Jonathan Groff e Josh Gad, \u201cFrozen 2\u201d, do Walt Disney Animation Studios, estreia no Brasil no dia 2 de janeiro de 2020.<\/p>\n<p>Se voc\u00ea gosta de verdade desse universo geek, n\u00e3o pode perder a chance de carregar os personagens DC com voc\u00ea em seu cart\u00e3o de cr\u00e9dito! Somente a <a href=\"https:\/\/www.trigg.com.br\/parceiro\/cinemaup\" target=\"_blank\" rel=\"noopener\">Trigg<\/a> possibilita isso para voc\u00ea, incluindo no hall de seus cart\u00f5es personalizados o Batman, Superman, Mulher-Maravilha, Aquaman, Coringa e agora a Arlequina. <a href=\"https:\/\/www.trigg.com.br\/parceiro\/cinemaup\" target=\"_blank\" rel=\"noopener\">Pe\u00e7a o seu cart\u00e3o aqui, e conhe\u00e7a as in\u00fameras vantagens de Trigg<\/a>.<\/p>\n<p>E mais! Utilizando o c\u00f3digo <strong>CINEMAUP<\/strong> voc\u00ea vai receber um desconto especial na sua fatura! N\u00e3o vai perder n\u00e9? #BeTrigg<\/p>","protected":false},"excerpt":{"rendered":"<p>Pela primeira vez, ap\u00f3s a compra da Fox ter sido oficializada, a Disney chega a um grande evento para realizar seus an\u00fancios. Com filas que registraram mais de 42 horas de esperar, a grande companhia n\u00e3o veio para brincadeira no terceiro dia de CCXP, ocupando toda a programa\u00e7\u00e3o do audit\u00f3rio neste s\u00e1bado. Abrindo as atividades [&hellip;]<\/p>","protected":false},"author":2,"featured_media":74918,"comment_status":"closed","ping_status":"open","sticky":false,"template":"","format":"standard","meta":{"_exactmetrics_skip_tracking":false,"_exactmetrics_sitenote_active":false,"_exactmetrics_sitenote_note":"","_exactmetrics_sitenote_category":0,"footnotes":""},"categories":[1],"tags":[15395,6063,15397,14758,15396,6081,15399,15400,15401,6695,99,15394,2472,2436],"_links":{"self":[{"href":"https:\/\/www.cinemaup.com.br\/en\/wp-json\/wp\/v2\/posts\/74912"}],"collection":[{"href":"https:\/\/www.cinemaup.com.br\/en\/wp-json\/wp\/v2\/posts"}],"about":[{"href":"https:\/\/www.cinemaup.com.br\/en\/wp-json\/wp\/v2\/types\/post"}],"author":[{"embeddable":true,"href":"https:\/\/www.cinemaup.com.br\/en\/wp-json\/wp\/v2\/users\/2"}],"replies":[{"embeddable":true,"href":"https:\/\/www.cinemaup.com.br\/en\/wp-json\/wp\/v2\/comments?post=74912"}],"version-history":[{"count":4,"href":"https:\/\/www.cinemaup.com.br\/en\/wp-json\/wp\/v2\/posts\/74912\/revisions"}],"predecessor-version":[{"id":76084,"href":"https:\/\/www.cinemaup.com.br\/en\/wp-json\/wp\/v2\/posts\/74912\/revisions\/76084"}],"wp:featuredmedia":[{"embeddable":true,"href":"https:\/\/www.cinemaup.com.br\/en\/wp-json\/wp\/v2\/media\/74918"}],"wp:attachment":[{"href":"https:\/\/www.cinemaup.com.br\/en\/wp-json\/wp\/v2\/media?parent=74912"}],"wp:term":[{"taxonomy":"category","embeddable":true,"href":"https:\/\/www.cinemaup.com.br\/en\/wp-json\/wp\/v2\/categories?post=74912"},{"taxonomy":"post_tag","embeddable":true,"href":"https:\/\/www.cinemaup.com.br\/en\/wp-json\/wp\/v2\/tags?post=74912"}],"curies":[{"name":"wp","href":"https:\/\/api.w.org\/{rel}","templated":true}]}}