{"id":75273,"date":"2020-01-23T19:18:21","date_gmt":"2020-01-23T22:18:21","guid":{"rendered":"http:\/\/supercinemaup.com\/?p=75273"},"modified":"2021-02-04T23:25:29","modified_gmt":"2021-02-05T02:25:29","slug":"com-o-clima-de-tropa-de-elite-o-filme-a-divisao-e-uma-boa-opcao-para-os-fas-de-acao-policial","status":"publish","type":"post","link":"https:\/\/www.cinemaup.com.br\/en\/com-o-clima-de-tropa-de-elite-o-filme-a-divisao-e-uma-boa-opcao-para-os-fas-de-acao-policial\/","title":{"rendered":"Com o clima de &#8220;Tropa de Elite&#8221;, o filme &#8220;A Divis\u00e3o&#8221; \u00e9 uma boa op\u00e7\u00e3o para os f\u00e3s de a\u00e7\u00e3o policial"},"content":{"rendered":"<p>Seguindo o exemplo de Carcereiros, o filme A Divis\u00e3o tamb\u00e9m \u00e9 derivado de uma s\u00e9rie original da Globoplay. Nesse caso, baseado em hist\u00f3rias reais.<\/p>\n<p>A Divis\u00e3o retrata um Rio de Janeiro no final da d\u00e9cada de 90, em que uma onda de sequestros tomou a cidade, no ano de 1997 a m\u00e9dia era de 11 por m\u00eas, mas o sequestro da filha do deputado Ven\u00e2ncio Couto (Dalton Vigh) \u00e9 o ponto central da hist\u00f3ria e envolve tr\u00eas policiais chamados como refor\u00e7os para solucionar o caso: Roberta (Nat\u00e1lia Lage), Santiago (Erom Cordeiro) e Ramos (Thelmo Fernandes).<\/p>\n<p>Lembrando o cl\u00e1ssico Tropa de Elite, tanto pela a\u00e7\u00e3o quanto pela viol\u00eancia, a pol\u00edcia e a corrup\u00e7\u00e3o presente nesse meio fazem toda a trama do longa de Vicente Amorim. O filme retrata a atua\u00e7\u00e3o da pol\u00edcia de forma crua e sem rodeios. A falta de \u00e9tica \u00e9 constante tanto para os policiais quanto para o delegado Ben\u00edcio, interpretado por Marcos Palmeira, que \u00e9 o mais corrupto entre eles, mas sempre acaba saindo como her\u00f3i.<\/p>\n<p>O personagem principal \u00e9 Mendon\u00e7a, interpretado por Silvio Guindane, um policial muitas vezes retratado como her\u00f3i, mas que \u00e9 respons\u00e1vel por grande parte das cenas mais violentas, mostrando a ambiguidade que permeia todos os personagens da trama.<\/p>\n<p>Assim como a atua\u00e7\u00e3o certeira e intensa de todo o elenco, a dire\u00e7\u00e3o de Vicente Amorim contribui com o clima de a\u00e7\u00e3o que te envolve do come\u00e7o ao fim, apesar do filme ser um pouco mais longo do que poderia ser.<\/p>\n<p>O enredo trata de forma muita s\u00e9ria a quest\u00e3o corrup\u00e7\u00e3o e viol\u00eancia. Apesar de tratar de um Rio de Janeiro de mais de 20 anos atr\u00e1s, ainda \u00e9 extremamente atual e \u00e9 poss\u00edvel identificar entre os personagens da trama figuras reais que atuam no meio policial at\u00e9 hoje. A hist\u00f3ria n\u00e3o traz muitos elementos originais, nem uma trama super complexa, mas agrada aos f\u00e3s de filmes de a\u00e7\u00e3o, principalmente aos que sentiam falta de um bom filme do g\u00eanero policial desde Tropa de Elite.<\/p>","protected":false},"excerpt":{"rendered":"<p>Seguindo o exemplo de Carcereiros, o filme A Divis\u00e3o tamb\u00e9m \u00e9 derivado de uma s\u00e9rie original da Globoplay. Nesse caso, baseado em hist\u00f3rias reais. A Divis\u00e3o retrata um Rio de Janeiro no final da d\u00e9cada de 90, em que uma onda de sequestros tomou a cidade, no ano de 1997 a m\u00e9dia era de 11 [&hellip;]<\/p>","protected":false},"author":60,"featured_media":75275,"comment_status":"closed","ping_status":"open","sticky":false,"template":"","format":"standard","meta":{"_exactmetrics_skip_tracking":false,"_exactmetrics_sitenote_active":false,"_exactmetrics_sitenote_note":"","_exactmetrics_sitenote_category":0,"footnotes":""},"categories":[9831,2415,2423],"tags":[15574,15577,15579,15576,15578,15575,15580,2016],"_links":{"self":[{"href":"https:\/\/www.cinemaup.com.br\/en\/wp-json\/wp\/v2\/posts\/75273"}],"collection":[{"href":"https:\/\/www.cinemaup.com.br\/en\/wp-json\/wp\/v2\/posts"}],"about":[{"href":"https:\/\/www.cinemaup.com.br\/en\/wp-json\/wp\/v2\/types\/post"}],"author":[{"embeddable":true,"href":"https:\/\/www.cinemaup.com.br\/en\/wp-json\/wp\/v2\/users\/60"}],"replies":[{"embeddable":true,"href":"https:\/\/www.cinemaup.com.br\/en\/wp-json\/wp\/v2\/comments?post=75273"}],"version-history":[{"count":2,"href":"https:\/\/www.cinemaup.com.br\/en\/wp-json\/wp\/v2\/posts\/75273\/revisions"}],"predecessor-version":[{"id":75990,"href":"https:\/\/www.cinemaup.com.br\/en\/wp-json\/wp\/v2\/posts\/75273\/revisions\/75990"}],"wp:featuredmedia":[{"embeddable":true,"href":"https:\/\/www.cinemaup.com.br\/en\/wp-json\/wp\/v2\/media\/75275"}],"wp:attachment":[{"href":"https:\/\/www.cinemaup.com.br\/en\/wp-json\/wp\/v2\/media?parent=75273"}],"wp:term":[{"taxonomy":"category","embeddable":true,"href":"https:\/\/www.cinemaup.com.br\/en\/wp-json\/wp\/v2\/categories?post=75273"},{"taxonomy":"post_tag","embeddable":true,"href":"https:\/\/www.cinemaup.com.br\/en\/wp-json\/wp\/v2\/tags?post=75273"}],"curies":[{"name":"wp","href":"https:\/\/api.w.org\/{rel}","templated":true}]}}