{"id":76250,"date":"2021-02-16T18:00:41","date_gmt":"2021-02-16T21:00:41","guid":{"rendered":"https:\/\/www.supercinemaup.com\/?p=76250"},"modified":"2021-02-16T18:00:45","modified_gmt":"2021-02-16T21:00:45","slug":"incendiar-sem-perder-a-ternura-o-drama-chileno-nona-se-me-molham-eu-os-queimo-traz-uma-reflexao-em-tempos-de-grande-ebulicao-social","status":"publish","type":"post","link":"https:\/\/www.cinemaup.com.br\/en\/incendiar-sem-perder-a-ternura-o-drama-chileno-nona-se-me-molham-eu-os-queimo-traz-uma-reflexao-em-tempos-de-grande-ebulicao-social\/","title":{"rendered":"INCENDIAR SEM PERDER A TERNURA | O DRAMA CHILENO &#8220;NONA: SE ME MOLHAM EU OS QUEIMO&#8221; TRAZ UMA REFLEX\u00c3O EM TEMPOS DE GRANDE EBULI\u00c7\u00c3O SOCIAL"},"content":{"rendered":"<p>O cinema e a pol\u00edtica sempre andaram juntos. A arte como ferramenta de express\u00e3o social \u00e9 algo que se aprimorou com o tempo, seja na literatura, artes pl\u00e1sticas at\u00e9 chegar \u00e0 s\u00e9tima arte.<\/p>\n\n\n\n<p>A hist\u00f3ria do Chile tem uma ferida ainda aberta na contemporaneidade que \u00e9 a ditadura militar no pa\u00eds liderada pelo ex-presidente, o General Augusto Pinochet que durou 27 anos. Tempo de repress\u00e3o e persegui\u00e7\u00e3o pol\u00edtica a opositores que separou e marcou fam\u00edlias para sempre no pa\u00eds sul-americano. O filme \u201c<strong>Nona &#8211; Se me molham eu os queimo<\/strong>\u201d \u00e9 um relato experimental que evidencia essa cicatriz exposta no povo Chileno que mesmo 30 anos ap\u00f3s o fim do regime militar ainda paga a conta da desigualdade social e do alto custo de vida no pa\u00eds que ainda conta com uma pol\u00edtica de previd\u00eancia social que impacta na vida de milhares de idosos.<\/p>\n\n\n\n<p>Isso foi o estopim para uma onda de protestos violentos em Santiago em 2019 que culminaram num plebiscito que prop\u00f4s a constru\u00e7\u00e3o de uma nova constitui\u00e7\u00e3o no pa\u00eds no fim do ano passado.<\/p>\n\n\n\n<figure class=\"wp-block-image size-large\"><img fetchpriority=\"high\" decoding=\"async\" width=\"1024\" height=\"682\" src=\"https:\/\/www.supercinemaup.com\/wp-content\/uploads\/2021\/02\/AA036-1024x682.jpg\" alt=\"\" class=\"wp-image-76251\" srcset=\"https:\/\/www.cinemaup.com.br\/wp-content\/uploads\/2021\/02\/AA036-1024x682.jpg 1024w, https:\/\/www.cinemaup.com.br\/wp-content\/uploads\/2021\/02\/AA036-320x213.jpg 320w, https:\/\/www.cinemaup.com.br\/wp-content\/uploads\/2021\/02\/AA036-150x100.jpg 150w, https:\/\/www.cinemaup.com.br\/wp-content\/uploads\/2021\/02\/AA036-24x16.jpg 24w, https:\/\/www.cinemaup.com.br\/wp-content\/uploads\/2021\/02\/AA036-36x24.jpg 36w, https:\/\/www.cinemaup.com.br\/wp-content\/uploads\/2021\/02\/AA036-48x32.jpg 48w, https:\/\/www.cinemaup.com.br\/wp-content\/uploads\/2021\/02\/AA036.jpg 1471w\" sizes=\"(max-width: 1024px) 100vw, 1024px\" \/><\/figure>\n\n\n\n<p>E neste contexto Nona, uma idosa de 66 anos se auto exila para a cidade litor\u00e2nea de Pichilemu depois de incendiar um ve\u00edculo de um ex- amante. Na nova casa ela se depara com uma s\u00e9rie de inc\u00eandios inexplic\u00e1veis na vizinhan\u00e7a e quanto mais casas s\u00e3o destru\u00eddas pelas chamas conhecemos mais facetas dessa mulher atrav\u00e9s de relatos quase documentais do seu dia a dia.&nbsp;<\/p>\n\n\n\n<p>Uma hist\u00f3ria que conta a experi\u00eancia da resist\u00eancia e da luta como met\u00e1fora para pr\u00f3pria hist\u00f3ria do pa\u00eds que num momento de ebuli\u00e7\u00e3o social conseguiu for\u00e7ar o governo a promulgar mudan\u00e7as importantes na constitui\u00e7\u00e3o diante de um caos social que durou 1 ano e n\u00e3o parou diante da pandemia.<\/p>\n\n\n\n<p>Nona \u00e9 o exemplo dessa resist\u00eancia, que mesmo que tentem lhe calar com \u00e1gua como os canh\u00f5es d\u2019\u00e1gua do ex\u00e9rcito faziam com os manifestantes ela sempre vai responder com o fogo dos seus coquet\u00e9is molotov.<\/p>\n\n\n\n<figure class=\"wp-block-image size-large\"><img decoding=\"async\" width=\"1024\" height=\"576\" src=\"https:\/\/www.supercinemaup.com\/wp-content\/uploads\/2021\/02\/NONA_STILLS_05-1024x576.jpg\" alt=\"\" class=\"wp-image-76252\" srcset=\"https:\/\/www.cinemaup.com.br\/wp-content\/uploads\/2021\/02\/NONA_STILLS_05-1024x576.jpg 1024w, https:\/\/www.cinemaup.com.br\/wp-content\/uploads\/2021\/02\/NONA_STILLS_05-320x180.jpg 320w, https:\/\/www.cinemaup.com.br\/wp-content\/uploads\/2021\/02\/NONA_STILLS_05-150x84.jpg 150w, https:\/\/www.cinemaup.com.br\/wp-content\/uploads\/2021\/02\/NONA_STILLS_05-1536x864.jpg 1536w, https:\/\/www.cinemaup.com.br\/wp-content\/uploads\/2021\/02\/NONA_STILLS_05-24x14.jpg 24w, https:\/\/www.cinemaup.com.br\/wp-content\/uploads\/2021\/02\/NONA_STILLS_05-36x20.jpg 36w, https:\/\/www.cinemaup.com.br\/wp-content\/uploads\/2021\/02\/NONA_STILLS_05-48x27.jpg 48w, https:\/\/www.cinemaup.com.br\/wp-content\/uploads\/2021\/02\/NONA_STILLS_05.jpg 1920w\" sizes=\"(max-width: 1024px) 100vw, 1024px\" \/><\/figure>\n\n\n\n<p>A diretora Camila Jos\u00e9 Donoso conduz a hist\u00f3ria com um lirismo que confunde o espectador entre o drama ficcional e o document\u00e1rio, mas que explode de significado diante do contexto hist\u00f3rico da obra. A montagem e narrativa tem uma pegada lenta e amarra as confusas hist\u00f3rias de Nona e suas in\u00fameras personalidades atrav\u00e9s de uma linguagem \u00e0s vezes at\u00e9 dif\u00edcil para quem assiste.<\/p>\n\n\n\n<p>Essa linha t\u00eanue entre a arte e a realidade \u00e9 um fator fundamental de reflex\u00e3o em tempos estranhos e introspectivos de Pandemia que vivemos no mundo todo, onde movimentos sociais ganham cada vez mais for\u00e7a independente de ideologia mundo afora e a luta contra o sistema se mostra uma tend\u00eancia.<\/p>","protected":false},"excerpt":{"rendered":"<p>O cinema e a pol\u00edtica sempre andaram juntos. A arte como ferramenta de express\u00e3o social \u00e9 algo que se aprimorou com o tempo, seja na literatura, artes pl\u00e1sticas at\u00e9 chegar \u00e0 s\u00e9tima arte. A hist\u00f3ria do Chile tem uma ferida ainda aberta na contemporaneidade que \u00e9 a ditadura militar no pa\u00eds liderada pelo ex-presidente, o [&hellip;]<\/p>","protected":false},"author":51,"featured_media":76253,"comment_status":"closed","ping_status":"open","sticky":false,"template":"","format":"standard","meta":{"_exactmetrics_skip_tracking":false,"_exactmetrics_sitenote_active":false,"_exactmetrics_sitenote_note":"","_exactmetrics_sitenote_category":0,"footnotes":""},"categories":[9831,2415,2423],"tags":[15836,15838,15837,15835],"_links":{"self":[{"href":"https:\/\/www.cinemaup.com.br\/en\/wp-json\/wp\/v2\/posts\/76250"}],"collection":[{"href":"https:\/\/www.cinemaup.com.br\/en\/wp-json\/wp\/v2\/posts"}],"about":[{"href":"https:\/\/www.cinemaup.com.br\/en\/wp-json\/wp\/v2\/types\/post"}],"author":[{"embeddable":true,"href":"https:\/\/www.cinemaup.com.br\/en\/wp-json\/wp\/v2\/users\/51"}],"replies":[{"embeddable":true,"href":"https:\/\/www.cinemaup.com.br\/en\/wp-json\/wp\/v2\/comments?post=76250"}],"version-history":[{"count":1,"href":"https:\/\/www.cinemaup.com.br\/en\/wp-json\/wp\/v2\/posts\/76250\/revisions"}],"predecessor-version":[{"id":76254,"href":"https:\/\/www.cinemaup.com.br\/en\/wp-json\/wp\/v2\/posts\/76250\/revisions\/76254"}],"wp:featuredmedia":[{"embeddable":true,"href":"https:\/\/www.cinemaup.com.br\/en\/wp-json\/wp\/v2\/media\/76253"}],"wp:attachment":[{"href":"https:\/\/www.cinemaup.com.br\/en\/wp-json\/wp\/v2\/media?parent=76250"}],"wp:term":[{"taxonomy":"category","embeddable":true,"href":"https:\/\/www.cinemaup.com.br\/en\/wp-json\/wp\/v2\/categories?post=76250"},{"taxonomy":"post_tag","embeddable":true,"href":"https:\/\/www.cinemaup.com.br\/en\/wp-json\/wp\/v2\/tags?post=76250"}],"curies":[{"name":"wp","href":"https:\/\/api.w.org\/{rel}","templated":true}]}}