{"id":76631,"date":"2021-03-13T16:58:55","date_gmt":"2021-03-13T19:58:55","guid":{"rendered":"https:\/\/www.supercinemaup.com\/?p=76631"},"modified":"2021-03-22T20:00:13","modified_gmt":"2021-03-22T23:00:13","slug":"supercinema-cast-wandavision-e-a-fase-4-do-mcu","status":"publish","type":"post","link":"https:\/\/www.cinemaup.com.br\/en\/supercinema-cast-wandavision-e-a-fase-4-do-mcu\/","title":{"rendered":"SuperCinema Cast | Wandavision e a Fase 4 do MCU"},"content":{"rendered":"<h4 class=\"wp-block-heading\">A Marvel&nbsp; Studios estreou com o p\u00e9 direito no cat\u00e1logo do Disney Plus com a s\u00e9rie Wandavision e o SuperCinema Cast traz o veredito dos 9 epis\u00f3dios nesta semana.<\/h4>\n\n\n\n<p>A jornada do luto de Wanda Maximoff para se tornar a Feiticeira Escarlate, a volta do Vis\u00e3o, os g\u00eameos, Agatha Harkness e o futuro do MCU na fase 4, tudo isso em debate com Leonardo Vieira, J\u00falia Rezende&nbsp; e Leonardo Lopes.<\/p>\n\n\n\n<p>O epis\u00f3dio dessa semana voc\u00ea confere aqui:<\/p>\n\n\n\n<figure class=\"wp-block-embed is-type-rich is-provider-spotify wp-block-embed-spotify wp-embed-aspect-21-9 wp-has-aspect-ratio\"><div class=\"wp-block-embed__wrapper\">\n<iframe title=\"Spotify Embed: SuperCinema Cast\" style=\"border-radius: 12px\" width=\"100%\" height=\"152\" frameborder=\"0\" allowfullscreen allow=\"autoplay; clipboard-write; encrypted-media; fullscreen; picture-in-picture\" loading=\"lazy\" src=\"https:\/\/open.spotify.com\/embed\/show\/6YgABX2jKknbYtS93pYSY3?si=d1d537d1ed4546d4&#038;utm_source=oembed\"><\/iframe>\n<\/div><\/figure>\n\n\n\n<p>Tamb\u00e9m dispon\u00edvel no <strong><a href=\"https:\/\/podcasts.google.com\/feed\/aHR0cHM6Ly9hbmNob3IuZm0vcy80ZWMzNjhkMC9wb2RjYXN0L3Jzcw?sa=X&amp;ved=0CAMQ4aUDahcKEwjw9puXhK7vAhUAAAAAHQAAAAAQAg\">Google Podcasts<\/a><\/strong>, <strong><a href=\"https:\/\/podcasts.apple.com\/br\/podcast\/supercinema-cast\/id1555848624\">Apple Podcast<\/a><\/strong> e <strong><a href=\"https:\/\/deezer.page.link\/uDvAjA5owkTcUfAAA\">Deezer<\/a><\/strong>.<\/p>","protected":false},"excerpt":{"rendered":"<p>A Marvel&nbsp; Studios estreou com o p\u00e9 direito no cat\u00e1logo do Disney Plus com a s\u00e9rie Wandavision e o SuperCinema Cast traz o veredito dos 9 epis\u00f3dios nesta semana. A jornada do luto de Wanda Maximoff para se tornar a Feiticeira Escarlate, a volta do Vis\u00e3o, os g\u00eameos, Agatha Harkness e o futuro do MCU [&hellip;]<\/p>","protected":false},"author":51,"featured_media":76637,"comment_status":"closed","ping_status":"open","sticky":false,"template":"","format":"standard","meta":{"_exactmetrics_skip_tracking":false,"_exactmetrics_sitenote_active":false,"_exactmetrics_sitenote_note":"","_exactmetrics_sitenote_category":0,"footnotes":""},"categories":[15934],"tags":[15827,99,13883,15904,15903,10801,15826],"_links":{"self":[{"href":"https:\/\/www.cinemaup.com.br\/en\/wp-json\/wp\/v2\/posts\/76631"}],"collection":[{"href":"https:\/\/www.cinemaup.com.br\/en\/wp-json\/wp\/v2\/posts"}],"about":[{"href":"https:\/\/www.cinemaup.com.br\/en\/wp-json\/wp\/v2\/types\/post"}],"author":[{"embeddable":true,"href":"https:\/\/www.cinemaup.com.br\/en\/wp-json\/wp\/v2\/users\/51"}],"replies":[{"embeddable":true,"href":"https:\/\/www.cinemaup.com.br\/en\/wp-json\/wp\/v2\/comments?post=76631"}],"version-history":[{"count":3,"href":"https:\/\/www.cinemaup.com.br\/en\/wp-json\/wp\/v2\/posts\/76631\/revisions"}],"predecessor-version":[{"id":76636,"href":"https:\/\/www.cinemaup.com.br\/en\/wp-json\/wp\/v2\/posts\/76631\/revisions\/76636"}],"wp:featuredmedia":[{"embeddable":true,"href":"https:\/\/www.cinemaup.com.br\/en\/wp-json\/wp\/v2\/media\/76637"}],"wp:attachment":[{"href":"https:\/\/www.cinemaup.com.br\/en\/wp-json\/wp\/v2\/media?parent=76631"}],"wp:term":[{"taxonomy":"category","embeddable":true,"href":"https:\/\/www.cinemaup.com.br\/en\/wp-json\/wp\/v2\/categories?post=76631"},{"taxonomy":"post_tag","embeddable":true,"href":"https:\/\/www.cinemaup.com.br\/en\/wp-json\/wp\/v2\/tags?post=76631"}],"curies":[{"name":"wp","href":"https:\/\/api.w.org\/{rel}","templated":true}]}}