{"id":77363,"date":"2021-04-07T20:14:20","date_gmt":"2021-04-07T23:14:20","guid":{"rendered":"https:\/\/www.supercinemaup.com\/?p=77363"},"modified":"2021-04-08T11:22:18","modified_gmt":"2021-04-08T14:22:18","slug":"o-protocolo-auschwitz-uma-triste-historia-que-nao-deve-ser-apagada","status":"publish","type":"post","link":"https:\/\/www.cinemaup.com.br\/en\/o-protocolo-auschwitz-uma-triste-historia-que-nao-deve-ser-apagada\/","title":{"rendered":"O PROTOCOLO AUSCHWITZ | UMA TRISTE HIST\u00d3RIA QUE N\u00c3O DEVE SER APAGADA"},"content":{"rendered":"<div data-elementor-type=\"wp-post\" data-elementor-id=\"77363\" class=\"elementor elementor-77363\">\n\t\t\t\t\t\t<section class=\"elementor-section elementor-top-section elementor-element elementor-element-3472a468 elementor-section-boxed elementor-section-height-default elementor-section-height-default\" data-id=\"3472a468\" data-element_type=\"section\">\n\t\t\t\t\t\t<div class=\"elementor-container elementor-column-gap-default\">\n\t\t\t\t\t<div class=\"elementor-column elementor-col-100 elementor-top-column elementor-element elementor-element-71b2f445\" data-id=\"71b2f445\" data-element_type=\"column\">\n\t\t\t<div class=\"elementor-widget-wrap elementor-element-populated\">\n\t\t\t\t\t\t<div class=\"elementor-element elementor-element-2fc22bc4 elementor-widget elementor-widget-text-editor\" data-id=\"2fc22bc4\" data-element_type=\"widget\" data-widget_type=\"text-editor.default\">\n\t\t\t\t<div class=\"elementor-widget-container\">\n\t\t\t\t\t\t\t<p><!-- wp:heading {\"level\":4} --><\/p>\n<h4>Longa europeu \u201cO Protocolo Auschwitz\u201d relembra o plano de fuga que revelou os horrores dos campos de concentra\u00e7\u00e3o.<\/h4>\n<div>&nbsp;<\/div>\n<p><script async=\"\" src=\"https:\/\/pagead2.googlesyndication.com\/pagead\/js\/adsbygoogle.js\"><\/script><br>\n<ins class=\"adsbygoogle\" style=\"display: block; text-align: center; height: 175px;\" data-ad-layout=\"in-article\" data-ad-format=\"fluid\" data-ad-client=\"ca-pub-1889099417289372\" data-ad-slot=\"3457777909\" data-adsbygoogle-status=\"done\"><ins id=\"aswift_4_expand\" style=\"display:inline-table;border:none;height:175px;margin:0;padding:0;position:relative;visibility:visible;width:700px;background-color:transparent;\" tabindex=\"0\" title=\"Advertisement\" aria-label=\"Advertisement\"><ins id=\"aswift_4_anchor\" style=\"display:block;border:none;height:175px;margin:0;padding:0;position:relative;visibility:visible;width:700px;background-color:transparent;\"><iframe id=\"aswift_4\" name=\"aswift_4\" style=\"left:0;position:absolute;top:0;border:0;width:700px;height:175px;\" sandbox=\"allow-forms allow-popups allow-popups-to-escape-sandbox allow-same-origin allow-scripts allow-top-navigation-by-user-activation\" width=\"700\" height=\"175\" frameborder=\"0\" src=\"https:\/\/googleads.g.doubleclick.net\/pagead\/ads?client=ca-pub-1889099417289372&amp;output=html&amp;h=175&amp;slotname=3457777909&amp;adk=2771176919&amp;adf=3432014646&amp;pi=t.ma~as.3457777909&amp;w=700&amp;fwrn=3&amp;lmt=1617891649&amp;rafmt=11&amp;tp=site_kit&amp;psa=1&amp;format=700x175&amp;url=https%3A%2F%2Fwww.supercinemaup.com%2F%3Fp%3D77363%26elementor-preview%3D77363%26ver%3D1617891512&amp;flash=0&amp;wgl=1&amp;adsid=ChAI8NO6gwYQsIXBga2WxP9kEj0Al2HX2CQxC73D-S-n9cuKvzYM641yE_fXoYqxVaGx8dLewTaf2dqb1wT90JGUI2W2bxjuRYhXSZihfUra&amp;uach=WyJXaW5kb3dzIiwiMTAuMCIsIng4NiIsIiIsIjg5LjAuNDM4OS4xMTQiLFtdXQ..&amp;dt=1617891649745&amp;bpp=30&amp;bdt=133567&amp;idt=30&amp;shv=r20210406&amp;cbv=r20190131&amp;ptt=9&amp;saldr=aa&amp;cookie=ID%3Df8bfa558bf5fdcfe-2265ff1930b9008c%3AT%3D1615646192%3ART%3D1615646192%3AS%3DALNI_MYNJ0quhgW0J9twgXU7hTu_zbUi-A&amp;prev_fmts=0x0%2C270x600%2C958x280%2C700x175%2C700x175&amp;nras=1&amp;correlator=745579222240&amp;frm=21&amp;ife=1&amp;pv=1&amp;ga_vid=554307202.1615432861&amp;ga_sid=1617891519&amp;ga_hid=1299837139&amp;ga_fc=0&amp;nhd=1&amp;rplot=4&amp;u_tz=-180&amp;u_his=9&amp;u_java=0&amp;u_h=1080&amp;u_w=1920&amp;u_ah=1040&amp;u_aw=1920&amp;u_cd=24&amp;u_nplug=3&amp;u_nmime=4&amp;adx=564&amp;ady=-71&amp;biw=1920&amp;bih=937&amp;isw=1622&amp;ish=937&amp;ifk=1390926279&amp;scr_x=0&amp;scr_y=0&amp;eid=31060288%2C44735932%2C44740079%2C44739387%2C21065725&amp;oid=3&amp;psts=AGkb-H9wEkza9AXC86g5_h-xflDQuQMlVnlx4chdPBoepOLtNYKgcOuiNQcWTNgTh6Y-iDV1O4YHjHr0acSFLg%2CAGkb-H-hIeKZyDKgVZvrz5HTX8byoTCCFIUd37aK-9d9z9dC6Mjc_JRTeaAJhU2Ouil02hzfVrSuuZSaAL-AknM&amp;pvsid=4251628841422528&amp;pem=646&amp;ref=https%3A%2F%2Fwww.supercinemaup.com%2Fwp-admin%2Fpost.php%3Fpost%3D77363%26action%3Dedit&amp;top=https%3A%2F%2Fwww.supercinemaup.com%2Fwp-admin%2Fpost.php%3Fpost%3D77363%26action%3Delementor%23&amp;eae=0&amp;fc=1664&amp;brdim=0%2C0%2C0%2C0%2C1920%2C0%2C1920%2C1040%2C1622%2C937&amp;vis=1&amp;rsz=%7C%7CoeE%7C&amp;abl=CS&amp;pfx=0&amp;fu=132&amp;bc=31&amp;jar=2021-04-08-14&amp;ifi=7&amp;uci=7.eor83wbckwz9&amp;fsb=1&amp;xpc=mFKQQgoCOS&amp;p=https%3A\/\/www.supercinemaup.com&amp;dtd=83\" marginwidth=\"0\" marginheight=\"0\" vspace=\"0\" hspace=\"0\" allowtransparency=\"true\" scrolling=\"no\" allowfullscreen=\"true\" allow=\"conversion-measurement 'src'\" data-google-container-id=\"7.eor83wbckwz9\" data-google-query-id=\"CNXJx4js7u8CFXDV4wcdJMAKAQ\" data-load-complete=\"true\"><\/iframe><\/ins><\/ins><\/ins><br>\n<script>\n     (adsbygoogle = window.adsbygoogle || []).push({});\n<\/script><\/p>\n<div>&nbsp;<\/div>\n<p><!-- \/wp:heading --><\/p>\n<p><!-- wp:paragraph --><\/p>\n<p>Uma das maiores atrocidades da hist\u00f3ria de humanidade aconteceram no sul da Pol\u00f4nia durante a segunda guerra mundial nos campos de concentra\u00e7\u00e3o e exterm\u00ednio administrados por membros do terceiro Reich e colaboradores do governo nazista de Adolf Hitler. Auschwitz \u00e9 o mais conhecido deles, onde mais de 1,5 milh\u00e3o de pessoas foram executadas. A maior parte dessas pessoas eram judeus de diversas regi\u00f5es da Europa.<\/p>\n<p><!-- \/wp:paragraph --><\/p>\n<p><!-- wp:paragraph --><\/p>\n<p>E todo esse horror era mantido em sigilo pelo governo alem\u00e3o durante a guerra.<\/p>\n<p><!-- \/wp:paragraph --><\/p>\n<p><!-- wp:paragraph --><\/p>\n<p>Essa hist\u00f3ria s\u00f3 ganhou luz gra\u00e7as ao esfor\u00e7o de dois prisioneiros judeus de origem eslovaca Rudolf Vrba e Alfred Wetzler que organizaram um plano quase que improv\u00e1vel de fuga e conseguiram contar o que acontecia naquele lugar.<\/p>\n<p><!-- \/wp:paragraph --><\/p>\n<p><!-- wp:paragraph --><\/p>\n<p>O longa \u201cO Protocolo Auschwitz\u201d recria a atmosfera de terror do local em 1944 e conta a hist\u00f3ria de dois judeus de origem eslovaca que junto com apoio de outros prisioneiros montam um plano de fuga do campo de concentra\u00e7\u00e3o.<\/p>\n<p><!-- \/wp:paragraph --><\/p>\n<p><!-- wp:image {\"id\":77364,\"sizeSlug\":\"large\",\"linkDestination\":\"none\"} --><\/p>\n<figure class=\"wp-block-image size-large\"><img fetchpriority=\"high\" decoding=\"async\" width=\"1024\" height=\"683\" class=\"wp-image-77364\" src=\"https:\/\/www.supercinemaup.com\/wp-content\/uploads\/2021\/04\/O-Protocolo-de-Auschwitz_3-min-1024x683.jpg\" alt=\"\" srcset=\"https:\/\/www.cinemaup.com.br\/wp-content\/uploads\/2021\/04\/O-Protocolo-de-Auschwitz_3-min-1024x683.jpg 1024w, https:\/\/www.cinemaup.com.br\/wp-content\/uploads\/2021\/04\/O-Protocolo-de-Auschwitz_3-min-320x214.jpg 320w, https:\/\/www.cinemaup.com.br\/wp-content\/uploads\/2021\/04\/O-Protocolo-de-Auschwitz_3-min-150x100.jpg 150w, https:\/\/www.cinemaup.com.br\/wp-content\/uploads\/2021\/04\/O-Protocolo-de-Auschwitz_3-min-1536x1025.jpg 1536w, https:\/\/www.cinemaup.com.br\/wp-content\/uploads\/2021\/04\/O-Protocolo-de-Auschwitz_3-min-2048x1367.jpg 2048w, https:\/\/www.cinemaup.com.br\/wp-content\/uploads\/2021\/04\/O-Protocolo-de-Auschwitz_3-min-24x16.jpg 24w, https:\/\/www.cinemaup.com.br\/wp-content\/uploads\/2021\/04\/O-Protocolo-de-Auschwitz_3-min-36x24.jpg 36w, https:\/\/www.cinemaup.com.br\/wp-content\/uploads\/2021\/04\/O-Protocolo-de-Auschwitz_3-min-48x32.jpg 48w\" sizes=\"(max-width: 1024px) 100vw, 1024px\" \/><\/figure>\n<p><!-- \/wp:image --><\/p>\n<p><!-- wp:paragraph --><\/p>\n<p><br><\/p><p>Durante 3 dias, Freddy e Walter ficam escondidos num buraco debaixo de bases de madeira embebidas em gasolina para disfar\u00e7ar o cheiro deles para que n\u00e3o fossem localizados pelos c\u00e3es dos guardas. Enquanto isso, todos os outros prisioneiros foram torturados com frio e fome em fila para que dissessem onde estavam os desaparecidos. Aproveitando uma distra\u00e7\u00e3o dos guardas a dupla conseguiu deixar o campo de concentra\u00e7\u00e3o e seguir em dire\u00e7\u00e3o a fronteira entre a Pol\u00f4nia e a Eslov\u00e1quia para pedir ajuda para as autoridades daquele pa\u00eds.<\/p>\n<p><!-- \/wp:paragraph --><\/p>\n<p><!-- wp:paragraph --><\/p>\n<p>A produ\u00e7\u00e3o, que \u00e9 uma parceria entre Eslov\u00e1quia, Alemanha e Rep\u00fablica Tcheca, aposta numa fotografia bem interessante, colocando o ponto de vista do espectador pr\u00f3ximo do olhar dos protagonistas. Algumas tomadas causam desconforto por estarem fora do eixo normal, mas desconforto \u00e9 a melhor forma de se inserir na hist\u00f3ria e entend\u00ea-la. Outro ponto positivo s\u00e3o as cores que n\u00e3o s\u00e3o vivas no filme e h\u00e1 uma altern\u00e2ncia entre momentos cinzentos e poucos momentos coloridos que combinam bastante com o inverno europeu na regi\u00e3o e o clima triste e buc\u00f3lico do local.<\/p>\n<script async src=\"https:\/\/pagead2.googlesyndication.com\/pagead\/js\/adsbygoogle.js\"><\/script>\n<ins class=\"adsbygoogle\"\n     style=\"display:block; text-align:center;\"\n     data-ad-layout=\"in-article\"\n     data-ad-format=\"fluid\"\n     data-ad-client=\"ca-pub-1889099417289372\"\n     data-ad-slot=\"3457777909\"><\/ins>\n<script>\n     (adsbygoogle = window.adsbygoogle || []).push({});\n<\/script>\n\n<p><br><\/p><p><br><\/p>\n<p><!-- \/wp:paragraph --><\/p>\n<p><!-- wp:image {\"id\":77366,\"sizeSlug\":\"large\",\"linkDestination\":\"none\"} --><\/p>\n<figure class=\"wp-block-image size-large\"><img decoding=\"async\" width=\"1024\" height=\"683\" class=\"wp-image-77366\" src=\"https:\/\/www.supercinemaup.com\/wp-content\/uploads\/2021\/04\/O-Protocolo-de-Auschwitz_2-min-1024x683.jpg\" alt=\"\" srcset=\"https:\/\/www.cinemaup.com.br\/wp-content\/uploads\/2021\/04\/O-Protocolo-de-Auschwitz_2-min-1024x683.jpg 1024w, https:\/\/www.cinemaup.com.br\/wp-content\/uploads\/2021\/04\/O-Protocolo-de-Auschwitz_2-min-320x213.jpg 320w, https:\/\/www.cinemaup.com.br\/wp-content\/uploads\/2021\/04\/O-Protocolo-de-Auschwitz_2-min-150x100.jpg 150w, https:\/\/www.cinemaup.com.br\/wp-content\/uploads\/2021\/04\/O-Protocolo-de-Auschwitz_2-min-1536x1024.jpg 1536w, https:\/\/www.cinemaup.com.br\/wp-content\/uploads\/2021\/04\/O-Protocolo-de-Auschwitz_2-min-2048x1365.jpg 2048w, https:\/\/www.cinemaup.com.br\/wp-content\/uploads\/2021\/04\/O-Protocolo-de-Auschwitz_2-min-24x16.jpg 24w, https:\/\/www.cinemaup.com.br\/wp-content\/uploads\/2021\/04\/O-Protocolo-de-Auschwitz_2-min-36x24.jpg 36w, https:\/\/www.cinemaup.com.br\/wp-content\/uploads\/2021\/04\/O-Protocolo-de-Auschwitz_2-min-48x32.jpg 48w\" sizes=\"(max-width: 1024px) 100vw, 1024px\" \/><\/figure>\n<p><!-- \/wp:image --><\/p>\n<p><!-- wp:paragraph --><\/p>\n<p>A dire\u00e7\u00e3o do Peter Bebjack acerta o tom em n\u00e3o priorizar torturas e horrores j\u00e1 conhecidos na hist\u00f3ria de Auschwitz e priorizar o drama e o sacrif\u00edcio dos protagonistas mas, peca num ritmo lento demais para a hist\u00f3ria.<\/p>\n<p><!-- \/wp:paragraph --><\/p>\n<p><!-- wp:paragraph --><\/p>\n<p>Quase 80 anos ap\u00f3s a segunda guerra o filme e a hist\u00f3ria baseada em fatos de \u201cO Protocolo Auschwitz\u201d se faz necess\u00e1ria num momento de grande desinforma\u00e7\u00e3o no mundo todo onde alguns grupos inclusive tentam negar as atrocidades do governo nazista e subverter fatos e propagar ideias supremacistas de extrema direita e isso \u00e9 exemplificado nos cr\u00e9ditos finais do filme com falas reais e atuais de v\u00e1rios l\u00edderes mundiais, entre eles o presidente brasileiro Jair Bolsonaro, propagando discursos de \u00f3dio seja contra judeus, \u00edndios, negros, gays, ciganos, imigrantes outras minorias etn\u00edcas e religiosas.<\/p>\n<p><!-- \/wp:paragraph --><\/p>\n<p><!-- wp:paragraph --><\/p>\n<p>Uma cena no terceiro ato que mostra Freddy e Walter revelando para uma incr\u00e9dula autoridade Eslovaca sobre os massacres e os n\u00fameros de execu\u00e7\u00f5es di\u00e1rias nas c\u00e2maras de g\u00e1s que remete a descren\u00e7a nos dias atuais com a contagem intermin\u00e1vel de mortos v\u00edtimas da Pandemia do novo Coronav\u00edrus Brasil e faz todo sentido com a cita\u00e7\u00e3o do fil\u00f3sofo espanhol George Santayana \u201cAqueles que n\u00e3o se lembram do passado est\u00e3o condenados a repeti-lo\u201d.<\/p>\n<p><!-- \/wp:paragraph --><\/p>\n<script async src=\"https:\/\/pagead2.googlesyndication.com\/pagead\/js\/adsbygoogle.js\"><\/script>\n<ins class=\"adsbygoogle\"\n     style=\"display:block; text-align:center;\"\n     data-ad-layout=\"in-article\"\n     data-ad-format=\"fluid\"\n     data-ad-client=\"ca-pub-1889099417289372\"\n     data-ad-slot=\"3457777909\"><\/ins>\n<script>\n     (adsbygoogle = window.adsbygoogle || []).push({});\n<\/script>\t\t\t\t\t\t<\/div>\n\t\t\t\t<\/div>\n\t\t\t\t\t<\/div>\n\t\t<\/div>\n\t\t\t\t\t<\/div>\n\t\t<\/section>\n\t\t\t\t<\/div>","protected":false},"excerpt":{"rendered":"<p>Longa europeu \u201cO Protocolo Auschwitz\u201d relembra o plano de fuga que revelou os horrores dos campos de concentra\u00e7\u00e3o. &nbsp; &nbsp; Uma das maiores atrocidades da hist\u00f3ria de humanidade aconteceram no sul da Pol\u00f4nia durante a segunda guerra mundial nos campos de concentra\u00e7\u00e3o e exterm\u00ednio administrados por membros do terceiro Reich e colaboradores do governo nazista [&hellip;]<\/p>","protected":false},"author":51,"featured_media":77367,"comment_status":"closed","ping_status":"open","sticky":false,"template":"","format":"standard","meta":{"_exactmetrics_skip_tracking":false,"_exactmetrics_sitenote_active":false,"_exactmetrics_sitenote_note":"","_exactmetrics_sitenote_category":0,"footnotes":""},"categories":[2415],"tags":[15985,15986,3602],"_links":{"self":[{"href":"https:\/\/www.cinemaup.com.br\/en\/wp-json\/wp\/v2\/posts\/77363"}],"collection":[{"href":"https:\/\/www.cinemaup.com.br\/en\/wp-json\/wp\/v2\/posts"}],"about":[{"href":"https:\/\/www.cinemaup.com.br\/en\/wp-json\/wp\/v2\/types\/post"}],"author":[{"embeddable":true,"href":"https:\/\/www.cinemaup.com.br\/en\/wp-json\/wp\/v2\/users\/51"}],"replies":[{"embeddable":true,"href":"https:\/\/www.cinemaup.com.br\/en\/wp-json\/wp\/v2\/comments?post=77363"}],"version-history":[{"count":4,"href":"https:\/\/www.cinemaup.com.br\/en\/wp-json\/wp\/v2\/posts\/77363\/revisions"}],"predecessor-version":[{"id":77376,"href":"https:\/\/www.cinemaup.com.br\/en\/wp-json\/wp\/v2\/posts\/77363\/revisions\/77376"}],"wp:featuredmedia":[{"embeddable":true,"href":"https:\/\/www.cinemaup.com.br\/en\/wp-json\/wp\/v2\/media\/77367"}],"wp:attachment":[{"href":"https:\/\/www.cinemaup.com.br\/en\/wp-json\/wp\/v2\/media?parent=77363"}],"wp:term":[{"taxonomy":"category","embeddable":true,"href":"https:\/\/www.cinemaup.com.br\/en\/wp-json\/wp\/v2\/categories?post=77363"},{"taxonomy":"post_tag","embeddable":true,"href":"https:\/\/www.cinemaup.com.br\/en\/wp-json\/wp\/v2\/tags?post=77363"}],"curies":[{"name":"wp","href":"https:\/\/api.w.org\/{rel}","templated":true}]}}