{"id":77595,"date":"2021-04-24T02:25:00","date_gmt":"2021-04-24T05:25:00","guid":{"rendered":"https:\/\/www.supercinemaup.com\/?p=77595"},"modified":"2021-04-27T08:55:20","modified_gmt":"2021-04-27T11:55:20","slug":"falcao-e-soldado-invernal-mostra-que-a-america-precisa-de-um-novo-heroi","status":"publish","type":"post","link":"https:\/\/www.cinemaup.com.br\/en\/falcao-e-soldado-invernal-mostra-que-a-america-precisa-de-um-novo-heroi\/","title":{"rendered":"FALC\u00c3O E SOLDADO INVERNAL MOSTRA QUE A AM\u00c9RICA PRECISA DE UM NOVO HER\u00d3I"},"content":{"rendered":"<p>O mundo n\u00e3o \u00e9 mais o mesmo. O aviso foi dado por Nick Fury (Samuel L. Jackson) ao rec\u00e9m descongelado Steve Rogers (Chris Evans) e quase uma d\u00e9cada depois a hist\u00f3ria se repete agora. Mas nada \u00e9 t\u00e3o simples, para mudar o sistema talvez seja necess\u00e1rio usar o medo ou a coragem.<\/p>\n\n\n\n<p>Ap\u00f3s o fim de \u201cVingadores: Ultimato\u201d, Sam Wilson (Anthony Mackie) recebeu o escudo do envelhecido Steve Rogers, mas n\u00e3o se sentia \u00e0 altura de continuar o legado Capit\u00e3o Am\u00e9rica. A hist\u00f3rica pe\u00e7a de vibranium criada por Howard Stark foi doada a um museu e acabou confiscada pelo governo americano.<\/p>\n\n\n\n<figure class=\"wp-block-image size-large\"><img fetchpriority=\"high\" decoding=\"async\" width=\"1024\" height=\"640\" src=\"https:\/\/www.supercinemaup.com\/wp-content\/uploads\/2021\/04\/the-falcon-and-the-winter-soldier-episode-1-1024x640.jpg\" alt=\"\" class=\"wp-image-77598\" srcset=\"https:\/\/www.cinemaup.com.br\/wp-content\/uploads\/2021\/04\/the-falcon-and-the-winter-soldier-episode-1-1024x640.jpg 1024w, https:\/\/www.cinemaup.com.br\/wp-content\/uploads\/2021\/04\/the-falcon-and-the-winter-soldier-episode-1-320x200.jpg 320w, https:\/\/www.cinemaup.com.br\/wp-content\/uploads\/2021\/04\/the-falcon-and-the-winter-soldier-episode-1-150x94.jpg 150w, https:\/\/www.cinemaup.com.br\/wp-content\/uploads\/2021\/04\/the-falcon-and-the-winter-soldier-episode-1-24x15.jpg 24w, https:\/\/www.cinemaup.com.br\/wp-content\/uploads\/2021\/04\/the-falcon-and-the-winter-soldier-episode-1-36x23.jpg 36w, https:\/\/www.cinemaup.com.br\/wp-content\/uploads\/2021\/04\/the-falcon-and-the-winter-soldier-episode-1-48x30.jpg 48w, https:\/\/www.cinemaup.com.br\/wp-content\/uploads\/2021\/04\/the-falcon-and-the-winter-soldier-episode-1.jpg 1280w\" sizes=\"(max-width: 1024px) 100vw, 1024px\" \/><\/figure>\n\n\n\n<p><\/p>\n\n\n\n<p>Desfeita a a\u00e7\u00e3o de Thanos (o blip), que reduziu metade da humanidade em \u201cVingadores: Guerra Infinita\u201d, o mundo tenta se ajustar a fronteiras destru\u00eddas em diversos pa\u00edses e pessoas que ficaram desalojadas e desabrigadas, sem p\u00e1tria ap\u00f3s o blip. Assim, surge um grupo, autodenominado \u201cAp\u00e1tridas\u201d, que se mobiliza pela internet organizando a\u00e7\u00f5es contra figuras poderosas na Europa. Quando o Tenente Torres (Danny Ramirez) tenta impedir um assalto \u00e0 banco na Su\u00ed\u00e7a, ele se depara com um ser superpoderoso. Essa \u00e9 a deixa para Sam investigar o grupo junto com Bucky (Sebastian Stan), o \u201cex-soldado invernal\u201d perdoado pelo governo americano que agora tenta acertar as contas com um passado de assassinatos ao mesmo tempo que sente um homem fora do seu tempo.<\/p>\n\n\n\n<p>Neste mundo novo, somos apresentados novamente ao soro do supersoldado, que at\u00e9 ent\u00e3o imagin\u00e1vamos que tinha dado certo somente com Steve Rogers, dessa vez sob controle do grupo revolucion\u00e1rio dos sem p\u00e1tria, liderados comandados pela jovem reacion\u00e1ria Karli Morgenthau (Erin Kellyman), uma amea\u00e7a capaz de bater de frente com dois integrantes dos Vingadores.<\/p>\n\n\n\n<figure class=\"wp-block-image size-large\"><img decoding=\"async\" width=\"1024\" height=\"576\" src=\"https:\/\/www.supercinemaup.com\/wp-content\/uploads\/2021\/04\/pRd2mwKDTXqHBbZ6fV9huE-1024x576.jpg\" alt=\"\" class=\"wp-image-77600\" srcset=\"https:\/\/www.cinemaup.com.br\/wp-content\/uploads\/2021\/04\/pRd2mwKDTXqHBbZ6fV9huE-1024x576.jpg 1024w, https:\/\/www.cinemaup.com.br\/wp-content\/uploads\/2021\/04\/pRd2mwKDTXqHBbZ6fV9huE-320x180.jpg 320w, https:\/\/www.cinemaup.com.br\/wp-content\/uploads\/2021\/04\/pRd2mwKDTXqHBbZ6fV9huE-150x84.jpg 150w, https:\/\/www.cinemaup.com.br\/wp-content\/uploads\/2021\/04\/pRd2mwKDTXqHBbZ6fV9huE-1536x864.jpg 1536w, https:\/\/www.cinemaup.com.br\/wp-content\/uploads\/2021\/04\/pRd2mwKDTXqHBbZ6fV9huE-24x14.jpg 24w, https:\/\/www.cinemaup.com.br\/wp-content\/uploads\/2021\/04\/pRd2mwKDTXqHBbZ6fV9huE-36x20.jpg 36w, https:\/\/www.cinemaup.com.br\/wp-content\/uploads\/2021\/04\/pRd2mwKDTXqHBbZ6fV9huE-48x27.jpg 48w, https:\/\/www.cinemaup.com.br\/wp-content\/uploads\/2021\/04\/pRd2mwKDTXqHBbZ6fV9huE.jpg 1920w\" sizes=\"(max-width: 1024px) 100vw, 1024px\" \/><\/figure>\n\n\n\n<p>Mesmo operando para as for\u00e7as especiais do governo americano, Sam se v\u00ea surpreendido ao ver o condecorado John Walker (Wyatt Russell) receber do seu pa\u00eds o t\u00edtulo e o escudo de Capit\u00e3o Am\u00e9rica. Um her\u00f3i n\u00e3o se faz s\u00f3 com medalhas ou um supersoro e aquilo que sobrava em Rogers falta em Walker. Por mais que tenha a mesma origem militar, lhe falta carisma e humildade. Esse Capit\u00e3o Am\u00e9rica reflete o que o pa\u00eds se tornou ap\u00f3s a Guerra Fria.<\/p>\n\n\n\n<p>O Marvel Studios acerta em transformar em s\u00e9rie a jornada de Sam Wilson em assumir seu protagonismo numa Am\u00e9rica que tem dificuldade em ver o negro como protagonista ou her\u00f3i. O Falc\u00e3o nessa jornada entende a import\u00e2ncia do gesto de Steve Rogers e por que ele era o cara certo para empunhar aquele escudo e tudo que ele representa.&nbsp;<\/p>\n\n\n\n<p>Num mergulho nas refer\u00eancias dos quadrinhos, somos apresentados a Isaiah Bradley (Carl Lumbly), um rabugento e traumatizado idoso negro morador de um sub\u00farbio que serviu o ex\u00e9rcito americano depois da segunda guerra e junto com outros negros foi usado como cobaia em experi\u00eancias para criar um novo soro. Ele seria o primeiro Capit\u00e3o Am\u00e9rica negro e com ele Sam entende que o sistema racista nunca permitiria isso. \u00c9 um personagem fundamental no amadurecimento do Falc\u00e3o para se transformar no novo Capit\u00e3o Am\u00e9rica.<\/p>\n\n\n\n<p>Outra refer\u00eancia \u00e9 ilha de Madripoor, um lugar repleto de ilegalidades e que \u00e9 ref\u00fagio de criminosos e foragidos apresentados por velho conhecido da dupla, o Bar\u00e3o Zemo (Daniel Br\u00fchl). O antagonista de Guerra Civil e respons\u00e1vel pela morte do Rei T\u2019Chaka ainda n\u00e3o \u00e9 o vil\u00e3o que os f\u00e3s esperam, mas tem bons momentos na s\u00e9rie e tem papel fundamental na reden\u00e7\u00e3o de Bucky.&nbsp;<\/p>\n\n\n\n<figure class=\"wp-block-image size-large\"><img decoding=\"async\" width=\"1024\" height=\"512\" src=\"https:\/\/www.supercinemaup.com\/wp-content\/uploads\/2021\/04\/Baron-Zemo-Mask-The-Falcon-and-The-Winter-Soldier-1024x512.jpg\" alt=\"\" class=\"wp-image-77601\" srcset=\"https:\/\/www.cinemaup.com.br\/wp-content\/uploads\/2021\/04\/Baron-Zemo-Mask-The-Falcon-and-The-Winter-Soldier-1024x512.jpg 1024w, https:\/\/www.cinemaup.com.br\/wp-content\/uploads\/2021\/04\/Baron-Zemo-Mask-The-Falcon-and-The-Winter-Soldier-320x160.jpg 320w, https:\/\/www.cinemaup.com.br\/wp-content\/uploads\/2021\/04\/Baron-Zemo-Mask-The-Falcon-and-The-Winter-Soldier-150x75.jpg 150w, https:\/\/www.cinemaup.com.br\/wp-content\/uploads\/2021\/04\/Baron-Zemo-Mask-The-Falcon-and-The-Winter-Soldier-24x12.jpg 24w, https:\/\/www.cinemaup.com.br\/wp-content\/uploads\/2021\/04\/Baron-Zemo-Mask-The-Falcon-and-The-Winter-Soldier-36x18.jpg 36w, https:\/\/www.cinemaup.com.br\/wp-content\/uploads\/2021\/04\/Baron-Zemo-Mask-The-Falcon-and-The-Winter-Soldier-48x24.jpg 48w, https:\/\/www.cinemaup.com.br\/wp-content\/uploads\/2021\/04\/Baron-Zemo-Mask-The-Falcon-and-The-Winter-Soldier.jpg 1500w\" sizes=\"(max-width: 1024px) 100vw, 1024px\" \/><\/figure>\n\n\n\n<p>A s\u00e9rie do Disney+, mesmo j\u00e1 anunciada desde 2019, se mostra completamente conectada com o contexto do mundo atual principalmente depois do movimento Black Lives Matter e da morte de George Floyd. Ao contr\u00e1rio da primeira s\u00e9rie do Marvel Studios essa se mostra p\u00e9 no ch\u00e3o e segue com fidelidade e honestidade o que foi plantado pelos irm\u00e3os Russo em Capit\u00e3o Am\u00e9rica 2.<\/p>\n\n\n\n<figure class=\"wp-block-image size-large\"><img loading=\"lazy\" decoding=\"async\" width=\"683\" height=\"1024\" src=\"https:\/\/www.supercinemaup.com\/wp-content\/uploads\/2021\/04\/FWS_DigitalAsset_72x48_Falcon2_v1_Lg-683x1024.jpg\" alt=\"\" class=\"wp-image-77651\" srcset=\"https:\/\/www.cinemaup.com.br\/wp-content\/uploads\/2021\/04\/FWS_DigitalAsset_72x48_Falcon2_v1_Lg-683x1024.jpg 683w, https:\/\/www.cinemaup.com.br\/wp-content\/uploads\/2021\/04\/FWS_DigitalAsset_72x48_Falcon2_v1_Lg-213x320.jpg 213w, https:\/\/www.cinemaup.com.br\/wp-content\/uploads\/2021\/04\/FWS_DigitalAsset_72x48_Falcon2_v1_Lg-100x150.jpg 100w, https:\/\/www.cinemaup.com.br\/wp-content\/uploads\/2021\/04\/FWS_DigitalAsset_72x48_Falcon2_v1_Lg-1025x1536.jpg 1025w, https:\/\/www.cinemaup.com.br\/wp-content\/uploads\/2021\/04\/FWS_DigitalAsset_72x48_Falcon2_v1_Lg-16x24.jpg 16w, https:\/\/www.cinemaup.com.br\/wp-content\/uploads\/2021\/04\/FWS_DigitalAsset_72x48_Falcon2_v1_Lg-24x36.jpg 24w, https:\/\/www.cinemaup.com.br\/wp-content\/uploads\/2021\/04\/FWS_DigitalAsset_72x48_Falcon2_v1_Lg-32x48.jpg 32w, https:\/\/www.cinemaup.com.br\/wp-content\/uploads\/2021\/04\/FWS_DigitalAsset_72x48_Falcon2_v1_Lg.jpg 1667w\" sizes=\"(max-width: 683px) 100vw, 683px\" \/><\/figure>\n\n\n\n<p>Assim como em Wandavision, onde os f\u00e3s buscaram refer\u00eancias e pontas soltas em todos os epis\u00f3dios em rela\u00e7\u00e3o ao futuro do MCU e no fim encontramos liga\u00e7\u00f5es com novo filme do Doutor Estranho e Capit\u00e3 Marvel, em Falc\u00e3o e Soldado Invernal se estabelece conex\u00f5es interessantes tanto para o futuro quarto filme solo do Capit\u00e3o Am\u00e9rica quanto para a possibilidade da forma\u00e7\u00e3o dos Vingadores Sombrios com inser\u00e7\u00e3o da personagem Valentina Allegra de Fontaine, a Madame Hydra nos quadrinhos que tem uma atua\u00e7\u00e3o semelhante a de Nick Fury e surge recrutando o Agente Americano para trabalhar pra ela. Outra ponta solta \u00e9 o final da Agente Carter que pode ter liga\u00e7\u00e3o com a vindoura s\u00e9rie da Invas\u00e3o Secreta que mostrar\u00e1 uma infiltra\u00e7\u00e3o Skrull na Terra.<\/p>\n\n\n\n<p>A fase 4 da Marvel que come\u00e7ou na TV acerta em dar protagonismo aos coadjuvantes dos Vingadores e expandir o universo sem medo da rea\u00e7\u00e3o do p\u00fablico e sem ter tramas procedurais e com narrativa bem objetiva, n\u00e3o perdendo tempo em explicar demais ou apresentar demais personagens preocupados com uma audi\u00eancia nova.<\/p>\n\n\n\n\n\n<p><\/p>","protected":false},"excerpt":{"rendered":"<p>O mundo n\u00e3o \u00e9 mais o mesmo. O aviso foi dado por Nick Fury (Samuel L. Jackson) ao rec\u00e9m descongelado Steve Rogers (Chris Evans) e quase uma d\u00e9cada depois a hist\u00f3ria se repete agora. Mas nada \u00e9 t\u00e3o simples, para mudar o sistema talvez seja necess\u00e1rio usar o medo ou a coragem. Ap\u00f3s o fim [&hellip;]<\/p>","protected":false},"author":51,"featured_media":77603,"comment_status":"closed","ping_status":"open","sticky":false,"template":"","format":"standard","meta":{"_exactmetrics_skip_tracking":false,"_exactmetrics_sitenote_active":false,"_exactmetrics_sitenote_note":"","_exactmetrics_sitenote_category":0,"footnotes":""},"categories":[2415,15929,9830],"tags":[2352,16029,15822],"_links":{"self":[{"href":"https:\/\/www.cinemaup.com.br\/en\/wp-json\/wp\/v2\/posts\/77595"}],"collection":[{"href":"https:\/\/www.cinemaup.com.br\/en\/wp-json\/wp\/v2\/posts"}],"about":[{"href":"https:\/\/www.cinemaup.com.br\/en\/wp-json\/wp\/v2\/types\/post"}],"author":[{"embeddable":true,"href":"https:\/\/www.cinemaup.com.br\/en\/wp-json\/wp\/v2\/users\/51"}],"replies":[{"embeddable":true,"href":"https:\/\/www.cinemaup.com.br\/en\/wp-json\/wp\/v2\/comments?post=77595"}],"version-history":[{"count":4,"href":"https:\/\/www.cinemaup.com.br\/en\/wp-json\/wp\/v2\/posts\/77595\/revisions"}],"predecessor-version":[{"id":77656,"href":"https:\/\/www.cinemaup.com.br\/en\/wp-json\/wp\/v2\/posts\/77595\/revisions\/77656"}],"wp:featuredmedia":[{"embeddable":true,"href":"https:\/\/www.cinemaup.com.br\/en\/wp-json\/wp\/v2\/media\/77603"}],"wp:attachment":[{"href":"https:\/\/www.cinemaup.com.br\/en\/wp-json\/wp\/v2\/media?parent=77595"}],"wp:term":[{"taxonomy":"category","embeddable":true,"href":"https:\/\/www.cinemaup.com.br\/en\/wp-json\/wp\/v2\/categories?post=77595"},{"taxonomy":"post_tag","embeddable":true,"href":"https:\/\/www.cinemaup.com.br\/en\/wp-json\/wp\/v2\/tags?post=77595"}],"curies":[{"name":"wp","href":"https:\/\/api.w.org\/{rel}","templated":true}]}}