{"id":7849,"date":"2015-03-24T15:19:32","date_gmt":"2015-03-24T15:19:32","guid":{"rendered":"http:\/\/pipocadepimenta.com\/?p=7849"},"modified":"2015-12-22T04:49:32","modified_gmt":"2015-12-22T04:49:32","slug":"nostalgia-da-luz","status":"publish","type":"post","link":"https:\/\/www.cinemaup.com.br\/en\/nostalgia-da-luz\/","title":{"rendered":"Nostalgia da Luz"},"content":{"rendered":"<p><img fetchpriority=\"high\" decoding=\"async\" class=\"alignnone size-full wp-image-7852\" src=\"http:\/\/pipocadepimenta.com\/wp-content\/uploads\/2015\/03\/SINOPSE6.png\" alt=\"SINOPSE\" width=\"800\" height=\"1814\" srcset=\"https:\/\/www.cinemaup.com.br\/wp-content\/uploads\/2015\/03\/SINOPSE6.png 800w, https:\/\/www.cinemaup.com.br\/wp-content\/uploads\/2015\/03\/SINOPSE6-452x1024.png 452w\" sizes=\"(max-width: 800px) 100vw, 800px\" \/><\/p>\n<div style=\"text-align: justify;\">\n<div style=\"height: 20px;\"><\/div>\n<p>\u201cNostalgia da Luz \/ Nostalgia de La Luz (Nostalgie de la Lumi\u00e8re)\u201d, de 2010 \u00e9 um document\u00e1rio coproduzido por diversos pa\u00edses, entre eles Chile e Fran\u00e7a, que se passa no deserto do Atacama, abordando v\u00e1rias \u00f3ticas diferentes. De um lado temos o maior observat\u00f3rio astron\u00f4mico do mundo, onde os cientistas observam o espa\u00e7o, desde 1962. De outro temos as mulheres que h\u00e1 30 anos percorrem o imenso deserto em busca dos restos mortais de seus familiares desaparecidos durante a ditadura de Augusto Pinochet, que assassinou mais de 40 mil pessoas e torturou pelo menos outras 20 mil. Os dois prismas se entrecruzam, quando a narra\u00e7\u00e3o do diretor nos faz entender que ambos olham para o passado e procuram por corpos, sejam celestes ou humanos.<\/p>\n<div style=\"height: 20px;\"><\/div>\n<p><img decoding=\"async\" class=\"alignnone size-full wp-image-7854\" src=\"http:\/\/pipocadepimenta.com\/wp-content\/uploads\/2015\/03\/NOSTALGIA-DA-LUZ-Nostalgia-de-La-Luz-2014-2.png\" alt=\"NOSTALGIA DA LUZ- Nostalgia de La Luz (2014) 2\" width=\"1280\" height=\"720\" srcset=\"https:\/\/www.cinemaup.com.br\/wp-content\/uploads\/2015\/03\/NOSTALGIA-DA-LUZ-Nostalgia-de-La-Luz-2014-2.png 1280w, https:\/\/www.cinemaup.com.br\/wp-content\/uploads\/2015\/03\/NOSTALGIA-DA-LUZ-Nostalgia-de-La-Luz-2014-2-1024x576.png 1024w\" sizes=\"(max-width: 1280px) 100vw, 1280px\" \/><\/p>\n<div style=\"text-align: justify;\">\n<div style=\"height: 20px;\"><\/div>\n<p>N\u00e3o fosse os dois focos citados, j\u00e1 suficientemente interessantes, o deserto ainda revela outras descobertas dialogando com a hist\u00f3ria do Chile e da humanidade. Temos o fato de o Atacama ser a \u00fanica mancha marrom no planeta, vista do espa\u00e7o, nunca se alterando, por sua falta de umidade e alta concentra\u00e7\u00e3o de sal. Os corpos das v\u00edtimas da repress\u00e3o escondidos no deserto, muito se parecem com as m\u00famias dos povos pr\u00e9-colombianos encontrados por arque\u00f3logos no mesmo deserto chileno. Existe ainda o relato de prisioneiros pol\u00edticos do governo que ficaram presos em um campo de concentra\u00e7\u00e3o, reutilizando uma antiga mina de salitre, antes habitada por mineiros, em um regime escravo no final do s\u00e9culo XIX, que os matava da insalubridade do trabalho desumano e da pobreza. Quando morriam, amobos, eram enterrados pr\u00f3ximos dali e tamb\u00e9m tinham seus corpos \u201cmumificados\u201d pela aridez do deserto.<\/p>\n<div style=\"height: 20px;\"><\/div>\n<p><img decoding=\"async\" class=\"alignnone size-full wp-image-7855\" src=\"http:\/\/pipocadepimenta.com\/wp-content\/uploads\/2015\/03\/NOSTALGIA-DA-LUZ-Nostalgia-de-La-Luz-2014-3.jpg\" alt=\"NOSTALGIA DA LUZ- Nostalgia de La Luz (2014) 3\" width=\"1995\" height=\"1122\" srcset=\"https:\/\/www.cinemaup.com.br\/wp-content\/uploads\/2015\/03\/NOSTALGIA-DA-LUZ-Nostalgia-de-La-Luz-2014-3.jpg 1995w, https:\/\/www.cinemaup.com.br\/wp-content\/uploads\/2015\/03\/NOSTALGIA-DA-LUZ-Nostalgia-de-La-Luz-2014-3-1024x576.jpg 1024w\" sizes=\"(max-width: 1995px) 100vw, 1995px\" \/><\/p>\n<div style=\"text-align: justify;\">\n<div style=\"height: 20px;\"><\/div>\n<p>Dirigido pelo premiado documentarista chileno Patricio Guzm\u00e1n, conhecido por produ\u00e7\u00f5es como \u201cA Batalha do Chile \/ La batalla de Chile: La lucha de un pueblo sin armas\u201d (1975) \u00e9 um longa-metragem ensa\u00edstico com um olhar delicado e reflexivo como poucos, onde ele imprime suas pr\u00f3prias percep\u00e7\u00f5es, como exilado pol\u00edtico que foi, bem como o depoimento de pessoas que viveram o mesmo per\u00edodo. \u00c9 como se o seriado \u201cCosmos\u201d (1980-2014) de Carl Sagan ou Neil de Grasse Tyson encontrasse um document\u00e1rio sobre a ditadura, mas sem causar estranhamento, em uma simbiose improv\u00e1vel, que s\u00f3 poderia ser pensado por um artista com um olhar muito amplo e sens\u00edvel. E \u00e9 esta ideia original que torna o filme \u00fanico e imperd\u00edvel, ainda que ele infelizmente seja quase inalcan\u00e7\u00e1vel nos cinemas, por ter ficado pouqu\u00edssimo tempo em cartaz e com um atraso de meia d\u00e9cada.<\/p>\n<div style=\"height: 20px;\"><\/div>\n<p><img loading=\"lazy\" decoding=\"async\" class=\"alignnone size-full wp-image-7856\" src=\"http:\/\/pipocadepimenta.com\/wp-content\/uploads\/2015\/03\/NOSTALGIA-DA-LUZ-Nostalgia-de-La-Luz-2014-4.jpg\" alt=\"NOSTALGIA DA LUZ- Nostalgia de La Luz (2014) 4\" width=\"1920\" height=\"1080\" srcset=\"https:\/\/www.cinemaup.com.br\/wp-content\/uploads\/2015\/03\/NOSTALGIA-DA-LUZ-Nostalgia-de-La-Luz-2014-4.jpg 1920w, https:\/\/www.cinemaup.com.br\/wp-content\/uploads\/2015\/03\/NOSTALGIA-DA-LUZ-Nostalgia-de-La-Luz-2014-4-1024x576.jpg 1024w\" sizes=\"(max-width: 1920px) 100vw, 1920px\" \/><\/p>\n<div style=\"text-align: justify;\">\n<div style=\"height: 20px;\"><\/div>\n<p>O document\u00e1rio foi lan\u00e7ado em 2010, mas s\u00f3 chegou em alguns poucos cinemas brasileiros, quase cinco anos depois, em Janeiro de 2015 e ainda circula por alguns cinemas de arte pelo pa\u00eds, distribu\u00eddo pelo Instituto Moreira Salles. Como o pr\u00f3prio cartaz brasileiro do document\u00e1rio observa, os astr\u00f4nomos do Cerro Cal\u00e1n &#8211; Observatorio Astron\u00f3mico Nacional, constru\u00eddo no Chile por americanos e europeus na d\u00e9cada de 60, buscam respostas sobre o universo e vida extraterrestre, observando luzes emitidas milh\u00f5es de anos no passado. Entretanto os familiares das v\u00edtimas da ditadura Pinochet n\u00e3o conseguem uma explica\u00e7\u00e3o para o que foi feito com os corpos de seus parentes a pouco mais de 30 anos atr\u00e1s. Esta \u00e9 a dicotomia discutida no filme, de forma filos\u00f3fica e sociol\u00f3gica, tentando compreender o comportamento humano e a forma como lidamos com nossas mem\u00f3rias hist\u00f3ricas.<\/p>\n<div style=\"height: 20px;\"><\/div>\n<p><img loading=\"lazy\" decoding=\"async\" class=\"alignnone size-full wp-image-7858\" src=\"http:\/\/pipocadepimenta.com\/wp-content\/uploads\/2015\/03\/NOSTALGIA-DA-LUZ-Nostalgia-de-La-Luz-2014-5.png\" alt=\"NOSTALGIA DA LUZ- Nostalgia de La Luz (2014) 5\" width=\"1349\" height=\"729\" srcset=\"https:\/\/www.cinemaup.com.br\/wp-content\/uploads\/2015\/03\/NOSTALGIA-DA-LUZ-Nostalgia-de-La-Luz-2014-5.png 1349w, https:\/\/www.cinemaup.com.br\/wp-content\/uploads\/2015\/03\/NOSTALGIA-DA-LUZ-Nostalgia-de-La-Luz-2014-5-1024x553.png 1024w\" sizes=\"(max-width: 1349px) 100vw, 1349px\" \/><\/p>\n<div style=\"text-align: justify;\">\n<div style=\"height: 20px;\"><\/div>\n<p>Mais ir\u00f4nico ainda, era ter residido entre os presos da ditadura, um astr\u00f4nomo, que ensinava os colegas de c\u00e1rcere a observar o c\u00e9u transl\u00facido, com telesc\u00f3pios improvisados, que ajudavam a marcar as posi\u00e7\u00f5es das constela\u00e7\u00f5es, para amenizarem o t\u00e9dio e sentirem-se mais livres. Outra contradi\u00e7\u00e3o \u00e9 que num evento tr\u00e1gico desses, onde as v\u00edtimas e familiares lutam para que a lembran\u00e7a do sofrimento n\u00e3o se apague e para que n\u00e3o se repita, conhecemos um ex-prisioneiro que guardava as dimens\u00f5es da pris\u00e3o inteira na sua mente. Ele contava os passos do terreno e calculava de cabe\u00e7a as metragens e localiza\u00e7\u00f5es, o que garantiu que quando solto e exilado na Dinamarca, desenhasse um mapa completo do local, nos m\u00ednimos detalhes. \u00c9 incr\u00edvel que uma pessoa possa ter uma mem\u00f3ria t\u00e3o eficiente, quando um pa\u00eds inteiro, por vezes, pare\u00e7a sofrer uma amn\u00e9sia de sua hist\u00f3ria recente.<\/p>\n<div style=\"height: 20px;\"><\/div>\n<p><img loading=\"lazy\" decoding=\"async\" class=\"alignnone size-full wp-image-7859\" src=\"http:\/\/pipocadepimenta.com\/wp-content\/uploads\/2015\/03\/NOSTALGIA-DA-LUZ-Nostalgia-de-La-Luz-2014-6.jpg\" alt=\"NOSTALGIA DA LUZ- Nostalgia de La Luz (2014) 6\" width=\"1920\" height=\"1080\" srcset=\"https:\/\/www.cinemaup.com.br\/wp-content\/uploads\/2015\/03\/NOSTALGIA-DA-LUZ-Nostalgia-de-La-Luz-2014-6.jpg 1920w, https:\/\/www.cinemaup.com.br\/wp-content\/uploads\/2015\/03\/NOSTALGIA-DA-LUZ-Nostalgia-de-La-Luz-2014-6-1024x576.jpg 1024w\" sizes=\"(max-width: 1920px) 100vw, 1920px\" \/><\/p>\n<div style=\"text-align: justify;\">\n<div style=\"height: 20px;\"><\/div>\n<p>No in\u00edcio do ano Guzm\u00e1n recebeu, por &#8220;El Bot\u00f3n de N\u00e1car&#8221; (2015), o Urso de Prata de Melhor Roteiro, no Festival de Berlim, sendo que muitos cr\u00edticos e jornalistas defendem que merecia o Urso de Ouro de Melhor Filme, no lugar de Taxi (2015), do iraniano Jafar Panahi. Premia\u00e7\u00f5es \u00e0 parte, a verdadeira vit\u00f3ria de um cineasta \u00e9 ter seu trabalho assistido pelo maior p\u00fablico poss\u00edvel e para isso ele necessita ser distribu\u00eddo. Nostalgia da Luz tamb\u00e9m foi amplamente premiado, mas esperamos que El Bot\u00f3n de N\u00e1car, n\u00e3o chegue aos cinemas brasileiros com um lapso de tempo t\u00e3o grande, como o primeiro citado.<\/p>\n<div style=\"height: 20px;\"><\/div>\n<p><img loading=\"lazy\" decoding=\"async\" class=\"alignnone size-full wp-image-7860\" src=\"http:\/\/pipocadepimenta.com\/wp-content\/uploads\/2015\/03\/NOSTALGIA-DA-LUZ-Nostalgia-de-La-Luz-2014-7.jpg\" alt=\"NOSTALGIA DA LUZ- Nostalgia de La Luz (2014) 7\" width=\"1920\" height=\"1080\" srcset=\"https:\/\/www.cinemaup.com.br\/wp-content\/uploads\/2015\/03\/NOSTALGIA-DA-LUZ-Nostalgia-de-La-Luz-2014-7.jpg 1920w, https:\/\/www.cinemaup.com.br\/wp-content\/uploads\/2015\/03\/NOSTALGIA-DA-LUZ-Nostalgia-de-La-Luz-2014-7-1024x576.jpg 1024w\" sizes=\"(max-width: 1920px) 100vw, 1920px\" \/><\/p>\n<div style=\"text-align: justify;\">\n<div style=\"height: 20px;\"><\/div>\n<p>Um relato cinematogr\u00e1fico pode ser considerado bem sucedido, como meio de comunica\u00e7\u00e3o e art\u00edstico, quando pode ser transportado para outros contextos e regi\u00f5es, servindo como objeto de identifica\u00e7\u00e3o, mesmo em localidades que ele n\u00e3o teve intens\u00e3o de retratar. Nos \u00faltimos meses, no Brasil, tem ocorrido manifesta\u00e7\u00f5es contra o governo, principalmente nas redes sociais, sendo que algumas delas pedem o retorno de uma ditadura militar para o pa\u00eds. \u00c9 bem poss\u00edvel que se estas pessoas tivessem assistido a document\u00e1rios como este, talvez tenham repensado sua posi\u00e7\u00e3o, por isso \u00e9 sempre uma l\u00e1stima que as salas de cinema n\u00e3o disponibilizem mais espa\u00e7o para este tipo de produ\u00e7\u00e3o audiovisual, com conte\u00fado de tamanha import\u00e2ncia. Al\u00e9m disso, temos nossos pr\u00f3prios desaparecidos durante o regime ditatorial brasileiro, motivo pelo qual criou-se a Comiss\u00e3o Nacional da Verdade, tamb\u00e9m criticada por pessoas que deveriam assistir mais filmes de Patricio Guzm\u00e1n.<\/p>\n<div style=\"height: 20px;\"><\/div>\n<p>Trailer do filme:<br \/>\n<iframe title=\"NOSTALGIA DE LA LUZ (TRAILER ESPA\u00d1OL)\" width=\"640\" height=\"360\" src=\"https:\/\/www.youtube.com\/embed\/4vzeOl2-NKA?feature=oembed\" frameborder=\"0\" allow=\"accelerometer; autoplay; clipboard-write; encrypted-media; gyroscope; picture-in-picture; web-share\" referrerpolicy=\"strict-origin-when-cross-origin\" allowfullscreen><\/iframe><\/p>\n<div style=\"text-align: justify;\">\n<div style=\"height: 20px;\"><\/div>\n<p>&nbsp;<\/p>\n<\/div>\n<\/div>\n<\/div>\n<\/div>\n<\/div>\n<\/div>\n<\/div>\n<\/div>","protected":false},"excerpt":{"rendered":"<p>\u201cNostalgia da Luz \/ Nostalgia de La Luz (Nostalgie de la Lumi\u00e8re)\u201d, de 2010 \u00e9 um document\u00e1rio coproduzido por diversos pa\u00edses, entre eles Chile e Fran\u00e7a, que se passa no deserto do Atacama, abordando v\u00e1rias \u00f3ticas diferentes. De um lado temos o maior observat\u00f3rio astron\u00f4mico do mundo, onde os cientistas observam o espa\u00e7o, desde 1962. [&hellip;]<\/p>","protected":false},"author":1,"featured_media":14135,"comment_status":"open","ping_status":"open","sticky":false,"template":"","format":"standard","meta":{"_exactmetrics_skip_tracking":false,"_exactmetrics_sitenote_active":false,"_exactmetrics_sitenote_note":"","_exactmetrics_sitenote_category":0,"footnotes":""},"categories":[2415,2422],"tags":[2461,1548,1550,1551,1549,1547],"_links":{"self":[{"href":"https:\/\/www.cinemaup.com.br\/en\/wp-json\/wp\/v2\/posts\/7849"}],"collection":[{"href":"https:\/\/www.cinemaup.com.br\/en\/wp-json\/wp\/v2\/posts"}],"about":[{"href":"https:\/\/www.cinemaup.com.br\/en\/wp-json\/wp\/v2\/types\/post"}],"author":[{"embeddable":true,"href":"https:\/\/www.cinemaup.com.br\/en\/wp-json\/wp\/v2\/users\/1"}],"replies":[{"embeddable":true,"href":"https:\/\/www.cinemaup.com.br\/en\/wp-json\/wp\/v2\/comments?post=7849"}],"version-history":[{"count":0,"href":"https:\/\/www.cinemaup.com.br\/en\/wp-json\/wp\/v2\/posts\/7849\/revisions"}],"wp:featuredmedia":[{"embeddable":true,"href":"https:\/\/www.cinemaup.com.br\/en\/wp-json\/wp\/v2\/media\/14135"}],"wp:attachment":[{"href":"https:\/\/www.cinemaup.com.br\/en\/wp-json\/wp\/v2\/media?parent=7849"}],"wp:term":[{"taxonomy":"category","embeddable":true,"href":"https:\/\/www.cinemaup.com.br\/en\/wp-json\/wp\/v2\/categories?post=7849"},{"taxonomy":"post_tag","embeddable":true,"href":"https:\/\/www.cinemaup.com.br\/en\/wp-json\/wp\/v2\/tags?post=7849"}],"curies":[{"name":"wp","href":"https:\/\/api.w.org\/{rel}","templated":true}]}}