{"id":78748,"date":"2021-06-18T19:45:53","date_gmt":"2021-06-18T22:45:53","guid":{"rendered":"https:\/\/www.supercinemaup.com\/?p=78748"},"modified":"2021-08-05T18:06:04","modified_gmt":"2021-08-05T21:06:04","slug":"a-bela-e-a-fera-spin-off-ja-esta-sendo-desenvolvido","status":"publish","type":"post","link":"https:\/\/www.cinemaup.com.br\/en\/a-bela-e-a-fera-spin-off-ja-esta-sendo-desenvolvido\/","title":{"rendered":"A BELA E A FERA | SPIN-OFF DE PERSONAGEM GAY J\u00c1 EST\u00c1 SENDO DESENVOLVIDO"},"content":{"rendered":"<p>Enquanto f\u00e3s ao redor do mundo comemoram o 30\u00ba anivers\u00e1rio do inesquec\u00edvel cl\u00e1ssico de anima\u00e7\u00e3o de 1991, o Disney+ anuncia o sinal verde para uma nova s\u00e9rie musical,\u00a0<strong><em>A Bela e A Fera<\/em><\/strong>\u00a0(t\u00edtulo provis\u00f3rio), da Disney Branded Television e ABC Signature. A prequela ser\u00e1 protagonizada por Luke Evans (<em>O Alienista)<\/em>\u00a0e Josh Gad (<strong><em>FROZEN 2<\/em><\/strong>), que ir\u00e3o repetir os pap\u00e9is de Gaston e LeFou, e apresenta Briana Middleton (<em>The Tender Bar<\/em>) como Tilly, a meia-irm\u00e3 de LeFou.\u00a0<strong><em>A Bela e A Fera<\/em><\/strong>\u00a0\u00e9 desenvolvida, escrita e tem produ\u00e7\u00e3o executiva de Gad, Edward Kitsis e Adam Horowitz (<em>Once Upon a Time<\/em>), que tamb\u00e9m atuar\u00e3o como\u00a0<em>showrunners\u00a0<\/em>da s\u00e9rie. A equipe criativa da s\u00e9rie tamb\u00e9m inclui a diretora indicada ao Tony Awards\u00ae Liesl Tommy (<em>Eclipsed<\/em>,\u00a0<em>Respect: A Hist\u00f3ria de Aretha Franklin<\/em>), que ser\u00e1 diretora executiva e dirigir\u00e1 o primeiro epis\u00f3dio. A trilha sonora original do projeto ser\u00e1 desenvolvida pelo compositor EGOT (vencedor do Emmy\u00ae, Grammy\u00ae, Oscar\u00ae\u00a0e Tony\u00ae) Alan Menken, que tamb\u00e9m atuar\u00e1 como produtor executivo, e as letras das can\u00e7\u00f5es do primeiro epis\u00f3dio ser\u00e3o do letrista Glenn Slater (<strong><em>ENROLADOS<\/em><\/strong>). A produ\u00e7\u00e3o come\u00e7ar\u00e1 na primavera do hemisf\u00e9rio norte em 2022.<\/p>\n\n\n\n<p>Ambientado no ic\u00f4nico reino de&nbsp;<strong><em>A BELA E A FERA,<\/em><\/strong>&nbsp;anos antes do \u00e9pico romance, a s\u00e9rie girar\u00e1 em torno de Gaston e LeFou enquanto eles partem em uma jornada com a meia-irm\u00e3 de LeFou, Tilly, ap\u00f3s uma revela\u00e7\u00e3o surpreendente sobre seu passado, lan\u00e7ando o trio em uma viagem inesperada repleta de romance, com\u00e9dia e aventuras. \u00c0 medida que os mist\u00e9rios do passado s\u00e3o descobertos e aumentam os perigos do presente, velhos amigos e novos inimigos revelam que este conhecido reino esconde muitos segredos.<\/p>\n\n\n\n<p><em>&#8220;Para qualquer um que se perguntou como o arrogante Gaston e o distra\u00eddo LeFou se tornaram amigos, ou como uma feiticeira m\u00edstica lan\u00e7ou aquele feiti\u00e7o horr\u00edvel no pr\u00edncipe que se tornou uma fera, a s\u00e9rie finalmente trar\u00e1 respostas a estas perguntas&#8230; e provocar\u00e1 uma nova gama de perguntas&#8221;<\/em>, disse Garry Marsh, presidente e diretor de cria\u00e7\u00e3o, Disney Branded Television.<\/p>\n\n\n\n<p><em>&#8220;Existem poucos tesouros mais valiosos no cat\u00e1logo da Disney do que esta ic\u00f4nica franquia, e esta prequela \u00e9 uma carta de amor ao que veio antes, mas tamb\u00e9m hospeda sua pr\u00f3pria grande aventura&#8221;<\/em>, comenta Jonnie Davis, presidente, ABC Signature.&nbsp;<em>&#8220;A vis\u00e3o de Josh, Eddy e Adam nos abre uma janela sobre a origem do Gaston do Luke e do LeFou do Josh, com a nova reviravolta de trazer uma nova companheira, Tilly, interpretada pela deslumbrante Briana Middleton. A equipe n\u00e3o estaria completa sem o retorno do genial Alan Menken, que escrever\u00e1 m\u00fasicas ainda mais gloriosas para a franquia que ajudou a criar. Somos muito gratos a Gary, Ayo, Michael e a todos os que fazem parte de Disney Branded Television e o Disney+ por seu apoio incondicional. Estamos ansiosos para come\u00e7ar a filmar&#8221;.<\/em><\/p>\n\n\n\n<p><em>&#8220;Durante tr\u00eas d\u00e9cadas, esta antiga f\u00e1bula foi uma fonte de inspira\u00e7\u00e3o para gera\u00e7\u00f5es de f\u00e3s em todo o mundo&#8221;<\/em>, diz Michael Paull, presidente, Disney+ e ESPN+.&nbsp;<em>&#8220;Estamos ansiosos para dar boas-vindas aos nossos convidados de volta ao mundo m\u00e1gico e musical de&nbsp;<strong>A BELA E A FERA<\/strong>&nbsp;em um cap\u00edtulo completamente novo com LeFou, Gaston e um maravilhoso elenco de novos personagens&#8221;<\/em>.<\/p>\n\n\n\n<p>Gad, cujos cr\u00e9ditos recentes incluem pap\u00e9is principais em\u00a0<em>Avenue 5<\/em>,\u00a0<em>Marshall: Igualdade e Justi\u00e7a<\/em>\u00a0e\u00a0<em>Central Park<\/em>, est\u00e1 atualmente filmando a s\u00e9rie da Peacock,\u00a0<em>Wolf Like Me.\u00a0<\/em>Atualmente, tamb\u00e9m est\u00e1 dando vida ao papel principal de\u00a0<em>Echo 3<\/em>, a s\u00e9rie de drama da Apple para Mark Boal, e recentemente foi escalado para o papel principal da s\u00e9rie do Hulu\u00a0<em>Nine Perfect Strangers<\/em>. Middleton far\u00e1 sua estreia no cinema com\u00a0<em>The Tender Bar<\/em>, uma adapta\u00e7\u00e3o das mem\u00f3rias do escritor vencedor do Pr\u00eamio Pullitzer J. R. Moehringer, encomendada pela Amazon Studios e dirigida por George Clooney.\u00a0Atualmente, Middleton est\u00e1 gravando\u00a0<em>The Last Will and Testament of Charles Abernathy<\/em>, para Netflix.<\/p>\n\n\n\n<p>Em 2016, o longa com Emma Watson gerou muita pol\u00eamica justamente pelo personagem de Josh Gad, que em diversos momentos deixa transparecer um interesse al\u00e9m da amizade pelo personagem de Luke Evans, e tamb\u00e9m por uma cena ao final do filme, onde ele se junta com um outro homem.<\/p>\n\n\n\n<p><strong><em>A Bela e A Fera&nbsp;<\/em><\/strong>tem produ\u00e7\u00e3o executiva de Gad, Kitsis, Horowitz, Menken e Tommy, e ser\u00e1 produzida por Evans.&nbsp;Gad, Kitsis e Horowitz s\u00e3o os&nbsp;<em>showrunners<\/em>&nbsp;e roteiristas da s\u00e9rie. A trilha sonora ser\u00e1 lan\u00e7ada pela Walt Disney Records.<\/p>","protected":false},"excerpt":{"rendered":"<p>Enquanto f\u00e3s ao redor do mundo comemoram o 30\u00ba anivers\u00e1rio do inesquec\u00edvel cl\u00e1ssico de anima\u00e7\u00e3o de 1991, o Disney+ anuncia o sinal verde para uma nova s\u00e9rie musical,\u00a0A Bela e A Fera\u00a0(t\u00edtulo provis\u00f3rio), da Disney Branded Television e ABC Signature. A prequela ser\u00e1 protagonizada por Luke Evans (O Alienista)\u00a0e Josh Gad (FROZEN 2), que ir\u00e3o [&hellip;]<\/p>","protected":false},"author":65,"featured_media":78749,"comment_status":"closed","ping_status":"open","sticky":false,"template":"","format":"standard","meta":{"_exactmetrics_skip_tracking":false,"_exactmetrics_sitenote_active":false,"_exactmetrics_sitenote_note":"","_exactmetrics_sitenote_category":0,"footnotes":""},"categories":[1,15929],"tags":[2389,2351,6815,6004],"_links":{"self":[{"href":"https:\/\/www.cinemaup.com.br\/en\/wp-json\/wp\/v2\/posts\/78748"}],"collection":[{"href":"https:\/\/www.cinemaup.com.br\/en\/wp-json\/wp\/v2\/posts"}],"about":[{"href":"https:\/\/www.cinemaup.com.br\/en\/wp-json\/wp\/v2\/types\/post"}],"author":[{"embeddable":true,"href":"https:\/\/www.cinemaup.com.br\/en\/wp-json\/wp\/v2\/users\/65"}],"replies":[{"embeddable":true,"href":"https:\/\/www.cinemaup.com.br\/en\/wp-json\/wp\/v2\/comments?post=78748"}],"version-history":[{"count":1,"href":"https:\/\/www.cinemaup.com.br\/en\/wp-json\/wp\/v2\/posts\/78748\/revisions"}],"predecessor-version":[{"id":78750,"href":"https:\/\/www.cinemaup.com.br\/en\/wp-json\/wp\/v2\/posts\/78748\/revisions\/78750"}],"wp:featuredmedia":[{"embeddable":true,"href":"https:\/\/www.cinemaup.com.br\/en\/wp-json\/wp\/v2\/media\/78749"}],"wp:attachment":[{"href":"https:\/\/www.cinemaup.com.br\/en\/wp-json\/wp\/v2\/media?parent=78748"}],"wp:term":[{"taxonomy":"category","embeddable":true,"href":"https:\/\/www.cinemaup.com.br\/en\/wp-json\/wp\/v2\/categories?post=78748"},{"taxonomy":"post_tag","embeddable":true,"href":"https:\/\/www.cinemaup.com.br\/en\/wp-json\/wp\/v2\/tags?post=78748"}],"curies":[{"name":"wp","href":"https:\/\/api.w.org\/{rel}","templated":true}]}}