{"id":79525,"date":"2021-11-11T13:44:11","date_gmt":"2021-11-11T16:44:11","guid":{"rendered":"https:\/\/www.supercinemaup.com\/?p=79525"},"modified":"2021-11-11T13:45:58","modified_gmt":"2021-11-11T16:45:58","slug":"o-ninho-resgata-a-tradicao-de-bons-filmes-de-terror-do-cinema-italiano","status":"publish","type":"post","link":"https:\/\/www.cinemaup.com.br\/en\/o-ninho-resgata-a-tradicao-de-bons-filmes-de-terror-do-cinema-italiano\/","title":{"rendered":"\u201cO NINHO\u201d RESGATA TRADI\u00c7\u00c3O DE BONS FILMES DE TERROR DO CINEMA ITALIANO"},"content":{"rendered":"<p>A jornada de amadurecimento dos filhos \u00e9 uma etapa dif\u00edcil para os pais. Como preparar algu\u00e9m que voc\u00ea viu nascer para os desafios da vida adulta e ao mesmo tempo v\u00ea-lo partir para construir sua pr\u00f3pria jornada de autonomia?<\/p>\n\n\n\n<p>A s\u00edndrome do ninho vazio \u00e9 algo que tem se mostrado comum no mundo. Pais que n\u00e3o sabem lidar com o poss\u00edvel afastamento dos filhos ao chegar \u00e0 maturidade e tentam mant\u00ea-los presos sob sua \u201casa\u201d.<\/p>\n\n\n\n<p>Em \u201cO Ninho\u201d, Elena (Francesca Cavallin) \u00e9 uma m\u00e3e dedicada ao filho Samuel (Justin Korovkin). O Jovem \u00e9 parapl\u00e9gico e impedido de sair da mans\u00e3o em formato de castelo totalmente isolada por bosques. Quando ele conhece a jovem Denise (Ginevra Francesconi) ela desperta nele o interesse em descobrir o mundo fora do seu \u201cninho\u201d. Sua m\u00e3e n\u00e3o pretende facilitar as coisas e est\u00e1 disposta a fazer&nbsp; qualquer coisa para impedir a sa\u00edda do filho e com isso um conflito ser\u00e1 inevit\u00e1vel. Mas, o que o mundo fora dali pode trazer de amea\u00e7a para Samuel?<\/p>\n\n\n\n<p>O longa Italiano de Roberto de Feo faz juz \u00e0 tradi\u00e7\u00e3o dos <em>Giallos<\/em> subg\u00eanero de Terror Italiano que revelou grandes nomes como Dario Argento e Mario Bava. Com cen\u00e1rio sombrio de um castelo medieval o clima de suspense \u00e9 inevit\u00e1vel, a fotografia de Emanuele Pasquet tamb\u00e9m acerta em criar uma envolvente rela\u00e7\u00e3o de luz e sombra com o clima misterioso dentro do castelo e os dias cinzentos no bosque. A trilha sonora e as m\u00fasicas que Samuel toca ao piano tamb\u00e9m v\u00e3o se envolvendo no clima de medo.<\/p>\n\n\n\n<p>De Feo, que tamb\u00e9m assina o roteiro, mant\u00e9m o espectador envolvido na trama o tempo todo sem precisar ficar explicando as entrelinhas da hist\u00f3ria o tempo todo, como tem se tornado comum no cinema criando um suspense de qualidade e com um final surpreendente. A produ\u00e7\u00e3o de 2019, acaba ganhando um significado diferente com o isolamento social causado pela pandemia e toda a sensa\u00e7\u00e3o de medo e p\u00e2nico que muita gente acabou se submetendo pelo medo de sair de casa. A arte como ferramenta de cr\u00edtica social e utilizando das met\u00e1foras para evidenciar os problemas da sociedade \u00e9 algo que tem feito falta ao Cinema. Que mais produ\u00e7\u00f5es revisitem o legado de narrativas constru\u00eddas por George A. Romero entre outros.<\/p>","protected":false},"excerpt":{"rendered":"<p>A jornada de amadurecimento dos filhos \u00e9 uma etapa dif\u00edcil para os pais. Como preparar algu\u00e9m que voc\u00ea viu nascer para os desafios da vida adulta e ao mesmo tempo v\u00ea-lo partir para construir sua pr\u00f3pria jornada de autonomia? A s\u00edndrome do ninho vazio \u00e9 algo que tem se mostrado comum no mundo. Pais que [&hellip;]<\/p>","protected":false},"author":51,"featured_media":79526,"comment_status":"closed","ping_status":"open","sticky":false,"template":"","format":"standard","meta":{"_exactmetrics_skip_tracking":false,"_exactmetrics_sitenote_active":false,"_exactmetrics_sitenote_note":"","_exactmetrics_sitenote_category":0,"footnotes":""},"categories":[2415],"tags":[16302,16303],"_links":{"self":[{"href":"https:\/\/www.cinemaup.com.br\/en\/wp-json\/wp\/v2\/posts\/79525"}],"collection":[{"href":"https:\/\/www.cinemaup.com.br\/en\/wp-json\/wp\/v2\/posts"}],"about":[{"href":"https:\/\/www.cinemaup.com.br\/en\/wp-json\/wp\/v2\/types\/post"}],"author":[{"embeddable":true,"href":"https:\/\/www.cinemaup.com.br\/en\/wp-json\/wp\/v2\/users\/51"}],"replies":[{"embeddable":true,"href":"https:\/\/www.cinemaup.com.br\/en\/wp-json\/wp\/v2\/comments?post=79525"}],"version-history":[{"count":2,"href":"https:\/\/www.cinemaup.com.br\/en\/wp-json\/wp\/v2\/posts\/79525\/revisions"}],"predecessor-version":[{"id":79528,"href":"https:\/\/www.cinemaup.com.br\/en\/wp-json\/wp\/v2\/posts\/79525\/revisions\/79528"}],"wp:featuredmedia":[{"embeddable":true,"href":"https:\/\/www.cinemaup.com.br\/en\/wp-json\/wp\/v2\/media\/79526"}],"wp:attachment":[{"href":"https:\/\/www.cinemaup.com.br\/en\/wp-json\/wp\/v2\/media?parent=79525"}],"wp:term":[{"taxonomy":"category","embeddable":true,"href":"https:\/\/www.cinemaup.com.br\/en\/wp-json\/wp\/v2\/categories?post=79525"},{"taxonomy":"post_tag","embeddable":true,"href":"https:\/\/www.cinemaup.com.br\/en\/wp-json\/wp\/v2\/tags?post=79525"}],"curies":[{"name":"wp","href":"https:\/\/api.w.org\/{rel}","templated":true}]}}