{"id":79567,"date":"2021-11-11T19:06:00","date_gmt":"2021-11-11T22:06:00","guid":{"rendered":"https:\/\/www.supercinemaup.com\/?p=79567"},"modified":"2021-11-15T23:46:36","modified_gmt":"2021-11-16T02:46:36","slug":"versao-cafe-com-leite-de-esqueceram-de-mim-aposta-na-ausencia-de-viloes","status":"publish","type":"post","link":"https:\/\/www.cinemaup.com.br\/en\/versao-cafe-com-leite-de-esqueceram-de-mim-aposta-na-ausencia-de-viloes\/","title":{"rendered":"VERS\u00c3O CAF\u00c9 COM LEITE DE &#8220;ESQUECERAM DE MIM&#8221; APOSTA NA AUS\u00caNCIA DE VIL\u00d5ES"},"content":{"rendered":"<p>O pesadelo dos remakes est\u00e1 longe de acabar e no meio de tantos, j\u00e1 \u00e9 poss\u00edvel come\u00e7ar a classificar alguns como &#8220;nem t\u00e3o ruim assim&#8221;. Este \u00e9 o caso de &#8220;Esqueceram de Mim no Lar Doce Lar&#8221; (p\u00e9ssimo nome aqui no Brasil), que apesar de n\u00e3o chegar nem perto do cl\u00e1ssico de John Hughes e Chris Columbus, de 1990, reconhece isso e acaba sendo mais um filme &#8220;divertidinho&#8221; para passar o tempo. A quest\u00e3o \u00e9 que este &#8220;pesadelo dos remakes&#8221; j\u00e1 \u00e9 uma realidade, e ficar reclamando em toda cr\u00edtica sobre isso acaba ficando muito chato. Ent\u00e3o, se a criatividade de Hollywood est\u00e1 em queda, por que n\u00e3o levantar as m\u00e3os e aproveitar a descida? <br><br>Vale dizer que este filme \u00e9 o sexto da franquia &#8220;Home Alone&#8221;. Al\u00e9m dos dois primeiros protagonizados por Macaulay Culkin temos um terceiro longa bastante divertido com Alex D. Linz, todos estes escritos por Hughes. Mas antes de chegarmos em 2021 foram lan\u00e7ados ainda outros dois filmes de p\u00e9ssima qualidade que nem foram distribu\u00eddos adequadamente aqui no Brasil, e que contam com hist\u00f3rias que muito se distanciam do longa original. E se distanciar do longo original \u00e9 algo que &#8220;Lar Doce Lar&#8221; certamente n\u00e3o faz, e com tamanha aproxima\u00e7\u00e3o n\u00e3o \u00e9 errado dizer que se trata de um remake, mesmo que com novos personagens.<\/p>\n\n\n\n<p>Os comediantes Streeter Seidell e Mikey Day adaptam o roteiro de 1990 para os valores de 2021, o que acaba prejudicando bastante um filme baseado em um humor bastante f\u00edsico, pois enquanto a crian\u00e7a de 1990 n\u00e3o tinha d\u00f3 dos bandidos, a de 2021 pega muito leve. Tais escolhas, por\u00e9m, se relacionam com outras escolhas da trama que fazem com que os invasores da casa do jovem esquecido n\u00e3o sejam exatamente vil\u00f5es (inclusive at\u00e9 quase o final do filme voc\u00ea acredita que o garoto que \u00e9 o vil\u00e3o), o que deixa tudo muito &#8220;caf\u00e9 com leite&#8221;, mas devidamente atualizado para os chatos de plant\u00f5es de 2021.<\/p>\n\n\n\n<p>O protagonista \u00e9 interpretado por Archie Yates, conhecido pelo seu papel em &#8220;Jojo Rabbit&#8221;, que entrega uma boa atua\u00e7\u00e3o, um pouco prejudicada por oscila\u00e7\u00f5es na dire\u00e7\u00e3o, mas nada que atrapalhe o filme. J\u00e1 os invasores s\u00e3o vividos por Ellie Kemper, conhecida por seu papel na vers\u00e3o americana de The Office, e Rob Delaney, conhecido pelo seriado &#8220;Catastrophe: Sem Compromisso&#8221;, e o destaque fica mesmo para Kemper, pois Delaney n\u00e3o consegue convencer o p\u00fablico em quase nenhum momento.<\/p>\n\n\n\n<p>Assim, &#8220;Esqueceram de Mim no Lar Doce Lar&#8221; \u00e9 aquele filme que n\u00e3o agrada, mas tamb\u00e9m n\u00e3o desagrada. Perfeito para assistir com as crian\u00e7as sem nenhum tipo de compromisso em uma tarde de s\u00e1bado. O longa chega amanh\u00e3 ao Disney+.<\/p>","protected":false},"excerpt":{"rendered":"<p>O pesadelo dos remakes est\u00e1 longe de acabar e no meio de tantos, j\u00e1 \u00e9 poss\u00edvel come\u00e7ar a classificar alguns como &#8220;nem t\u00e3o ruim assim&#8221;. Este \u00e9 o caso de &#8220;Esqueceram de Mim no Lar Doce Lar&#8221; (p\u00e9ssimo nome aqui no Brasil), que apesar de n\u00e3o chegar nem perto do cl\u00e1ssico de John Hughes e [&hellip;]<\/p>","protected":false},"author":65,"featured_media":79568,"comment_status":"closed","ping_status":"open","sticky":false,"template":"","format":"standard","meta":{"_exactmetrics_skip_tracking":false,"_exactmetrics_sitenote_active":false,"_exactmetrics_sitenote_note":"","_exactmetrics_sitenote_category":0,"footnotes":""},"categories":[2415,15929,2423,15925,9830],"tags":[16308,9003,16307],"_links":{"self":[{"href":"https:\/\/www.cinemaup.com.br\/en\/wp-json\/wp\/v2\/posts\/79567"}],"collection":[{"href":"https:\/\/www.cinemaup.com.br\/en\/wp-json\/wp\/v2\/posts"}],"about":[{"href":"https:\/\/www.cinemaup.com.br\/en\/wp-json\/wp\/v2\/types\/post"}],"author":[{"embeddable":true,"href":"https:\/\/www.cinemaup.com.br\/en\/wp-json\/wp\/v2\/users\/65"}],"replies":[{"embeddable":true,"href":"https:\/\/www.cinemaup.com.br\/en\/wp-json\/wp\/v2\/comments?post=79567"}],"version-history":[{"count":2,"href":"https:\/\/www.cinemaup.com.br\/en\/wp-json\/wp\/v2\/posts\/79567\/revisions"}],"predecessor-version":[{"id":79573,"href":"https:\/\/www.cinemaup.com.br\/en\/wp-json\/wp\/v2\/posts\/79567\/revisions\/79573"}],"wp:featuredmedia":[{"embeddable":true,"href":"https:\/\/www.cinemaup.com.br\/en\/wp-json\/wp\/v2\/media\/79568"}],"wp:attachment":[{"href":"https:\/\/www.cinemaup.com.br\/en\/wp-json\/wp\/v2\/media?parent=79567"}],"wp:term":[{"taxonomy":"category","embeddable":true,"href":"https:\/\/www.cinemaup.com.br\/en\/wp-json\/wp\/v2\/categories?post=79567"},{"taxonomy":"post_tag","embeddable":true,"href":"https:\/\/www.cinemaup.com.br\/en\/wp-json\/wp\/v2\/tags?post=79567"}],"curies":[{"name":"wp","href":"https:\/\/api.w.org\/{rel}","templated":true}]}}