{"id":79605,"date":"2021-11-23T00:53:31","date_gmt":"2021-11-23T03:53:31","guid":{"rendered":"https:\/\/www.supercinemaup.com\/?p=79605"},"modified":"2021-11-23T00:53:45","modified_gmt":"2021-11-23T03:53:45","slug":"representante-do-brasil-no-oscar-deserto-particular-retrata-a-complexidade-do-amor","status":"publish","type":"post","link":"https:\/\/www.cinemaup.com.br\/en\/representante-do-brasil-no-oscar-deserto-particular-retrata-a-complexidade-do-amor\/","title":{"rendered":"REPRESENTANTE DO BRASIL NO OSCAR, \u201cDESERTO PARTICULAR\u201d RETRATA A COMPLEXIDADE DO AMOR"},"content":{"rendered":"<p>Dirigido pelo baiano Aly Muritiba, o filme brasileiro \u201cDeserto Particular\u201d, vem fazendo barulho no exterior, onde foi ovacionado ap\u00f3s sua exibi\u00e7\u00e3o no Festival de Veneza, e at\u00e9 conquistando l\u00e1, o Pr\u00eamio do P\u00fablico BNL 2021. Com estreia nos cinemas marcada para o dia 25 de novembro, ele foi o escolhido pela Academia Brasileira de Cinema e Artes Audiovisuais para representar o Brasil no Oscar 2022.<\/p>\n\n\n\n<p>\u201cDeserto Particular\u201d conta a hist\u00f3ria de Daniel um policial que acaba cometendo um erro que coloca em risco sua carreira e sua honra. Quando nada mais parece o prender a Curitiba, ele vai at\u00e9 o sert\u00e3o baiano \u00e0 procura de Sara, uma mulher com quem ele conheceu virtualmente e come\u00e7ou uma rela\u00e7\u00e3o amorosa.<\/p>\n\n\n\n<p>A dire\u00e7\u00e3o de Muritiba cria uma atmosfera intimista para a trama, ele consegue transmitir as rela\u00e7\u00f5es dos personagens, mesclando os dramas rom\u00e2nticos e familiares dos protagonistas Daniel e Sara. Al\u00e9m disso, o \u00edntimo tamb\u00e9m aparece na singularidade de cada personagem e como o peso da sociedade interfere em suas vidas, conseguindo criar essas duas jornadas que procuram ter a sua liberta\u00e7\u00e3o pessoal.<\/p>\n\n\n\n<p>\u00c9 criado um discurso muito poderoso sobre como os costumes sociais criam complexidades para os indiv\u00edduos entenderem o que sentem e por quem se apaixonam, e como devemos desconstruir a ideia do que \u00e9 visto como o \u201cjeito certo\u201d pela sociedade. E isso \u00e9 intensificado quando esse contexto \u00e9 colocado nos tempos atuais, onde as pessoas se relacionam atrav\u00e9s das redes sociais.<\/p>\n\n\n\n<p>O desenvolvimento dos personagens \u00e9 tamb\u00e9m uma das melhores coisas do filme, durante todo o longa conseguimos entender os conflitos internos com interpreta\u00e7\u00f5es memor\u00e1veis, principalmente, dos atores Antonio Saboia e Pedro Fasanaro, que conseguem transmitir os anseios de seus personagens atrav\u00e9s de gestos e atitudes, sem precisar de di\u00e1logos.<\/p>\n\n\n\n<p>E muito dessa narrativa visual \u00e9 tamb\u00e9m auxiliado pela \u00f3tima fotografia e dire\u00e7\u00e3o de arte, que trabalham com ilumina\u00e7\u00f5es vibrantes e cores quentes que constroem a atmosfera necess\u00e1ria para o enredo do filme.<\/p>\n\n\n\n<p>\u201cDeserto Particular\u201d consegue ser muito rico em interpreta\u00e7\u00f5es, o seu teor pol\u00edtico sobre como \u00e9 a situa\u00e7\u00e3o atual de um pa\u00eds polarizado como o Brasil, \u00e9 demonstrado de forma s\u00fatil por atitudes tomadas pelos personagens, principalmente, ao colocar como protagonista um policial, que se espelha no pai doente que um dia foi um militar cheio de honrarias. Sua vis\u00e3o tradicional \u00e9 totalmente impactada por vivenciar um amor que nunca imaginou, criando um olhar emp\u00e1tico, pois como o pr\u00f3prio diretor destacou em entrevista para a revista americana Variety, \u201c\u2018Deserto particular\u2019 pode levar Daniel a amar algu\u00e9m que ele provavelmente nunca conheceria\u201d.<\/p>\n\n\n\n<p>Todo esse prest\u00edgio que o filme vem conquistando faz todo sentido quando a narrativa tem \u00eaxito em criar uma hist\u00f3ria profunda, mas que consegue se comunicar com o p\u00fablico sobre as formas de amor e evolu\u00e7\u00e3o individual.<\/p>","protected":false},"excerpt":{"rendered":"<p>Dirigido pelo baiano Aly Muritiba, o filme brasileiro \u201cDeserto Particular\u201d, vem fazendo barulho no exterior, onde foi ovacionado ap\u00f3s sua exibi\u00e7\u00e3o no Festival de Veneza, e at\u00e9 conquistando l\u00e1, o Pr\u00eamio do P\u00fablico BNL 2021. Com estreia nos cinemas marcada para o dia 25 de novembro, ele foi o escolhido pela Academia Brasileira de Cinema [&hellip;]<\/p>","protected":false},"author":64,"featured_media":79609,"comment_status":"closed","ping_status":"open","sticky":false,"template":"","format":"standard","meta":{"_exactmetrics_skip_tracking":false,"_exactmetrics_sitenote_active":false,"_exactmetrics_sitenote_note":"","_exactmetrics_sitenote_category":0,"footnotes":""},"categories":[9831,2415,2423,15925],"tags":[5471,16312],"_links":{"self":[{"href":"https:\/\/www.cinemaup.com.br\/en\/wp-json\/wp\/v2\/posts\/79605"}],"collection":[{"href":"https:\/\/www.cinemaup.com.br\/en\/wp-json\/wp\/v2\/posts"}],"about":[{"href":"https:\/\/www.cinemaup.com.br\/en\/wp-json\/wp\/v2\/types\/post"}],"author":[{"embeddable":true,"href":"https:\/\/www.cinemaup.com.br\/en\/wp-json\/wp\/v2\/users\/64"}],"replies":[{"embeddable":true,"href":"https:\/\/www.cinemaup.com.br\/en\/wp-json\/wp\/v2\/comments?post=79605"}],"version-history":[{"count":1,"href":"https:\/\/www.cinemaup.com.br\/en\/wp-json\/wp\/v2\/posts\/79605\/revisions"}],"predecessor-version":[{"id":79610,"href":"https:\/\/www.cinemaup.com.br\/en\/wp-json\/wp\/v2\/posts\/79605\/revisions\/79610"}],"wp:featuredmedia":[{"embeddable":true,"href":"https:\/\/www.cinemaup.com.br\/en\/wp-json\/wp\/v2\/media\/79609"}],"wp:attachment":[{"href":"https:\/\/www.cinemaup.com.br\/en\/wp-json\/wp\/v2\/media?parent=79605"}],"wp:term":[{"taxonomy":"category","embeddable":true,"href":"https:\/\/www.cinemaup.com.br\/en\/wp-json\/wp\/v2\/categories?post=79605"},{"taxonomy":"post_tag","embeddable":true,"href":"https:\/\/www.cinemaup.com.br\/en\/wp-json\/wp\/v2\/tags?post=79605"}],"curies":[{"name":"wp","href":"https:\/\/api.w.org\/{rel}","templated":true}]}}