{"id":79702,"date":"2021-12-15T00:31:37","date_gmt":"2021-12-15T03:31:37","guid":{"rendered":"https:\/\/www.cinemaup.com.br\/?p=79702"},"modified":"2021-12-15T01:08:12","modified_gmt":"2021-12-15T04:08:12","slug":"sem-volta-para-casa-o-menino-aranha-finalmente-vira-um-homem","status":"publish","type":"post","link":"https:\/\/www.cinemaup.com.br\/en\/sem-volta-para-casa-o-menino-aranha-finalmente-vira-um-homem\/","title":{"rendered":"SEM VOLTA PARA CASA | O MENINO ARANHA FINALMENTE VIRA UM HOMEM"},"content":{"rendered":"<p>N\u00e3o existem d\u00favidas que &#8220;Homem-Aranha: Sem Volta para Casa&#8221; \u00e9 o filme mais esperado do ano para a maioria dos jovens na internet. Uma espetacular campanha de marketing, baseada em supostos vazamentos, garantiu uma expectativa absurda nas redes sociais para o filme, que o levou \u00e0 quebra recordes de vendas de ingressos na pr\u00e9-venda, independente da pandemia de COVID-19. O que motivou tamanho &#8220;hype&#8221; foram os rumores que come\u00e7aram em dezembro de 2019 e foram confirmados somente em agosto de 2021, a respeito da presen\u00e7a do &#8220;multiverso&#8221; no longa, conceito que permite o resgate de personagens de outros filmes de sucesso e ent\u00e3o abre o leque et\u00e1rio do longa, atraindo ainda mais os marmanjos de plant\u00e3o que foram assistir, quando crian\u00e7as, &#8220;Homem-Aranha&#8221; em 2002. O maior receio, por\u00e9m, \u00e9 que o filme n\u00e3o tivesse uma hist\u00f3ria que estivesse a altura de tanta expectativa e que os velhos conhecidos fossem jogados na trama apenas para mais sequ\u00eancias de a\u00e7\u00e3o. E felizmente, n\u00e3o \u00e9 este o caso.<\/p>\n\n\n\n<p>O terceiro longa com o personagem de Tom Holland no t\u00edtulo \u00e9, sem sombra de d\u00favidas, o melhor deles. E isso n\u00e3o se deve a presen\u00e7a de nenhum outro personagem al\u00e9m do pr\u00f3prio Peter Parker de Tom Holland, que sempre entregou fant\u00e1sticas atua\u00e7\u00f5es, mas sempre com um roteiro que deixava o seu personagem com um comportamento muito distante das origens dos quadrinhos e sempre nos fazia pensar &#8220;mas que menino est\u00fapido&#8221;, por mais que estiv\u00e9ssemos gostando do filme no geral. Em &#8220;Sem Volta para Casa&#8221;, finalmente, Chris McKenna e Erik Sommers criaram coragem para transformar o menino em HOMEM, que reconhece o peso das suas a\u00e7\u00f5es e com muito custo aprende a ponderar sobre valores. Refor\u00e7o essa hist\u00f3ria do &#8220;muito custo&#8221;, pois no longa isso \u00e9 algo que realmente demora mas o Peter Parker dos \u00faltimos 15 minutos do filme \u00e9 o Peter Parker que o cinema sempre mereceu.<\/p>\n\n\n\n<figure class=\"wp-block-image size-large\"><img fetchpriority=\"high\" decoding=\"async\" width=\"1024\" height=\"540\" src=\"https:\/\/www.cinemaup.com.br\/wp-content\/uploads\/2021\/12\/nhw_still_107_2000x1054_thumbnail-1024x540.jpg\" alt=\"\" class=\"wp-image-79700\" srcset=\"https:\/\/www.cinemaup.com.br\/wp-content\/uploads\/2021\/12\/nhw_still_107_2000x1054_thumbnail-1024x540.jpg 1024w, https:\/\/www.cinemaup.com.br\/wp-content\/uploads\/2021\/12\/nhw_still_107_2000x1054_thumbnail-320x169.jpg 320w, https:\/\/www.cinemaup.com.br\/wp-content\/uploads\/2021\/12\/nhw_still_107_2000x1054_thumbnail-150x79.jpg 150w, https:\/\/www.cinemaup.com.br\/wp-content\/uploads\/2021\/12\/nhw_still_107_2000x1054_thumbnail-1536x809.jpg 1536w, https:\/\/www.cinemaup.com.br\/wp-content\/uploads\/2021\/12\/nhw_still_107_2000x1054_thumbnail-24x13.jpg 24w, https:\/\/www.cinemaup.com.br\/wp-content\/uploads\/2021\/12\/nhw_still_107_2000x1054_thumbnail-36x19.jpg 36w, https:\/\/www.cinemaup.com.br\/wp-content\/uploads\/2021\/12\/nhw_still_107_2000x1054_thumbnail-48x25.jpg 48w, https:\/\/www.cinemaup.com.br\/wp-content\/uploads\/2021\/12\/nhw_still_107_2000x1054_thumbnail.jpg 2000w\" sizes=\"(max-width: 1024px) 100vw, 1024px\" \/><\/figure>\n\n\n\n<p>Como j\u00e1 pontuei, n\u00e3o h\u00e1 o que dizer da atua\u00e7\u00e3o de Holland que mostra que consegue sim passar do her\u00f3i &#8220;bobinho&#8221; para um her\u00f3i de verdade, com um trabalho interessante de postura e olhares. Por outro lado, n\u00e3o d\u00e1 para dizer o mesmo de Jacob Batalon e Zendeya, n\u00e3o necessariamente por culpa deles j\u00e1 que o roteiro pouco desenvolve os seus personagens e mesmo em sequ\u00eancias com acontecimentos surpreendentes, a sensa\u00e7\u00e3o que fica \u00e9 que nada mudou para eles desde &#8220;Homem-Aranha: De Volta ao Lar&#8221;. Ainda no elenco de apoio temos Benedict Cumberbatch e Jon Favreau, que entregam apenas o esperado em pouco tempo de tela, e Marisa Tomei que finalmente consegue dar um destaque e um toque especial para sua May.<\/p>\n\n\n\n<p>Do lado dos vil\u00f5es, que j\u00e1 vimos em artes promocionais e trailers, o maior destaque vai para Willem Dafoe que, de forma completamente inesperada, consegue adicionar ainda mais camadas ao complexo Duende Verde que vimos 19 anos atr\u00e1s. Ele \u00e9 absolutamente assustador, muito mais do que no filme de 2002. Alfred Molina, assim como j\u00e1 havia dito na entrevista que revelou a sua presen\u00e7a no filme, entrega exatamente o mesmo personagem, como se apenas tivesse continuado a atuar depois da sua \u00faltima cena em 2004. Jamie Foxx, por outro lado, segue pouco coerente com o que vimos em 2014 e fica dif\u00edcil de reconhecer o personagem, o que mostra na verdade uma inseguran\u00e7a da produ\u00e7\u00e3o, e especialmente da dire\u00e7\u00e3o, com a baixa popularidade do vil\u00e3o em seu filme original.<\/p>\n\n\n\n<p>E falando em dire\u00e7\u00e3o, John Watts se mostra o verdadeiro vil\u00e3o do esperado filme. Sem consist\u00eancia com seus trabalhos anteriores, o diretor fica perdido com a subida &#8220;mudan\u00e7a de clima&#8221; para Peter e seus amigos, n\u00e3o conseguindo fluir muito bem os atores entre momentos c\u00f4micos e tensos. Watts tamb\u00e9m se perde na sequ\u00eancia de a\u00e7\u00e3o final, n\u00e3o conseguindo equilibrar bem tudo o que tinha a sua disposi\u00e7\u00e3o (caberia aqui uma m\u00e3o dos irm\u00e3os Russo que souberam dar conta de dezenas de her\u00f3is e vil\u00f5es nos filmes precedentes a este). Todavia, ao menos, as cenas mais dram\u00e1ticas e emocionantes s\u00e3o bem feitas e, com \u00e2ngulos certos e controle preciso do tempo, conseguem trazer as l\u00e1grimas aos olhos do espectador, seja ele f\u00e3 do Homem-Aranha ou n\u00e3o.<\/p>\n\n\n\n<p>A trilha sonora peca somente nos primeiros minutos do filme, quando destoa tanto da cena que chega a distrair quem assiste. Mas no geral Michael Giacchino acerta m\u00e3o e consegue nos guiar muito bem nesta aventura. E outro ponto a ser destacado \u00e9 a dire\u00e7\u00e3o de fotografia de Mauro Fiore, vencedor do Oscar pela fotografia de Avatar. O veterano consegue balancear as cores de uma forma incr\u00edvel que d\u00e1 identidade para o filme e o distancia de qualquer outro longa do Homem-Aranha at\u00e9 ent\u00e3o.<\/p>\n\n\n\n<p>Assim, resta dizer que &#8220;Homem-Aranha: Sem Volta para Casa&#8221; \u00e9 tudo o que os f\u00e3s estavam esperando e MUITO MAIS! \u00c9 um filme sobre amadurecimento que termina com um gostinho de novo come\u00e7o, o que nos deixa ainda mais ansiosos para a j\u00e1 confirmada pr\u00f3xima trilogia. Acaba a trilogia do menino, que comece a trilogia do Homem-Aranha.<\/p>\n\n\n\n<p><\/p>","protected":false},"excerpt":{"rendered":"<p>N\u00e3o existem d\u00favidas que &#8220;Homem-Aranha: Sem Volta para Casa&#8221; \u00e9 o filme mais esperado do ano para a maioria dos jovens na internet. Uma espetacular campanha de marketing, baseada em supostos vazamentos, garantiu uma expectativa absurda nas redes sociais para o filme, que o levou \u00e0 quebra recordes de vendas de ingressos na pr\u00e9-venda, independente [&hellip;]<\/p>","protected":false},"author":65,"featured_media":79696,"comment_status":"closed","ping_status":"open","sticky":false,"template":"","format":"standard","meta":{"_exactmetrics_skip_tracking":false,"_exactmetrics_sitenote_active":false,"_exactmetrics_sitenote_note":"","_exactmetrics_sitenote_category":0,"footnotes":""},"categories":[9831,2415,2423],"tags":[8261,99,16322,6121],"_links":{"self":[{"href":"https:\/\/www.cinemaup.com.br\/en\/wp-json\/wp\/v2\/posts\/79702"}],"collection":[{"href":"https:\/\/www.cinemaup.com.br\/en\/wp-json\/wp\/v2\/posts"}],"about":[{"href":"https:\/\/www.cinemaup.com.br\/en\/wp-json\/wp\/v2\/types\/post"}],"author":[{"embeddable":true,"href":"https:\/\/www.cinemaup.com.br\/en\/wp-json\/wp\/v2\/users\/65"}],"replies":[{"embeddable":true,"href":"https:\/\/www.cinemaup.com.br\/en\/wp-json\/wp\/v2\/comments?post=79702"}],"version-history":[{"count":3,"href":"https:\/\/www.cinemaup.com.br\/en\/wp-json\/wp\/v2\/posts\/79702\/revisions"}],"predecessor-version":[{"id":79719,"href":"https:\/\/www.cinemaup.com.br\/en\/wp-json\/wp\/v2\/posts\/79702\/revisions\/79719"}],"wp:featuredmedia":[{"embeddable":true,"href":"https:\/\/www.cinemaup.com.br\/en\/wp-json\/wp\/v2\/media\/79696"}],"wp:attachment":[{"href":"https:\/\/www.cinemaup.com.br\/en\/wp-json\/wp\/v2\/media?parent=79702"}],"wp:term":[{"taxonomy":"category","embeddable":true,"href":"https:\/\/www.cinemaup.com.br\/en\/wp-json\/wp\/v2\/categories?post=79702"},{"taxonomy":"post_tag","embeddable":true,"href":"https:\/\/www.cinemaup.com.br\/en\/wp-json\/wp\/v2\/tags?post=79702"}],"curies":[{"name":"wp","href":"https:\/\/api.w.org\/{rel}","templated":true}]}}