{"id":79723,"date":"2021-12-15T18:33:12","date_gmt":"2021-12-15T21:33:12","guid":{"rendered":"https:\/\/www.cinemaup.com.br\/?p=79723"},"modified":"2021-12-15T18:40:50","modified_gmt":"2021-12-15T21:40:50","slug":"turma-da-monica-licoes-e-um-belissimo-presente-para-quem-cresceu-com-a-turminha","status":"publish","type":"post","link":"https:\/\/www.cinemaup.com.br\/en\/turma-da-monica-licoes-e-um-belissimo-presente-para-quem-cresceu-com-a-turminha\/","title":{"rendered":"\u201cTurma da M\u00f4nica: Li\u00e7\u00f5es\u201d \u00e9 um bel\u00edssimo presente para quem cresceu com a turminha"},"content":{"rendered":"<p>Se voc\u00ea perguntar para quase qualquer brasileiro se ele \u2013 ou ela \u2013 j\u00e1 ouviu falar da Turma da M\u00f4nica, \u00e9 bem prov\u00e1vel que a resposta seja \u2018sim\u2019. \u00c9 evidente que a turminha do bairro do Limoeiro j\u00e1 se consagrou como um forte patrim\u00f4nio cultural de nosso pa\u00eds, conquistando n\u00e3o s\u00f3 o espa\u00e7o nas bancas de jornal, como tamb\u00e9m na televis\u00e3o, nas prateleiras dos supermercados, em roupas e acess\u00f3rios, no cinema e, o mais importante, no cora\u00e7\u00e3o de uma imensidade de brasileiros.<\/p>\n\n\n\n<p>Nos \u00faltimos anos, a <strong>Maur\u00edcio de Sousa Produ\u00e7\u00f5es<\/strong> trouxe o projeto <strong>Graphic MSP<\/strong>, que convidava artistas diversos a escrever hist\u00f3rias reimaginando personagens cl\u00e1ssicos da turminha. Dentre hist\u00f3rias do Penadinho, Chico Bento, Bidu e afins, a trilogia que mais se destacou foi produzida pelos irm\u00e3os Vitor e Lu Cafaggi, que trazia um novo olhar sobre os quatro principais personagens da turminha, M\u00f4nica, Cebolinha, Casc\u00e3o e Magali.<\/p>\n\n\n\n<p>Anos depois, na CCXP, foi anunciado que a primeira dessas hist\u00f3rias, \u201c<strong>La\u00e7os<\/strong>\u201d, ia ganhar um live action, e a rea\u00e7\u00e3o n\u00e3o poderia ser diferente: os f\u00e3s foram \u00e0 loucura. Imaginar que aqueles personagens t\u00e3o especiais, que marcaram diversas gera\u00e7\u00f5es, iriam ganhar uma adapta\u00e7\u00e3o com atores reais parecia loucura, mas uma loucura maravilhosa e empolgante. Daniel Rezende dirigiu \u00f3timos atores mirins, transformando-os nos personagens que fizeram parte de tantas inf\u00e2ncias brasileiras, dosando a quantidade certa de nostalgia, maturidade e emo\u00e7\u00e3o para fazer um longa-metragem no m\u00ednimo espetacular. <\/p>\n\n\n\n<p>Ainda que sejam raras as sequ\u00eancias que superam a obra anterior, alguns anos depois do lan\u00e7amento de \u201cLa\u00e7os\u201d \u00e9 exatamente o que Rezende nos entrega: um filme surpreendentemente melhor, ainda mais divertido e com <strong>muito<\/strong> mais emo\u00e7\u00e3o.<\/p>\n\n\n\n<figure class=\"wp-block-image size-large\"><img decoding=\"async\" src=\"https:\/\/seriesemcena.com.br\/wp-content\/uploads\/2020\/01\/credito_SerendipityInc-2-scaled.jpg\" alt=\"\"\/><figcaption><strong>Giulia Benite<\/strong> como M\u00f4nica; <strong>Laura Rauseo<\/strong> como Magali; <strong>Kevin Vechiatto <\/strong>como Cebolinha; <strong>Gabriel Moreira<\/strong> como Casc\u00e3o. &#8220;Turma da M\u00f4nica: Li\u00e7\u00f5es&#8221;, Paris Filmes. Todos os direitos reservados.<\/figcaption><\/figure>\n\n\n\n<p>Em <strong>Li\u00e7\u00f5es<\/strong>, um acidente acaba fazendo com que os pais de M\u00f4nica a mudem de escola, afastando a dona da rua de seus melhores amigos. Ao mesmo tempo, os pais de Cebolinha o colocam para passar com uma fonoaudi\u00f3loga, e os pais de Casc\u00e3o o colocam na nata\u00e7\u00e3o. Para completar, o filme se aprofunda mais na comilan\u00e7a de Magali, retratando tal problema como uma consequ\u00eancia da ansiedade.<\/p>\n\n\n\n<p>N\u00e3o \u00e9 novidade pra ningu\u00e9m que os quatro personagens est\u00e3o juntos h\u00e1 anos, protagonizando o que conhecemos como \u201cTurma da M\u00f4nica\u201d. Dessa forma, ao afastar a personagem principal do resto da turma, cada um dos demais \u00e9 obrigado a repensar seu papel no grupo, tentando preencher um vazio que s\u00f3 poderia ser preenchido pela presen\u00e7a da amiga. N\u00e3o s\u00f3 isso, o espectador tamb\u00e9m \u00e9 levado a se sentir como se uma parte de sua inf\u00e2ncia estivesse sido arrancada de si, pois n\u00e3o s\u00e3o apenas amigos sendo separados, mas sim 60 anos de hist\u00f3rias que se quebram e s\u00e3o remontadas em cima de dois sentimentos: amor e saudade.<\/p>\n\n\n\n<figure class=\"wp-block-image size-large\"><img fetchpriority=\"high\" decoding=\"async\" width=\"1024\" height=\"512\" src=\"https:\/\/www.cinemaup.com.br\/wp-content\/uploads\/2021\/12\/Licoes_cred-SerendipityInc_3.jpg-1024x512.jpg\" alt=\"\" class=\"wp-image-79725\" srcset=\"https:\/\/www.cinemaup.com.br\/wp-content\/uploads\/2021\/12\/Licoes_cred-SerendipityInc_3.jpg-1024x512.jpg 1024w, https:\/\/www.cinemaup.com.br\/wp-content\/uploads\/2021\/12\/Licoes_cred-SerendipityInc_3.jpg-320x160.jpg 320w, https:\/\/www.cinemaup.com.br\/wp-content\/uploads\/2021\/12\/Licoes_cred-SerendipityInc_3.jpg-150x75.jpg 150w, https:\/\/www.cinemaup.com.br\/wp-content\/uploads\/2021\/12\/Licoes_cred-SerendipityInc_3.jpg-1536x768.jpg 1536w, https:\/\/www.cinemaup.com.br\/wp-content\/uploads\/2021\/12\/Licoes_cred-SerendipityInc_3.jpg-24x12.jpg 24w, https:\/\/www.cinemaup.com.br\/wp-content\/uploads\/2021\/12\/Licoes_cred-SerendipityInc_3.jpg-36x18.jpg 36w, https:\/\/www.cinemaup.com.br\/wp-content\/uploads\/2021\/12\/Licoes_cred-SerendipityInc_3.jpg-48x24.jpg 48w, https:\/\/www.cinemaup.com.br\/wp-content\/uploads\/2021\/12\/Licoes_cred-SerendipityInc_3.jpg.jpg 1920w\" sizes=\"(max-width: 1024px) 100vw, 1024px\" \/><figcaption>Isabelle Drummond e Gustavo Merighi como Tina e Rolo. &#8220;Turma da M\u00f4nica: Li\u00e7\u00f5es&#8221;, Paris Filmes. Todos os direitos reservados. <\/figcaption><\/figure>\n\n\n\n<p>Este pontap\u00e9 inicial \u2013 a separa\u00e7\u00e3o dos amigos de longa data \u2013 abre espa\u00e7o para a introdu\u00e7\u00e3o de personagens cl\u00e1ssicos do vasto universo criado por Maur\u00edcio de Souza. Marina, Humberto e Milena, por exemplo, s\u00e3o introduzidos nas novas rotinas de M\u00f4nica, Cebolinha e Magali, respectivamente. Para aqueles que cresceram lendo as hist\u00f3rias da turminha, \u00e9 certamente revigorante ver tais personagens t\u00e3o bem representados. Vale citar tamb\u00e9m a presen\u00e7a de <strong>Isabelle Drummond<\/strong>, que brilha no papel de Tina, em uma adi\u00e7\u00e3o que complementou muito bem a adapta\u00e7\u00e3o do quadrinho para as telonas.<\/p>\n\n\n\n<p>Dentre os novos personagens, entretanto, destaca-se o Do Contra. Para os bons entendedores, o personagem \u00e9 horr\u00edvel, sem gra\u00e7a e uma p\u00e9ssima adi\u00e7\u00e3o ao filme (<em>ba dum ts<\/em>). Em outras palavras, Do Contra \u00e9, de longe, o personagem secund\u00e1rio mais divertido de todo o longa-metragem, encantando facilmente o p\u00fablico com sequ\u00eancias muito bem escritas e muito bom humor. Assim, ainda que tenha sido o primeiro papel do ator mirim <strong>Vin\u00edcius Higo<\/strong>, o personagem rouba a cena com extrema naturalidade. \u00a0<\/p>\n\n\n\n<figure class=\"wp-block-image size-large\"><img decoding=\"async\" src=\"https:\/\/uploads.jovemnerd.com.br\/wp-content\/uploads\/2021\/10\/do-contra-capa.jpg\" alt=\"\"\/><figcaption>Vin\u00edcius Higo como Do Contra e Augusto Madeira como professor de nata\u00e7\u00e3o. &#8220;Turma da M\u00f4nica: Li\u00e7\u00f5es&#8221;, Paris Filmes. Todos os direitos reservados.<\/figcaption><\/figure>\n\n\n\n<p>O elenco principal tamb\u00e9m n\u00e3o deixa nada a desejar. Com <strong>Giulia Benite<\/strong> como M\u00f4nica, <strong>Laura Rauseo<\/strong> como Magali e <strong>Kevin Vechiatto <\/strong>como Cebolinha, o p\u00fablico novamente consegue enxergar os cl\u00e1ssicos personagens sendo representados em tela com ex\u00edmia perfei\u00e7\u00e3o. J\u00e1 com rela\u00e7\u00e3o ao Casc\u00e3o, fica claro que \u00e9 o personagem mais distante com rela\u00e7\u00e3o aos quadrinhos, mas o carisma de <strong>Gabriel Moreira <\/strong>torna o personagem ainda mais fofo e divertido do que o original, fazendo com que o p\u00fablico queira ver mais e mais deste talentoso ator mirim.\u00a0<\/p>\n\n\n\n<p>Ainda assim, o que mais encanta em <strong>Li\u00e7\u00f5es<\/strong> n\u00e3o s\u00e3o seus personagens e atores, mas toda a emo\u00e7\u00e3o que consegue transpassar para o p\u00fablico. Com uma mistura brilhante entre trilha sonora, dire\u00e7\u00e3o e uma pitada bem servida de nostalgia, o novo filme da Turma da M\u00f4nica consegue facilmente emocionar aqueles que cresceram lendo as hist\u00f3rias de Maur\u00edcio de Sousa, indiferente da idade em que se encontram.<\/p>\n\n\n\n<figure class=\"wp-block-image size-large\"><img decoding=\"async\" width=\"1024\" height=\"655\" src=\"https:\/\/www.cinemaup.com.br\/wp-content\/uploads\/2021\/12\/turmadamonicapipocasclub-1024x655.jpg\" alt=\"\" class=\"wp-image-79726\" srcset=\"https:\/\/www.cinemaup.com.br\/wp-content\/uploads\/2021\/12\/turmadamonicapipocasclub-1024x655.jpg 1024w, https:\/\/www.cinemaup.com.br\/wp-content\/uploads\/2021\/12\/turmadamonicapipocasclub-320x205.jpg 320w, https:\/\/www.cinemaup.com.br\/wp-content\/uploads\/2021\/12\/turmadamonicapipocasclub-150x96.jpg 150w, https:\/\/www.cinemaup.com.br\/wp-content\/uploads\/2021\/12\/turmadamonicapipocasclub-24x15.jpg 24w, https:\/\/www.cinemaup.com.br\/wp-content\/uploads\/2021\/12\/turmadamonicapipocasclub-36x23.jpg 36w, https:\/\/www.cinemaup.com.br\/wp-content\/uploads\/2021\/12\/turmadamonicapipocasclub-48x31.jpg 48w, https:\/\/www.cinemaup.com.br\/wp-content\/uploads\/2021\/12\/turmadamonicapipocasclub.jpg 1535w\" sizes=\"(max-width: 1024px) 100vw, 1024px\" \/><figcaption><strong>Giulia Benite<\/strong> como M\u00f4nica; <strong>Laura Rauseo<\/strong> como Magali; <strong>Kevin Vechiatto <\/strong>como Cebolinha; <strong>Gabriel Moreira<\/strong> como Casc\u00e3o. &#8220;Turma da M\u00f4nica: Li\u00e7\u00f5es&#8221;, Paris Filmes. Todos os direitos reservados.<\/figcaption><\/figure>\n\n\n\n<p>Com tamanha emo\u00e7\u00e3o apresentada, se torna quase imposs\u00edvel n\u00e3o derramar uma l\u00e1grima sequer durante os momentos de tristeza, coragem e amadurecimento compartilhados entre estes personagens t\u00e3o queridos pelo p\u00fablico. Para aqueles que acreditam que a adapta\u00e7\u00e3o perfeita n\u00e3o existe, certamente v\u00e3o se surpreender com o resultado final entregue por Daniel Rezende.<\/p>\n\n\n\n<p>Com paletas de cor sublimes, movimentos de c\u00e2mera muito bem pensados para agregar \u00e0 narrativa e um roteiro impec\u00e1vel, Turma da M\u00f4nica: Li\u00e7\u00f5es n\u00e3o \u00e9 s\u00f3 mais um filme, \u00e9 uma experi\u00eancia. Acima de tudo, \u00e9 um delicioso presente para aqueles que tiveram a honra de crescer com as hist\u00f3rias do Bairro do Limoeiro, que traz consigo tamb\u00e9m uma importante li\u00e7\u00e3o para seus espectadores: \u00e9 poss\u00edvel crescer sem deixar de ser crian\u00e7a.<\/p>","protected":false},"excerpt":{"rendered":"<p>Se voc\u00ea perguntar para quase qualquer brasileiro se ele \u2013 ou ela \u2013 j\u00e1 ouviu falar da Turma da M\u00f4nica, \u00e9 bem prov\u00e1vel que a resposta seja \u2018sim\u2019. \u00c9 evidente que a turminha do bairro do Limoeiro j\u00e1 se consagrou como um forte patrim\u00f4nio cultural de nosso pa\u00eds, conquistando n\u00e3o s\u00f3 o espa\u00e7o nas bancas [&hellip;]<\/p>","protected":false},"author":56,"featured_media":79730,"comment_status":"closed","ping_status":"open","sticky":false,"template":"","format":"standard","meta":{"_exactmetrics_skip_tracking":false,"_exactmetrics_sitenote_active":false,"_exactmetrics_sitenote_note":"","_exactmetrics_sitenote_category":0,"footnotes":""},"categories":[9831,2415,2423],"tags":[9138,12178,16323,12180,12175,12176,15534,16324,12183,5711],"_links":{"self":[{"href":"https:\/\/www.cinemaup.com.br\/en\/wp-json\/wp\/v2\/posts\/79723"}],"collection":[{"href":"https:\/\/www.cinemaup.com.br\/en\/wp-json\/wp\/v2\/posts"}],"about":[{"href":"https:\/\/www.cinemaup.com.br\/en\/wp-json\/wp\/v2\/types\/post"}],"author":[{"embeddable":true,"href":"https:\/\/www.cinemaup.com.br\/en\/wp-json\/wp\/v2\/users\/56"}],"replies":[{"embeddable":true,"href":"https:\/\/www.cinemaup.com.br\/en\/wp-json\/wp\/v2\/comments?post=79723"}],"version-history":[{"count":3,"href":"https:\/\/www.cinemaup.com.br\/en\/wp-json\/wp\/v2\/posts\/79723\/revisions"}],"predecessor-version":[{"id":79735,"href":"https:\/\/www.cinemaup.com.br\/en\/wp-json\/wp\/v2\/posts\/79723\/revisions\/79735"}],"wp:featuredmedia":[{"embeddable":true,"href":"https:\/\/www.cinemaup.com.br\/en\/wp-json\/wp\/v2\/media\/79730"}],"wp:attachment":[{"href":"https:\/\/www.cinemaup.com.br\/en\/wp-json\/wp\/v2\/media?parent=79723"}],"wp:term":[{"taxonomy":"category","embeddable":true,"href":"https:\/\/www.cinemaup.com.br\/en\/wp-json\/wp\/v2\/categories?post=79723"},{"taxonomy":"post_tag","embeddable":true,"href":"https:\/\/www.cinemaup.com.br\/en\/wp-json\/wp\/v2\/tags?post=79723"}],"curies":[{"name":"wp","href":"https:\/\/api.w.org\/{rel}","templated":true}]}}