{"id":79740,"date":"2021-12-18T00:34:52","date_gmt":"2021-12-18T03:34:52","guid":{"rendered":"https:\/\/www.cinemaup.com.br\/?p=79740"},"modified":"2021-12-18T00:34:55","modified_gmt":"2021-12-18T03:34:55","slug":"em-tempos-de-empatia-imperdoavel-da-uma-boa-licao","status":"publish","type":"post","link":"https:\/\/www.cinemaup.com.br\/en\/em-tempos-de-empatia-imperdoavel-da-uma-boa-licao\/","title":{"rendered":"EM TEMPOS DE EMPATIA, \u201cIMPERDO\u00c1VEL\u201d D\u00c1 UMA BOA LI\u00c7\u00c3O"},"content":{"rendered":"<p>O perd\u00e3o \u00e9 algo que est\u00e1 diretamente ligado aos dogmas religiosos. Presente nas preces, na B\u00edblia e na paix\u00e3o de Cristo. Mas, apesar de um contexto de f\u00e9, n\u00e3o \u00e9 t\u00e3o simples conquistar um perd\u00e3o. Existem comportamentos humanos que s\u00e3o considerados imperdo\u00e1veis e que marcam o indiv\u00edduo que os comete para sempre.<\/p>\n\n\n\n<p>Essa \u00e9 a hist\u00f3ria de Ruth Slater, condenada pela morte de um policial, ap\u00f3s cumprir 20 anos de pena ela ganha oportunidade de recome\u00e7ar a vida na condicional. S\u00f3 que a ressocializa\u00e7\u00e3o n\u00e3o \u00e9 simples. Ao voltar para Seattle e para as suas origens, ela tem a marca de um crime no seu passado que impede seus passos no presente. Al\u00e9m de recome\u00e7ar a vida, ela tem a esperan\u00e7a de reencontrar a irm\u00e3 mais nova Katie, que foi separada dela ap\u00f3s o crime e encaminhada para ado\u00e7\u00e3o sem contato algum.<\/p>\n\n\n\n<p>Mas, nesse recome\u00e7o, ela ter\u00e1 que lidar com a marca de quem matou um policial no passado e lidar com as consequ\u00eancias de ter vivido duas d\u00e9cadas na cadeia. Com o perd\u00e3o judicial da condicional ela entende que o perd\u00e3o social n\u00e3o ser\u00e1 t\u00e3o simples de se conquistar e para isso dever\u00e1 enfrentar seu passado.<\/p>\n\n\n\n<figure class=\"wp-block-embed is-type-video is-provider-youtube wp-block-embed-youtube wp-embed-aspect-16-9 wp-has-aspect-ratio\"><div class=\"wp-block-embed__wrapper\">\n<iframe title=\"Imperdo\u00e1vel | Sandra Bullock | Trailer oficial | Netflix\" width=\"640\" height=\"360\" src=\"https:\/\/www.youtube.com\/embed\/P0RO1pF4L1o?feature=oembed\" frameborder=\"0\" allow=\"accelerometer; autoplay; clipboard-write; encrypted-media; gyroscope; picture-in-picture; web-share\" referrerpolicy=\"strict-origin-when-cross-origin\" allowfullscreen><\/iframe>\n<\/div><\/figure>\n\n\n\n<p>O drama com pegada de suspense traz uma Sandra Bullock se desconstruindo da imagem de America &#8216;s Sweetheart indo em busca de pap\u00e9is densos e que podem mostrar sua capacidade como atriz.\u00a0 Poucas vezes na filmografia da atriz vencedora do Oscar em 2010 por \u201cUm Sonho Poss\u00edvel\u201d vimos ela sofrer tanto. E esse sofrimento mexe com a percep\u00e7\u00e3o do p\u00fablico com a quest\u00e3o de empatia relacionado a invisibilidade de ex-detentos no seu processo de ressocializa\u00e7\u00e3o. Com bom elenco, a trama se desenvolve em um ritmo interessante sem ficar arrastado pelo drama da personagem principal. Mas, infelizmente com pouco espa\u00e7o para Viola Davis e Vincent D&#8217;onofrio mostrarem seu enorme talento.<\/p>\n\n\n\n<p>O longa dirigido por Nora Fingscheidt adapta uma miniss\u00e9rie brit\u00e2nica de 2009 aproveitando o drama e criando um clima de suspense e uma revanche que n\u00e3o existem no original, mas que faz bem a trama atual.<\/p>\n\n\n\n<p>A produ\u00e7\u00e3o da Netflix mostra a voca\u00e7\u00e3o do servi\u00e7o como plataforma de lan\u00e7amento de novos blockbusters e com uma proje\u00e7\u00e3o interessante para produ\u00e7\u00f5es como essa que talvez n\u00e3o tivessem um apelo comercial t\u00e3o forte.<\/p>","protected":false},"excerpt":{"rendered":"<p>O perd\u00e3o \u00e9 algo que est\u00e1 diretamente ligado aos dogmas religiosos. Presente nas preces, na B\u00edblia e na paix\u00e3o de Cristo. Mas, apesar de um contexto de f\u00e9, n\u00e3o \u00e9 t\u00e3o simples conquistar um perd\u00e3o. Existem comportamentos humanos que s\u00e3o considerados imperdo\u00e1veis e que marcam o indiv\u00edduo que os comete para sempre. Essa \u00e9 a [&hellip;]<\/p>","protected":false},"author":51,"featured_media":79741,"comment_status":"closed","ping_status":"open","sticky":false,"template":"","format":"standard","meta":{"_exactmetrics_skip_tracking":false,"_exactmetrics_sitenote_active":false,"_exactmetrics_sitenote_note":"","_exactmetrics_sitenote_category":0,"footnotes":""},"categories":[2415,2423,15932,15925,9830],"tags":[30],"_links":{"self":[{"href":"https:\/\/www.cinemaup.com.br\/en\/wp-json\/wp\/v2\/posts\/79740"}],"collection":[{"href":"https:\/\/www.cinemaup.com.br\/en\/wp-json\/wp\/v2\/posts"}],"about":[{"href":"https:\/\/www.cinemaup.com.br\/en\/wp-json\/wp\/v2\/types\/post"}],"author":[{"embeddable":true,"href":"https:\/\/www.cinemaup.com.br\/en\/wp-json\/wp\/v2\/users\/51"}],"replies":[{"embeddable":true,"href":"https:\/\/www.cinemaup.com.br\/en\/wp-json\/wp\/v2\/comments?post=79740"}],"version-history":[{"count":1,"href":"https:\/\/www.cinemaup.com.br\/en\/wp-json\/wp\/v2\/posts\/79740\/revisions"}],"predecessor-version":[{"id":79745,"href":"https:\/\/www.cinemaup.com.br\/en\/wp-json\/wp\/v2\/posts\/79740\/revisions\/79745"}],"wp:featuredmedia":[{"embeddable":true,"href":"https:\/\/www.cinemaup.com.br\/en\/wp-json\/wp\/v2\/media\/79741"}],"wp:attachment":[{"href":"https:\/\/www.cinemaup.com.br\/en\/wp-json\/wp\/v2\/media?parent=79740"}],"wp:term":[{"taxonomy":"category","embeddable":true,"href":"https:\/\/www.cinemaup.com.br\/en\/wp-json\/wp\/v2\/categories?post=79740"},{"taxonomy":"post_tag","embeddable":true,"href":"https:\/\/www.cinemaup.com.br\/en\/wp-json\/wp\/v2\/tags?post=79740"}],"curies":[{"name":"wp","href":"https:\/\/api.w.org\/{rel}","templated":true}]}}