{"id":79828,"date":"2022-01-20T00:31:54","date_gmt":"2022-01-20T03:31:54","guid":{"rendered":"https:\/\/www.cinemaup.com.br\/?p=79828"},"modified":"2022-01-20T00:32:09","modified_gmt":"2022-01-20T03:32:09","slug":"eduardo-e-monica-um-filme-a-altura-do-classico-de-renato-russo","status":"publish","type":"post","link":"https:\/\/www.cinemaup.com.br\/en\/eduardo-e-monica-um-filme-a-altura-do-classico-de-renato-russo\/","title":{"rendered":"EDUARDO E M\u00d4NICA | UM FILME \u00c0 ALTURA DO CL\u00c1SSICO DE RENATO RUSSO"},"content":{"rendered":"<p>Se voc\u00ea nasceu no Brasil at\u00e9 os anos 2000, voc\u00ea muito provavelmente n\u00e3o consegue pensar no nome \u201cEduardo\u201d sem pensar em \u201cM\u00f4nica\u201d logo depois. Em meados dos anos 80, a Legi\u00e3o Urbana lan\u00e7ou a m\u00fasica sobre a hist\u00f3ria de um casal que tinha em comum suas diferen\u00e7as, m\u00fasica essa que se tornou um cl\u00e1ssico da MPB e, por contar uma hist\u00f3ria t\u00e3o completa e detalhada, criou no imagin\u00e1rio popular esses dois personagens que mais parecem pessoas reais.<\/p>\n\n\n\n<p>H\u00e1 muito tempo se fala de uma vers\u00e3o cinematogr\u00e1fica de Eduardo e M\u00f4nica, principalmente depois da adapta\u00e7\u00e3o de \u201cFaroeste Caboclo\u201d, tamb\u00e9m da Legi\u00e3o Urbana e agora, depois de anos desde o come\u00e7o de sua produ\u00e7\u00e3o e mais alguns adiamentos por conta da pandemia, \u201cEduardo e M\u00f4nica\u201d enfim chega aos cinemas. E a espera foi mais do que compensada com um filme que soube aproveitar e respeitar a hist\u00f3ria pr\u00e9-existente e manter o ar de novidade ao mesmo tempo.<\/p>\n\n\n\n<p>O essencial do enredo todo mundo j\u00e1 conhece: Eduardo tem 16 anos e ainda est\u00e1 na escola, M\u00f4nica \u00e9 uma mulher mais velha e independente, estudante de medicina e amante das artes. Cada um j\u00e1 traz na mente uma imagem formada dos dois, mas os escolhidos para darem vida ao casal foram os atores Gabriel Leone e Alice Braga, e esse \u00e9 o primeiro acerto do filme. Al\u00e9m dos dois terem qu\u00edmica como casal, Gabriel, apesar de j\u00e1 ter passado dos 20 poucos anos na \u00e9poca da filmagem, convence como o adolescente ing\u00eanuo e de bom cora\u00e7\u00e3o, que mora com o av\u00f4 com quem gosta de jogar futebol de bot\u00e3o e \u00e9 f\u00e3 de novela (exatamente como na m\u00fasica) e Alice Braga comprova seu talento j\u00e1 reconhecido internacionalmente ao viver a politizada, culta e livre M\u00f4nica, artista e estudante de medicina, como na m\u00fasica tamb\u00e9m.<\/p>\n\n\n\n<p>Adaptar uma m\u00fasica em um filme \u00e9 quase t\u00e3o dif\u00edcil quanto adaptar um livro, ou talvez mais, considerando que h\u00e1 mais espa\u00e7os em branco para preencher as duas horas de um longa e, portanto, mais chances de cometer erros, mas em Eduardo e M\u00f4nica o diretor Ren\u00e9 Sampaio, juntamente com o time de roteiristas Jessica Candal, Michele Frantz, Claudia Souto, Matheus Souza e Gabriel Bortolini, conseguiu criar uma trama al\u00e9m do conhecido e sem recorrer \u00e0s obviedades. Em momento algum os versos da m\u00fasica s\u00e3o recitados no filme, mas sua ess\u00eancia est\u00e1 presente em todas as cenas e at\u00e9 mesmo nos personagens criados especificamente para a telona. M\u00f4nica tem uma m\u00e3e e uma irm\u00e3 que nos ajudam a entender um pouco mais sobre suas origens e d\u00e1 ao personagem mais profundidade, j\u00e1 o amigo do cursinho do Eduardo (aquele que o chamou para uma festa estranha com gente esquisita) ganhou mais espa\u00e7o tamb\u00e9m, al\u00e9m de seu av\u00f4, ambos trazendo \u00e0 tona quest\u00f5es atuais, apesar da hist\u00f3ria se passar no final dos anos 80 (assim como a m\u00fasica), num paralelo interessante com situa\u00e7\u00f5es que vivemos hoje, incluindo pol\u00edtica.<\/p>\n\n\n\n<p>Engra\u00e7ado nas horas certas, dram\u00e1tico quando tem que ser, mas, sobretudo, Eduardo e M\u00f4nica \u00e9 um filme sens\u00edvel o tempo todo, um romance pautado nas diferen\u00e7as, nas imperfei\u00e7\u00f5es e nos desencontros da vida. Pra quem \u00e9 f\u00e3 das letras do Renato Russo, o filme ganha outras propor\u00e7\u00f5es e garante momentos ainda mais emocionantes, mas certamente \u00e9 um \u00f3timo filme para todos os p\u00fablicos.<\/p>","protected":false},"excerpt":{"rendered":"<p>Se voc\u00ea nasceu no Brasil at\u00e9 os anos 2000, voc\u00ea muito provavelmente n\u00e3o consegue pensar no nome \u201cEduardo\u201d sem pensar em \u201cM\u00f4nica\u201d logo depois. Em meados dos anos 80, a Legi\u00e3o Urbana lan\u00e7ou a m\u00fasica sobre a hist\u00f3ria de um casal que tinha em comum suas diferen\u00e7as, m\u00fasica essa que se tornou um cl\u00e1ssico da [&hellip;]<\/p>","protected":false},"author":60,"featured_media":79831,"comment_status":"closed","ping_status":"open","sticky":false,"template":"","format":"standard","meta":{"_exactmetrics_skip_tracking":false,"_exactmetrics_sitenote_active":false,"_exactmetrics_sitenote_note":"","_exactmetrics_sitenote_category":0,"footnotes":""},"categories":[2415],"tags":[16338,16339],"_links":{"self":[{"href":"https:\/\/www.cinemaup.com.br\/en\/wp-json\/wp\/v2\/posts\/79828"}],"collection":[{"href":"https:\/\/www.cinemaup.com.br\/en\/wp-json\/wp\/v2\/posts"}],"about":[{"href":"https:\/\/www.cinemaup.com.br\/en\/wp-json\/wp\/v2\/types\/post"}],"author":[{"embeddable":true,"href":"https:\/\/www.cinemaup.com.br\/en\/wp-json\/wp\/v2\/users\/60"}],"replies":[{"embeddable":true,"href":"https:\/\/www.cinemaup.com.br\/en\/wp-json\/wp\/v2\/comments?post=79828"}],"version-history":[{"count":1,"href":"https:\/\/www.cinemaup.com.br\/en\/wp-json\/wp\/v2\/posts\/79828\/revisions"}],"predecessor-version":[{"id":79830,"href":"https:\/\/www.cinemaup.com.br\/en\/wp-json\/wp\/v2\/posts\/79828\/revisions\/79830"}],"wp:featuredmedia":[{"embeddable":true,"href":"https:\/\/www.cinemaup.com.br\/en\/wp-json\/wp\/v2\/media\/79831"}],"wp:attachment":[{"href":"https:\/\/www.cinemaup.com.br\/en\/wp-json\/wp\/v2\/media?parent=79828"}],"wp:term":[{"taxonomy":"category","embeddable":true,"href":"https:\/\/www.cinemaup.com.br\/en\/wp-json\/wp\/v2\/categories?post=79828"},{"taxonomy":"post_tag","embeddable":true,"href":"https:\/\/www.cinemaup.com.br\/en\/wp-json\/wp\/v2\/tags?post=79828"}],"curies":[{"name":"wp","href":"https:\/\/api.w.org\/{rel}","templated":true}]}}