{"id":79986,"date":"2022-03-10T16:50:26","date_gmt":"2022-03-10T19:50:26","guid":{"rendered":"https:\/\/www.cinemaup.com.br\/?p=79986"},"modified":"2022-03-10T16:50:37","modified_gmt":"2022-03-10T19:50:37","slug":"red-crescer-e-uma-fera-um-filme-que-voce-ja-viu-mas-nao-lembra-onde","status":"publish","type":"post","link":"https:\/\/www.cinemaup.com.br\/en\/red-crescer-e-uma-fera-um-filme-que-voce-ja-viu-mas-nao-lembra-onde\/","title":{"rendered":"&#8220;RED: CRESCER \u00c9 UMA FERA&#8221; | UM FILME QUE VOC\u00ca J\u00c1 VIU, MAS N\u00c3O LEMBRA ONDE"},"content":{"rendered":"<p>&#8220;Soul&#8221; e &#8220;Luca&#8221; s\u00e3o os filmes do premiado est\u00fadio da lumin\u00e1ria revoltada que tiveram seus lan\u00e7amentos cancelados nos cinemas, estrat\u00e9gia que revoltou muitos dos animadores que trabalharam em tais projetos. N\u00e3o \u00e9 para menos, j\u00e1 que ambos certamente foram filmes incr\u00edveis e a experi\u00eancia cinematogr\u00e1fica os valorizaria ainda mais. E agora \u00e9 a vez de &#8220;Red: Crescer \u00e9 uma fera&#8221;, novo longa da Pixar que chega diretamente ao Disney+. Ser\u00e1 que se trata de mais um filme injusti\u00e7ado?<\/p>\n\n\n\n<p>A resposta \u00e9: talvez n\u00e3o. <\/p>\n\n\n\n<p>Ambientado em Toronto, em 2002, o filme gira ao redor de uma fam\u00edlia com origens chinesas, especialmente uma garota de 13 anos chamada Meilin. Nesta fam\u00edlia, em determinada idade, as mulheres s\u00e3o aben\u00e7oadas com o poder do panda vermelho, o que poderia ser muito conveniente na China antiga mas n\u00e3o \u00e9 no Canad\u00e1 do s\u00e9culo XXI. Mesclando esta fantasia com os reais &#8220;problemas&#8221; de uma adolescente, o longo se desenvolve ao redor das a\u00e7\u00f5es de Meilin, e de sua fam\u00edlia, perante a esta situa\u00e7\u00e3o. <\/p>\n\n\n\n<p>A met\u00e1fora estabelecida pelo longa com a puberdade e a menstrua\u00e7\u00e3o \u00e9 um dos grandes acertos do filme, que ser\u00e1 assistido por meninas de todas as idades e trar\u00e1 o assunto a tona de alguma forma nas fam\u00edlias. Talvez algumas delas n\u00e3o desejassem conversar sobre isto com as garotas, e \u00e9 completamente compreens\u00edvel, mas \u00e9 necess\u00e1rio destacar que hoje, em 2022, as crian\u00e7as est\u00e3o expostas a coisas absurdas e repugnantes seja na internet ou em outros servi\u00e7os de streaming que competem com a Disney, que sequer \u00e9 poss\u00edvel comparar com um tema completamente natural (e inevit\u00e1vel) como a menstrua\u00e7\u00e3o. Ent\u00e3o, ponto para a Disney!<\/p>\n\n\n\n<p>Outro trunfo do filme \u00e9 o modo como ele destaca o &#8220;empoderamento feminino&#8221;, sem clich\u00eas e discursos distorcidos das redes sociais. Com um total holofote em mulheres fortes, o filme n\u00e3o faz nenhum apelo para este fato, \u00e9 apenas uma garota, sua m\u00e3e, av\u00f3 e tias cuidando de si mesmas, como sempre ocorreu, independente de bandeiras pol\u00edticas. Pois no final das contas \u00e9 um filme sobre fam\u00edlia e responsabilidades, o que dificilmente o jovem da internet de hoje entende. Sem d\u00favidas a personagem Meilin, entre seus erros e acertos, \u00e9 muito mais respons\u00e1vel do que qualquer jovem brasileiro que se diz politizado, que provavelmente vai aplaudir o filme e comentar com a hashtag #girlpower, sem entender a real mensagem que ele traz. Assim, mais um ponto para a Disney que vai conseguir driblar os analfabetos funcionais do Twitter, transmitindo mensagens adequadas para as crian\u00e7as. <\/p>\n\n\n\n<p>Apesar de todas essas qualidades, a mec\u00e2nica da trama \u00e9 bem batida quando explora a rela\u00e7\u00e3o entre uma m\u00e3e e sua filha. Diversos momentos do longa nos fazem lembrar filmes como &#8220;Sexta-feira muito louca&#8221;, &#8220;Valente&#8221; e at\u00e9 mesmo filmes como &#8220;Lady Bird&#8221; e o brasileiro &#8220;Fala S\u00e9rio, M\u00e3e&#8221;. E em meio a tantas mensagens importantes e in\u00e9ditas, ainda fica uma sensa\u00e7\u00e3o que j\u00e1 vimos o filme antes. O que coloca em cheque a resposta da pergunta do in\u00edcio do texto sobre um lan\u00e7amento nos cinemas, afinal um lan\u00e7amento no Disney+ parece mais adequado, pois a plataforma tamb\u00e9m merece filmes de qualidade como este.<\/p>\n\n\n\n<p>Vale dizer ainda que apesar de, como sempre, a qualidade da anima\u00e7\u00e3o ser impec\u00e1vel, a express\u00e3o de alguns personagens deixa muito a desejar. Claramente \u00e9 uma escolha art\u00edstica para tornar os adolescentes inexpressivos como a maioria realmente \u00e9, mas para um longa metragem incomoda bastante. Voc\u00ea que ainda n\u00e3o assistiu, repare bem na (falta de) express\u00e3o das colegas da protagonista. <\/p>\n\n\n\n<p>No fim, o filme agrada e acaba sendo um bom entretenimento caseiro mesmo. Essencial para garotas, &#8220;Red: Crescer \u00e9 uma Fera&#8221; estar\u00e1 dispon\u00edvel no Disney+ a partir de 11 de mar\u00e7o. <br><br><\/p>","protected":false},"excerpt":{"rendered":"<p>&#8220;Soul&#8221; e &#8220;Luca&#8221; s\u00e3o os filmes do premiado est\u00fadio da lumin\u00e1ria revoltada que tiveram seus lan\u00e7amentos cancelados nos cinemas, estrat\u00e9gia que revoltou muitos dos animadores que trabalharam em tais projetos. N\u00e3o \u00e9 para menos, j\u00e1 que ambos certamente foram filmes incr\u00edveis e a experi\u00eancia cinematogr\u00e1fica os valorizaria ainda mais. E agora \u00e9 a vez de [&hellip;]<\/p>","protected":false},"author":65,"featured_media":79987,"comment_status":"closed","ping_status":"open","sticky":false,"template":"","format":"standard","meta":{"_exactmetrics_skip_tracking":false,"_exactmetrics_sitenote_active":false,"_exactmetrics_sitenote_note":"","_exactmetrics_sitenote_category":0,"footnotes":""},"categories":[2415,15929],"tags":[7947,6859,16350],"_links":{"self":[{"href":"https:\/\/www.cinemaup.com.br\/en\/wp-json\/wp\/v2\/posts\/79986"}],"collection":[{"href":"https:\/\/www.cinemaup.com.br\/en\/wp-json\/wp\/v2\/posts"}],"about":[{"href":"https:\/\/www.cinemaup.com.br\/en\/wp-json\/wp\/v2\/types\/post"}],"author":[{"embeddable":true,"href":"https:\/\/www.cinemaup.com.br\/en\/wp-json\/wp\/v2\/users\/65"}],"replies":[{"embeddable":true,"href":"https:\/\/www.cinemaup.com.br\/en\/wp-json\/wp\/v2\/comments?post=79986"}],"version-history":[{"count":3,"href":"https:\/\/www.cinemaup.com.br\/en\/wp-json\/wp\/v2\/posts\/79986\/revisions"}],"predecessor-version":[{"id":79996,"href":"https:\/\/www.cinemaup.com.br\/en\/wp-json\/wp\/v2\/posts\/79986\/revisions\/79996"}],"wp:featuredmedia":[{"embeddable":true,"href":"https:\/\/www.cinemaup.com.br\/en\/wp-json\/wp\/v2\/media\/79987"}],"wp:attachment":[{"href":"https:\/\/www.cinemaup.com.br\/en\/wp-json\/wp\/v2\/media?parent=79986"}],"wp:term":[{"taxonomy":"category","embeddable":true,"href":"https:\/\/www.cinemaup.com.br\/en\/wp-json\/wp\/v2\/categories?post=79986"},{"taxonomy":"post_tag","embeddable":true,"href":"https:\/\/www.cinemaup.com.br\/en\/wp-json\/wp\/v2\/tags?post=79986"}],"curies":[{"name":"wp","href":"https:\/\/api.w.org\/{rel}","templated":true}]}}