{"id":80000,"date":"2022-03-17T21:49:54","date_gmt":"2022-03-18T00:49:54","guid":{"rendered":"https:\/\/www.cinemaup.com.br\/?p=80000"},"modified":"2022-03-17T21:50:10","modified_gmt":"2022-03-18T00:50:10","slug":"belfast-nostalgia-em-preto-e-branco-em-uma-carta-de-amor-a-infancia-e-a-belfast","status":"publish","type":"post","link":"https:\/\/www.cinemaup.com.br\/en\/belfast-nostalgia-em-preto-e-branco-em-uma-carta-de-amor-a-infancia-e-a-belfast\/","title":{"rendered":"BELFAST | NOSTALGIA EM PRETO E BRANCO EM UMA CARTA DE AMOR \u00c0 INF\u00c2NCIA E \u00c0 BELFAST"},"content":{"rendered":"<p>Belfast \u00e9 um filme que grita pessoalidade desde seus primeiros momentos em preto e branco. Come\u00e7ando com uma montagem da cidade com cores vibrantes nos dias atuais, uma cita\u00e7\u00e3o tocante nos tira as cores e leva para Belfast de 1969, mais precisamente para a rua onde mora Buddy (Jude Hill), o menino de 9 anos que nos dar\u00e1 sua perspectiva de toda a hist\u00f3ria.<\/p>\n\n\n\n<p>O filme se trata de uma autobiografia, escrito e dirigido pelo tamb\u00e9m ator Kenneth Branagh, que utiliza Buddy como sua vers\u00e3o infantil fict\u00edcia para contar sobre sua inf\u00e2ncia na Irlanda durante \u201cthe Troubles\u201d, os conflitos entre cat\u00f3licos e protestantes. Aqui, o foco \u00e9 justamente a vis\u00e3o simples e ing\u00eanua de uma crian\u00e7a sobre conflitos t\u00e3o violentos e consequ\u00eancias t\u00e3o amplas. Tudo que vemos da trama \u00e9 pelo ponto de vista de Buddy, trechos de conversas que ele ouve de adultos nos explicam um pouco (e s\u00f3 um pouco mesmo) dos conflitos religiosos e dos problemas pessoais que assolam a fam\u00edlia, sua m\u00e3e (Caitriona Balfe) parece uma estrela de cinema at\u00e9 quando descasca batatas e seu pai (Jamie Dornan) \u00e9 sempre mostrado de baixo para cima, como Buddy o v\u00ea, lhe dando um ar heroico sempre que se junta \u00e0 fam\u00edlia. Nenhum dos personagens do n\u00facleo familiar tem nome pr\u00f3prio, conhecemos apenas como M\u00e3e, Pai, Av\u00f4 e Av\u00f3, assim como Buddy.<\/p>\n\n\n\n<p>A fam\u00edlia de Buddy \u00e9 protestante, mas seu bairro \u00e9 misturado e o mundo perfeito de faz de conta em que vive Buddy \u00e9 colocado \u00e0 prova quando a mil\u00edcia ataca os cat\u00f3licos que sempre moraram e conviveram em perfeita harmonia com a vizinhan\u00e7a, e al\u00e9m de atacar os cat\u00f3licos, exige que os protestantes se juntem \u00e0 luta com a for\u00e7a bruta ou com dinheiro, mas a fam\u00edlia de Buddy se recusa e acaba se tornando um alvo tamb\u00e9m, ainda que em menor escala. A crian\u00e7a pouco compreende da situa\u00e7\u00e3o em que est\u00e1 inserida e apesar dessa inoc\u00eancia ser o fator almejado pelo diretor, em alguns momentos \u00e9 poss\u00edvel sentir a falta de uma posi\u00e7\u00e3o pol\u00edtica mais clara por parte da hist\u00f3ria.<\/p>\n\n\n\n<p>Um dos pontos altos do filme est\u00e1 na rela\u00e7\u00e3o dos av\u00f3s de Buddy, que depois de d\u00e9cadas e d\u00e9cadas juntos, ainda nutrem um pelo outro um carinho, respeito e cumplicidade sem igual. Entre discuss\u00f5es bobas e serenatas apaixonadas, o amor que a Av\u00f3 (Judi Dench) e o Av\u00f4 (Ciar\u00e1n Hinds) compartilham n\u00e3o s\u00f3 um pelo outro, mas tamb\u00e9m pela cidade de Belfast, desenvolve ainda mais os sentimentos de pertencimento e nostalgia, t\u00e3o presentes durante toda a trama.<\/p>\n\n\n\n<p>Trechos de seus filmes e programas de tv preferidos tamb\u00e9m embalam a narra\u00e7\u00e3o de Buddy e nos d\u00e3o um vislumbre do que viria a ser sua carreira no mundo do cinema. A m\u00fasica tamb\u00e9m tem um grande papel aqui, a trilha sonora \u00e9 composta em grande parte por can\u00e7\u00f5es de Van Morrison (pode parecer um pouco brega, mas funciona!) e d\u00e1 o clima necess\u00e1rio para dar continuidade ao clima aconchegante criado pela suavidade da vis\u00e3o de Buddy.<\/p>\n\n\n\n<p>Os conflitos em sua rua, a rivalidade com a mil\u00edcia e a oferta de um emprego na Inglaterra para o Pai levam a fam\u00edlia \u00e0 dif\u00edcil decis\u00e3o entre continuar em Belfast apesar de todas as dificuldades que s\u00f3 aumentam, ou deixarem para tr\u00e1s a cidade a \u00fanica vizinhan\u00e7a que j\u00e1 amaram e faziam parte de suas vidas desde o princ\u00edpio.<\/p>\n\n\n\n<p>Belfast \u00e9 um filme esteticamente muito bonito, com uma narrativa sens\u00edvel e tocante, apesar de n\u00e3o se aprofundar muito em assuntos que poderiam ser melhor discutidos.<\/p>","protected":false},"excerpt":{"rendered":"<p>Belfast \u00e9 um filme que grita pessoalidade desde seus primeiros momentos em preto e branco. Come\u00e7ando com uma montagem da cidade com cores vibrantes nos dias atuais, uma cita\u00e7\u00e3o tocante nos tira as cores e leva para Belfast de 1969, mais precisamente para a rua onde mora Buddy (Jude Hill), o menino de 9 anos [&hellip;]<\/p>","protected":false},"author":60,"featured_media":80004,"comment_status":"closed","ping_status":"open","sticky":false,"template":"","format":"standard","meta":{"_exactmetrics_skip_tracking":false,"_exactmetrics_sitenote_active":false,"_exactmetrics_sitenote_note":"","_exactmetrics_sitenote_category":0,"footnotes":""},"categories":[2415],"tags":[16351,16312],"_links":{"self":[{"href":"https:\/\/www.cinemaup.com.br\/en\/wp-json\/wp\/v2\/posts\/80000"}],"collection":[{"href":"https:\/\/www.cinemaup.com.br\/en\/wp-json\/wp\/v2\/posts"}],"about":[{"href":"https:\/\/www.cinemaup.com.br\/en\/wp-json\/wp\/v2\/types\/post"}],"author":[{"embeddable":true,"href":"https:\/\/www.cinemaup.com.br\/en\/wp-json\/wp\/v2\/users\/60"}],"replies":[{"embeddable":true,"href":"https:\/\/www.cinemaup.com.br\/en\/wp-json\/wp\/v2\/comments?post=80000"}],"version-history":[{"count":2,"href":"https:\/\/www.cinemaup.com.br\/en\/wp-json\/wp\/v2\/posts\/80000\/revisions"}],"predecessor-version":[{"id":80007,"href":"https:\/\/www.cinemaup.com.br\/en\/wp-json\/wp\/v2\/posts\/80000\/revisions\/80007"}],"wp:featuredmedia":[{"embeddable":true,"href":"https:\/\/www.cinemaup.com.br\/en\/wp-json\/wp\/v2\/media\/80004"}],"wp:attachment":[{"href":"https:\/\/www.cinemaup.com.br\/en\/wp-json\/wp\/v2\/media?parent=80000"}],"wp:term":[{"taxonomy":"category","embeddable":true,"href":"https:\/\/www.cinemaup.com.br\/en\/wp-json\/wp\/v2\/categories?post=80000"},{"taxonomy":"post_tag","embeddable":true,"href":"https:\/\/www.cinemaup.com.br\/en\/wp-json\/wp\/v2\/tags?post=80000"}],"curies":[{"name":"wp","href":"https:\/\/api.w.org\/{rel}","templated":true}]}}