{"id":80036,"date":"2022-03-29T22:44:52","date_gmt":"2022-03-30T01:44:52","guid":{"rendered":"https:\/\/www.cinemaup.com.br\/?p=80036"},"modified":"2022-03-29T22:45:12","modified_gmt":"2022-03-30T01:45:12","slug":"primeiras-impressoes-nova-serie-da-marvel-cavaleiro-da-lua-traz-personagem-inedito-que-pode-cativar-publico","status":"publish","type":"post","link":"https:\/\/www.cinemaup.com.br\/en\/primeiras-impressoes-nova-serie-da-marvel-cavaleiro-da-lua-traz-personagem-inedito-que-pode-cativar-publico\/","title":{"rendered":"PRIMEIRAS IMPRESS\u00d5ES| Nova s\u00e9rie da Marvel, \u201cCavaleiro da Lua\u201d, traz personagem in\u00e9dito que pode cativar p\u00fablico"},"content":{"rendered":"<p>A nova s\u00e9rie da Marvel, o \u201cCavaleiro da Lua&#8221;, \u00e9 protagonizada pelo ator Oscar Isaac, que volta para a Disney depois de sua participa\u00e7\u00e3o nos \u00faltimos filmes da saga Star Wars, como o piloto Poe Dameron.&nbsp;<\/p>\n\n\n\n<p>A produ\u00e7\u00e3o \u00e9 a grande aposta da MCU em apresentar um personagem in\u00e9dito, onde a maioria dos espectadores n\u00e3o conhecem nada sobre a hist\u00f3ria de origem do anti-her\u00f3i. Vale ressaltar, que a narrativa \u00e9 diferente do que apresentado no trailer, que tinha uma atmosfera mais sombria, Pelo contr\u00e1rio, a s\u00e9rie est\u00e1 longe de ser um thriller, onde o humor \u00e9 muito presente, al\u00e9m de ser extremamente din\u00e2mico com diversas de cenas de a\u00e7\u00e3o.<\/p>\n\n\n\n<p>Em \u201cO Cavaleiro da Lua\u201d, acompanhamos o cotidiano de Steven Grant (Oscar Isaac), um funcion\u00e1rio de uma loja de souvenir, que \u00e9 atormentado por apag\u00f5es e mem\u00f3rias de outra vida. Steven descobre que tem transtorno dissociativo de identidade e divide o corpo com o mercen\u00e1rio Marc Spector. \u00c0 medida que os inimigos de Steven\/Marc se voltam para eles, ambos devem navegar em suas complexas identidades enquanto mergulham em um mist\u00e9rio mortal entre os poderosos deuses do Egito.<\/p>\n\n\n\n<p>Logo no primeiro epis\u00f3dio, nota-se um desenvolvimento narrativo diferente da f\u00f3rmula Marvel, onde \u00e9 apresentado a hist\u00f3ria de forma misteriosa, criando essa confus\u00e3o mental do p\u00fablico junto com o protagonista, que est\u00e1 imerso na sua loucura, sem o controle do seu corpo e sua mente. E \u00e9 de forma gradativa, que conhecemos mais sobre a personalidade de Steven Grant, um homem solit\u00e1rio, indefeso, que vive perdido no que \u00e9 realidade ou apenas um sonho.\u00a0<\/p>\n\n\n\n<p>Os primeiros epis\u00f3dio mostram que coisas estranhas ocorrem com Steven, e ele n\u00e3o tem conhecimento, at\u00e9 que finalmente ele percebe que tem mais de uma identidade, o Marc, um mercen\u00e1rio, que \u00e9 totalmente o seu oposto. E a atua\u00e7\u00e3o de Oscar Isaac durante a troca de personalidade \u00e9 excepcional, transmitindo visualmente as mudan\u00e7as de comportamento, na forma de agir, falar e andar.<\/p>\n\n\n\n<p>Outro grande nome do elenco \u00e9 Ethan Hawke que faz o vil\u00e3o Arthur Harrow, um fan\u00e1tico religioso, que usa a sua cren\u00e7a para manipular e atrair seguidores para sua seita. \u00c9 um personagem extremamente interessante para a trama, onde Hawke tem um \u00f3timo desempenho.<\/p>\n\n\n\n<p>Um dos grandes problemas da s\u00e9rie est\u00e1 nos efeitos visuais, onde \u00e9 imposs\u00edvel n\u00e3o reparar como o CGI t\u00eam movimentos artificiais, principalmente, na cria\u00e7\u00e3o digital dos monstros que o protagonista enfrenta. Por ser uma produ\u00e7\u00e3o da Marvel\/Disney, existe uma cobran\u00e7a maior em rela\u00e7\u00e3o aos efeitos, sendo essa a mais fraca para o padr\u00e3o esperado de um grande est\u00fadio. \u00a0<\/p>\n\n\n\n<p>Por fim, se \u201cCavaleiro da Lua\u201d continuar no ritmo que come\u00e7ou, pode sim agradar o p\u00fablico, mesmo que os problemas dos efeitos possam incomodar os olhares mais exigentes. A hist\u00f3ria \u00e9 intrigante, divertida e o elenco muito bem escalado. \u00c9 uma oportunidade da Marvel apresentar novas hist\u00f3rias e novos personagens do seu pr\u00f3prio universo<\/p>","protected":false},"excerpt":{"rendered":"<p>A nova s\u00e9rie da Marvel, o \u201cCavaleiro da Lua&#8221;, \u00e9 protagonizada pelo ator Oscar Isaac, que volta para a Disney depois de sua participa\u00e7\u00e3o nos \u00faltimos filmes da saga Star Wars, como o piloto Poe Dameron.&nbsp; A produ\u00e7\u00e3o \u00e9 a grande aposta da MCU em apresentar um personagem in\u00e9dito, onde a maioria dos espectadores n\u00e3o [&hellip;]<\/p>","protected":false},"author":64,"featured_media":80038,"comment_status":"closed","ping_status":"open","sticky":false,"template":"","format":"standard","meta":{"_exactmetrics_skip_tracking":false,"_exactmetrics_sitenote_active":false,"_exactmetrics_sitenote_note":"","_exactmetrics_sitenote_category":0,"footnotes":""},"categories":[1],"tags":[16353,15827,99],"_links":{"self":[{"href":"https:\/\/www.cinemaup.com.br\/en\/wp-json\/wp\/v2\/posts\/80036"}],"collection":[{"href":"https:\/\/www.cinemaup.com.br\/en\/wp-json\/wp\/v2\/posts"}],"about":[{"href":"https:\/\/www.cinemaup.com.br\/en\/wp-json\/wp\/v2\/types\/post"}],"author":[{"embeddable":true,"href":"https:\/\/www.cinemaup.com.br\/en\/wp-json\/wp\/v2\/users\/64"}],"replies":[{"embeddable":true,"href":"https:\/\/www.cinemaup.com.br\/en\/wp-json\/wp\/v2\/comments?post=80036"}],"version-history":[{"count":1,"href":"https:\/\/www.cinemaup.com.br\/en\/wp-json\/wp\/v2\/posts\/80036\/revisions"}],"predecessor-version":[{"id":80039,"href":"https:\/\/www.cinemaup.com.br\/en\/wp-json\/wp\/v2\/posts\/80036\/revisions\/80039"}],"wp:featuredmedia":[{"embeddable":true,"href":"https:\/\/www.cinemaup.com.br\/en\/wp-json\/wp\/v2\/media\/80038"}],"wp:attachment":[{"href":"https:\/\/www.cinemaup.com.br\/en\/wp-json\/wp\/v2\/media?parent=80036"}],"wp:term":[{"taxonomy":"category","embeddable":true,"href":"https:\/\/www.cinemaup.com.br\/en\/wp-json\/wp\/v2\/categories?post=80036"},{"taxonomy":"post_tag","embeddable":true,"href":"https:\/\/www.cinemaup.com.br\/en\/wp-json\/wp\/v2\/tags?post=80036"}],"curies":[{"name":"wp","href":"https:\/\/api.w.org\/{rel}","templated":true}]}}