{"id":80221,"date":"2022-06-30T12:37:41","date_gmt":"2022-06-30T15:37:41","guid":{"rendered":"https:\/\/www.cinemaup.com.br\/?p=80221"},"modified":"2022-06-30T12:37:50","modified_gmt":"2022-06-30T15:37:50","slug":"minions-2-a-origem-de-gru-com-a-mesma-essencia-mas-reformulados-os-minions-provam-que-ainda-sabem-divertir","status":"publish","type":"post","link":"https:\/\/www.cinemaup.com.br\/en\/minions-2-a-origem-de-gru-com-a-mesma-essencia-mas-reformulados-os-minions-provam-que-ainda-sabem-divertir\/","title":{"rendered":"MINIONS 2: A ORIGEM DE GRU | COM A MESMA ESS\u00caNCIA, MAS REFORMULADOS, OS MINIONS PROVAM QUE AINDA SABEM DIVERTIR"},"content":{"rendered":"<p>H\u00e1 mais de 10 anos os minions, essas criaturinhas amarelas que n\u00e3o falam coisa com coisa, tomaram conta das telonas, das festas infantis, das prateleiras das lojas de brinquedos, de festas \u00e0 fantasia&#8230; Enfim, ningu\u00e9m pode dizer que os minions n\u00e3o s\u00e3o um grande sucesso. Eles apareceram como coadjuvantes nos tr\u00eas filmes da franquia \u201cMeu Malvado Favorito\u201d, e no meio tempo ainda garantiram um filme em que eram a grande estrela. Minions, lan\u00e7ado em 2015, certamente n\u00e3o foi t\u00e3o bom quanto poderia ser, e parte da culpa estava no excesso. Sim, esses bichinhos amarelos s\u00e3o fofos, engra\u00e7ados e ador\u00e1veis, e a gente acaba entendendo o que eles querem dizer mesmo que nenhuma frase tenha mais de duas palavras inteiras e os filmes do \u201cMeu Malvado Favorito\u201d (foco nos dois primeiros) j\u00e1 provaram que eles s\u00e3o \u00f3timos coadjuvantes, mas um filme cheio de minions do come\u00e7o ao fim e com pouca intera\u00e7\u00e3o humana d\u00e1 mais trabalho para prender nossa aten\u00e7\u00e3o por quase 2 horas.<\/p>\n\n\n\n<p>Kyle Balda parece ter entendido muito bem essa diferen\u00e7a. Minions 2: A Origem de Gru \u00e9 oficialmente a sequ\u00eancia do filme lan\u00e7ado em 2015, mas aqui os minions d\u00e3o um passo para tr\u00e1s em sua participa\u00e7\u00e3o e, como o pr\u00f3prio t\u00edtulo sugere, temos a hist\u00f3ria de como Gru deu os primeiros passos na vilania e como os minions apareceram na sua vida. Enquanto o primeiro filme se passava nos anos 60, a sequ\u00eancia acertou mais uma vez ao colocar seus personagens na d\u00e9cada de 70, a ambienta\u00e7\u00e3o e trilha sonora sendo um dos pontos altos do filme que diverte do come\u00e7o ao fim.<\/p>\n\n\n\n<p>Gru \u00e9 apenas uma crian\u00e7a, mas mesmo com sua pouca idade ele j\u00e1 tem apenas um sonho: se tornar um grande vil\u00e3o, o que j\u00e1 fazia dele um alvo de piada entre seus colegas de classe, mas Gru nunca se deixou definir pela opini\u00e3o alheia. Quando seu grupo preferido de vil\u00f5es, o Sexteto Sinistro, abre uma vaga (vulgo traem Willy Kobra, o membro mais velho \u2013 e fundador \u2013 e o expulsam do grupo), Gru n\u00e3o pensa duas vezes antes de se candidatar. \u00c9 claro que quando ele chega para a entrevista, os vil\u00f5es n\u00e3o o levam a s\u00e9rio, afinal de contas ele \u00e9 apenas uma crian\u00e7a, mas o pequeno aspirante a vil\u00e3o n\u00e3o se d\u00e1 por vencido e, com a ajuda do trio j\u00e1 conhecido de minions Kevin, Stuart e Bob e do novato Otto, consegue roubar a pedra do zod\u00edaco que o grupo se vangloriava por ter conquistado.<\/p>\n\n\n\n<p>Na posse da pedra cheia de poderes, Gru enfim chama aten\u00e7\u00e3o de seus \u00eddolos, mas n\u00e3o do jeito que ele desejava. As coisas pioram quando o desastrado Otto perde a pedra que acabou em suas m\u00e3os e come\u00e7a uma verdadeira ca\u00e7ada entre Gru e os minions, o Sexteto Sinistro e at\u00e9 mesmo o rejeitado Willy Kobra entra na disputa.<\/p>\n\n\n\n<p>Como todo bom filme infantil, Minions: A Origem de Gru traz consigo belas mensagens, que apesar de n\u00e3o serem complexas, s\u00e3o valiosas, a principal delas sendo a de que \u00e9 ok pedir ajuda. Na primeira parte do filme, Gru, mesmo com sua pouca idade, quer se afastar dos minions, muitas vezes eles mais atrapalham do que ajudam em suas aventuras e Gru decide que j\u00e1 est\u00e1 muito velho para precisar dos mini ajudantes, mas assim como Willy Kobra \u00e9 o maior \u00eddolo de Gru, esse \u00e9 o maior \u00eddolo dos minions e eles far\u00e3o qualquer coisa para realizar os sonhos de seu mini chefe, como eles mesmos dizem.<\/p>\n\n\n\n<p>Os esfor\u00e7os dos minions para salvar e ajudar Gru rendem \u00f3timas cenas, com uma men\u00e7\u00e3o especial a uma sequ\u00eancia em que Kevin, Stuart e Bob aprendem a lutar kung fu em algumas das cenas mais engra\u00e7adas de todo o filme. Al\u00e9m das cenas de a\u00e7\u00e3o com artes marciais, muitas outras refer\u00eancias s\u00e3o feitas aos anos 70, desde a caracteriza\u00e7\u00e3o do Sexteto Sinistro, \u00e0 loja de discos que serve de QG para eles e, principalmente, a trilha sonora, que desde os primeiros minutos do filme j\u00e1 deixam bem claro para os adultos acompanhando as crian\u00e7as ao cinema que eles podem at\u00e9 n\u00e3o ser muito f\u00e3 da hist\u00f3ria, mas pelo menos m\u00fasica boa eles v\u00e3o ouvir.<\/p>\n\n\n\n<p>Alguns personagens j\u00e1 conhecidos tamb\u00e9m d\u00e3o as caras nessa sequ\u00eancia, a m\u00e3e de Gru aparece mostrando que sempre foi m\u00e3e relapsa e indiferente como conhecemos nos \u00faltimos filmes, temos uma indica\u00e7\u00e3o da origem de um outro vil\u00e3o e ainda somos apresentados ao Dr. Nef\u00e1rio antes de trabalhar com Gru e os minions.<\/p>\n\n\n\n<p>Minions 2: A Origem de Gru conseguiu se dar bem tanto quanto sequ\u00eancia de Minions e prequ\u00eancia de Meu Malvado Favorito. \u00c9 claro que n\u00e3o era um filme necess\u00e1rio e, falando a verdade, n\u00e3o adiciona quase nada ao universo dos filmes, mas considerando que o que fala mais alto aqui \u00e9 a bilheteria, o resultado no quesito qualidade foi satisfat\u00f3rio e divertido, muito mais do que os dois \u00faltimos filmes da franquia, mas talvez agora seja a hora de dar um tempo nos novos conte\u00fados sobre as criaturas amarelas, que j\u00e1 est\u00e3o bem perto de se desgastarem. &nbsp;<\/p>","protected":false},"excerpt":{"rendered":"<p>H\u00e1 mais de 10 anos os minions, essas criaturinhas amarelas que n\u00e3o falam coisa com coisa, tomaram conta das telonas, das festas infantis, das prateleiras das lojas de brinquedos, de festas \u00e0 fantasia&#8230; Enfim, ningu\u00e9m pode dizer que os minions n\u00e3o s\u00e3o um grande sucesso. Eles apareceram como coadjuvantes nos tr\u00eas filmes da franquia \u201cMeu [&hellip;]<\/p>","protected":false},"author":60,"featured_media":80222,"comment_status":"closed","ping_status":"open","sticky":false,"template":"","format":"standard","meta":{"_exactmetrics_skip_tracking":false,"_exactmetrics_sitenote_active":false,"_exactmetrics_sitenote_note":"","_exactmetrics_sitenote_category":0,"footnotes":""},"categories":[2415],"tags":[1837,2473],"_links":{"self":[{"href":"https:\/\/www.cinemaup.com.br\/en\/wp-json\/wp\/v2\/posts\/80221"}],"collection":[{"href":"https:\/\/www.cinemaup.com.br\/en\/wp-json\/wp\/v2\/posts"}],"about":[{"href":"https:\/\/www.cinemaup.com.br\/en\/wp-json\/wp\/v2\/types\/post"}],"author":[{"embeddable":true,"href":"https:\/\/www.cinemaup.com.br\/en\/wp-json\/wp\/v2\/users\/60"}],"replies":[{"embeddable":true,"href":"https:\/\/www.cinemaup.com.br\/en\/wp-json\/wp\/v2\/comments?post=80221"}],"version-history":[{"count":1,"href":"https:\/\/www.cinemaup.com.br\/en\/wp-json\/wp\/v2\/posts\/80221\/revisions"}],"predecessor-version":[{"id":80223,"href":"https:\/\/www.cinemaup.com.br\/en\/wp-json\/wp\/v2\/posts\/80221\/revisions\/80223"}],"wp:featuredmedia":[{"embeddable":true,"href":"https:\/\/www.cinemaup.com.br\/en\/wp-json\/wp\/v2\/media\/80222"}],"wp:attachment":[{"href":"https:\/\/www.cinemaup.com.br\/en\/wp-json\/wp\/v2\/media?parent=80221"}],"wp:term":[{"taxonomy":"category","embeddable":true,"href":"https:\/\/www.cinemaup.com.br\/en\/wp-json\/wp\/v2\/categories?post=80221"},{"taxonomy":"post_tag","embeddable":true,"href":"https:\/\/www.cinemaup.com.br\/en\/wp-json\/wp\/v2\/tags?post=80221"}],"curies":[{"name":"wp","href":"https:\/\/api.w.org\/{rel}","templated":true}]}}