{"id":80344,"date":"2022-09-01T10:24:59","date_gmt":"2022-09-01T13:24:59","guid":{"rendered":"https:\/\/www.cinemaup.com.br\/?p=80344"},"modified":"2022-09-01T10:25:16","modified_gmt":"2022-09-01T13:25:16","slug":"predestinado-arigo-e-o-espirito-do-dr-fritz-uma-historia-emocionante-alem-da-religao","status":"publish","type":"post","link":"https:\/\/www.cinemaup.com.br\/en\/predestinado-arigo-e-o-espirito-do-dr-fritz-uma-historia-emocionante-alem-da-religao\/","title":{"rendered":"PREDESTINADO: ARIG\u00d3 E O ESP\u00cdRITO DO DR. FRITZ | UMA HIST\u00d3RIA EMOCIONANTE, AL\u00c9M DA RELIG\u00c3O"},"content":{"rendered":"<p>O Brasil \u00e9 o pa\u00eds com maior n\u00famero de praticantes do espiritismo, o que n\u00e3o necessariamente reflete numa toler\u00e2ncia religiosa (apesar de termos melhorado como sociedade nesse aspecto, como podemos comparar com a experi\u00eancia do filme que se passa nos anos 50\/60), mas \u00e9 refletido no cinema brasileiro, que com certa frequ\u00eancia volta a trazer filmes com essa tem\u00e1tica, criando at\u00e9 alguns cl\u00e1ssicos como \u201cNosso Lar\u201d. \u00c9 ineg\u00e1vel a influ\u00eancia de grandes nomes do espiritismo como Allan Kardec, Chico Xavier e das obras de Z\u00edbia Gasparetto na nossa cultura, mas ainda existem muitos nomes cujas hist\u00f3rias ricas n\u00e3o foram exploradas. Um desses nomes \u00e9 o de Z\u00e9 Arig\u00f3, que chamou aten\u00e7\u00e3o da m\u00eddia, no Brasil e no mundo, no passado, mas n\u00e3o alcan\u00e7ou as novas gera\u00e7\u00f5es \u2013 pelo menos n\u00e3o at\u00e9 antes desse filme.<\/p>\n\n\n\n<p>Jos\u00e9 Pedro de Freitas, ou simplesmente Arig\u00f3 (Danton Mello), como era conhecido, era um homem comum que levava uma vida simples na pacata cidade de Congonhas, Minas Gerais, com sua mulher Arlete (Juliana Paes) e seus filhos. Na cidade pequena, em que todos viviam em comunidade e harmonia, Arig\u00f3 j\u00e1 era querido pelos vizinhos e amigos, mas tudo isso \u00e9 posto \u00e0 prova quando a vida de Arig\u00f3 muda drasticamente por motivos sobrenaturais.<\/p>\n\n\n\n<p>Sem qualquer explica\u00e7\u00e3o, Arig\u00f3 passa a sonhar com coisas misteriosas e ver o que ele acredita ser o esp\u00edrito de Dr. Fritz, um m\u00e9dico alem\u00e3o que atuou \u2013 e faleceu \u2013 durante a Primeira Guerra Mundial. A princ\u00edpio, Arig\u00f3 n\u00e3o entende o que est\u00e1 acontecendo consigo e esse momento de confus\u00e3o e estranhamento nos \u00e9 transmitido no filme com cenas carregadas de elementos cinematogr\u00e1ficos de suspense e terror, criando uma atmosfera de mist\u00e9rio que se encaixa bem na narrativa, apesar de chegar perto do exagero em um momento ou outro.<\/p>\n\n\n\n<p>Passado o momento de completa incompreens\u00e3o de sua situa\u00e7\u00e3o, Arig\u00f3 recebe a visita do esp\u00edrito de Dr. Fritz, que lhe traz uma miss\u00e3o: Arig\u00f3 deve ser seu recept\u00e1culo na Terra e, atrav\u00e9s de seu corpo, o Dr. Fritz atuar\u00e1 para curar pessoas e salvar vidas. A ideia pode ser bonita, mas Arig\u00f3 sofreria as consequ\u00eancias na pr\u00e1tica. Quando incorporado por Dr. Fritz, Arig\u00f3 perdia seu pr\u00f3prio senso de consci\u00eancia, ele se tornava o m\u00e9dico, falava com sotaque alem\u00e3o, prescrevia rem\u00e9dios que Arig\u00f3 n\u00e3o tinha como saber que existam e, mais importante e preocupante, perdia sua personalidade como Arig\u00f3.<\/p>\n\n\n\n<p>Os desafios enfrentados por Arig\u00f3 \u00e9 o que embala a narrativa do filme. Primeiramente sua relut\u00e2ncia em aceitar dividir seu corpo e sua vida com o m\u00e9dico alem\u00e3o, abdicando de seus planos pessoais e, principalmente, de suas chances de viver uma vida normal. As consequ\u00eancias se estenderam para sua fam\u00edlia, Arlete, sua esposa muito bem representada por Juliana Paes, que diferentemente de seus pap\u00e9is mais comuns, dessa vez d\u00e1 vida \u00e0 uma mulher simpl\u00f3ria e sem vaidades, que demonstra uma for\u00e7a inabal\u00e1vel ao se manter ao lado de seu marido diante de todos os obst\u00e1culos.<\/p>\n\n\n\n<p>Como se o fato de compartilhar sua exist\u00eancia com um esp\u00edrito n\u00e3o fosse desafiador o suficiente, Arig\u00f3 ainda enfrenta a descren\u00e7a e acusa\u00e7\u00f5es da igreja cat\u00f3lica na imagem de Padre Anselmo (Marcos Caruso), que o persegue ao ponto de conseguir mandar Arig\u00f3 para a cadeia, apesar do mesmo nunca ter feito qualquer mal. Como a igreja cat\u00f3lica era a grande entidade da tradicional cidade de Congonhas, a persegui\u00e7\u00e3o de igreja culminava na rejei\u00e7\u00e3o de seus pr\u00f3prios colegas e amigos tamb\u00e9m, acrescentando pedras no caminho j\u00e1 tortuoso de Arig\u00f3. Toda essa trajet\u00f3ria \u00e9 muito bem transmitida por Danton Mello, que faz um trabalho memor\u00e1vel tanto como o simples Arig\u00f3 quanto como o m\u00e9dico alem\u00e3o.<\/p>\n\n\n\n<p>O filme dirigo por Gustavo Fernandez, adaptado da obra liter\u00e1ria \u201cArig\u00f3: O Cirurgi\u00e3o da Faca Enferrujada\u201d do escritor e jornalista brit\u00e2nico John G. Fuller, mistura bem o estilo brasileiro de cinema com aspectos do cinema norte-americano e traz em seu roteiro eventos muito pr\u00f3ximos dos fatos comprovados da vida de Arig\u00f3, tendo como fonte documentos, mem\u00f3rias da fam\u00edlia de Arig\u00f3 e estudos que testaram a mediunidade e as curas performadas pelo brasileiro.<\/p>\n\n\n\n<p>\u201cPredestinado: Arig\u00f3 e o Esp\u00edrito de Dr. Fritz\u201d \u00e9 um filme esp\u00edrita, mas tamb\u00e9m pode ser levado como um bom filme de fic\u00e7\u00e3o caso essa n\u00e3o seja sua cren\u00e7a. De qualquer forma \u00e9 um filme emocionante, com boas atua\u00e7\u00f5es e um bom representante do cinema brasileiro.<\/p>","protected":false},"excerpt":{"rendered":"<p>O Brasil \u00e9 o pa\u00eds com maior n\u00famero de praticantes do espiritismo, o que n\u00e3o necessariamente reflete numa toler\u00e2ncia religiosa (apesar de termos melhorado como sociedade nesse aspecto, como podemos comparar com a experi\u00eancia do filme que se passa nos anos 50\/60), mas \u00e9 refletido no cinema brasileiro, que com certa frequ\u00eancia volta a trazer [&hellip;]<\/p>","protected":false},"author":60,"featured_media":80346,"comment_status":"closed","ping_status":"open","sticky":false,"template":"","format":"standard","meta":{"_exactmetrics_skip_tracking":false,"_exactmetrics_sitenote_active":false,"_exactmetrics_sitenote_note":"","_exactmetrics_sitenote_category":0,"footnotes":""},"categories":[2415],"tags":[5557],"_links":{"self":[{"href":"https:\/\/www.cinemaup.com.br\/en\/wp-json\/wp\/v2\/posts\/80344"}],"collection":[{"href":"https:\/\/www.cinemaup.com.br\/en\/wp-json\/wp\/v2\/posts"}],"about":[{"href":"https:\/\/www.cinemaup.com.br\/en\/wp-json\/wp\/v2\/types\/post"}],"author":[{"embeddable":true,"href":"https:\/\/www.cinemaup.com.br\/en\/wp-json\/wp\/v2\/users\/60"}],"replies":[{"embeddable":true,"href":"https:\/\/www.cinemaup.com.br\/en\/wp-json\/wp\/v2\/comments?post=80344"}],"version-history":[{"count":1,"href":"https:\/\/www.cinemaup.com.br\/en\/wp-json\/wp\/v2\/posts\/80344\/revisions"}],"predecessor-version":[{"id":80349,"href":"https:\/\/www.cinemaup.com.br\/en\/wp-json\/wp\/v2\/posts\/80344\/revisions\/80349"}],"wp:featuredmedia":[{"embeddable":true,"href":"https:\/\/www.cinemaup.com.br\/en\/wp-json\/wp\/v2\/media\/80346"}],"wp:attachment":[{"href":"https:\/\/www.cinemaup.com.br\/en\/wp-json\/wp\/v2\/media?parent=80344"}],"wp:term":[{"taxonomy":"category","embeddable":true,"href":"https:\/\/www.cinemaup.com.br\/en\/wp-json\/wp\/v2\/categories?post=80344"},{"taxonomy":"post_tag","embeddable":true,"href":"https:\/\/www.cinemaup.com.br\/en\/wp-json\/wp\/v2\/tags?post=80344"}],"curies":[{"name":"wp","href":"https:\/\/api.w.org\/{rel}","templated":true}]}}