{"id":80421,"date":"2022-09-15T17:07:18","date_gmt":"2022-09-15T20:07:18","guid":{"rendered":"https:\/\/www.cinemaup.com.br\/?p=80421"},"modified":"2022-09-15T17:07:31","modified_gmt":"2022-09-15T20:07:31","slug":"orfa-2-a-origem-uma-nova-familia-novas-mortes-e-uma-nova-reviravolta","status":"publish","type":"post","link":"https:\/\/www.cinemaup.com.br\/en\/orfa-2-a-origem-uma-nova-familia-novas-mortes-e-uma-nova-reviravolta\/","title":{"rendered":"\u00d3RF\u00c3 2: A ORIGEM | UMA NOVA FAM\u00cdLIA, NOVAS MORTES E UMA NOVA REVIRAVOLTA"},"content":{"rendered":"<p>A Orf\u00e3, dirigido por Jaume Collet-Serra, foi lan\u00e7ado em 2009 e embora n\u00e3o tenha sido um grande sucesso de cr\u00edtica, fez sucesso com o p\u00fablico geral e alcan\u00e7ou status de cult do g\u00eanero do terror. Hoje em dia \u00e9 dif\u00edcil encontrar algum f\u00e3 do g\u00eanero (ou qualquer pessoa, na verdade) que n\u00e3o tenha assistido A \u00d3rf\u00e3, e mais dif\u00edcil ainda encontrar algu\u00e9m que n\u00e3o saiba do grande <em>plot twist<\/em> da hist\u00f3ria: Esther (Isabelle Fuhrman), a menina \u00f3rf\u00e3 de comportamento duvid\u00e1vel, n\u00e3o \u00e9 realmente uma crian\u00e7a como aparenta ser, e sim uma mulher adulta na casa dos 30 com uma doen\u00e7a que funciona como um nanismo proporcional que a mant\u00e9m com a apar\u00eancia de uma crian\u00e7a. Essa reviravolta na trama \u00e9 o ponto alto da hist\u00f3ria de Esther e o cl\u00edmax central do filme.<\/p>\n\n\n\n<p>Agora, 13 anos depois de sermos apresentados \u00e0 pseudo-\u00f3rf\u00e3 pela primeira vez, temos \u00d3rf\u00e3 2: A Origem, uma prequela que se passa 2 anos antes dos acontecimentos do filme original. O roteiro \u00e9 assinado por outras pessoas (David Coggeshall, David Leslie Johnson-McGoldrick e Alex Mace dessa vez) e a dire\u00e7\u00e3o tamb\u00e9m, ficando a cargo de William Brent Bell (O Boneco do Mal), mas a atriz principal permanece a mesma, Isabelle Fuhrman, que na \u00e9poca do primeiro filme tinha em torno de 10 anos de idade, agora \u00e9 uma mulher de 25 anos, mas ainda interpretando uma mulher de 30 se passando por uma crian\u00e7a de 10. Para fazer a essa m\u00e1gica acontecer, Bell optou por deixar o CGI e efeitos visuais de lado e trabalhar com \u00e2ngulos e truques para disfar\u00e7ar que Isabelle Fuhrman, como qualquer pessoa sem um problema de tireoide ou coisa do tipo, cresceu e envelheceu nos \u00faltimos 13 anos, todos os atores usaram sapatos com altas plataformas para que ela parecesse bem mais baixa que todos e uma crian\u00e7a foi usada como dubl\u00ea de corpo quase todas as vezes que a menina aparecia de costas. A caracteriza\u00e7\u00e3o de Isabelle como Esther continuou id\u00eantica, tanto o cabelo quanto as roupas e acess\u00f3rios. Ainda assim, fica bem claro que a atriz j\u00e1 n\u00e3o \u00e9 mais uma crian\u00e7a, o que por vezes nos distrai da hist\u00f3ria, mas em geral acaba funcionando mesmo assim.<\/p>\n\n\n\n<p>O filme j\u00e1 come\u00e7a com Leena (esse \u00e9 o nome real de Esther) numa institui\u00e7\u00e3o psiqui\u00e1trica na R\u00fassia, onde ela \u00e9 mantida em seguran\u00e7a m\u00e1xima por ser a paciente mais perigosa do local. \u00c9 uma refer\u00eancia clara ao que t\u00ednhamos aprendido no primeiro filme e toda a primeira sequ\u00eancia serve para nos situar na hist\u00f3ria para aqueles que j\u00e1 n\u00e3o se lembravam muito bem do que havia acontecido, al\u00e9m de ser uma cena com muito sangue e viol\u00eancia, para satisfazer os f\u00e3s do horror. Depois de se livrar da institui\u00e7\u00e3o, Leena tra\u00e7a um plano para poder fugir do pa\u00eds e come\u00e7ar uma nova vida, com a ajuda da internet ela decide tentar a sorte se passando por uma menina desaparecida h\u00e1 quatro anos nos EUA. Seu plano d\u00e1 certo e logo ela se v\u00ea no centro da fam\u00edlia Albright.<\/p>\n\n\n\n<p>Os Albright, Allen (Rossif Sutherland) e Tricia (Julia Stiles) s\u00e3o riqu\u00edssimos, no n\u00edvel de voar de jatinho particular, e vivem numa mans\u00e3o com seu filho mais velho Gunnar (Matthew Finlan). Desde que sua filha Esther desapareceu, quatro anos atr\u00e1s, a fam\u00edlia opera no autom\u00e1tico, com as rela\u00e7\u00f5es estremecidas, ent\u00e3o eles est\u00e3o mais que dispostos a aceitar quando recebem a not\u00edcia de que sua filha perdida foi encontrada. Alguns est\u00e3o mais dispostos que outros, o filho, por exemplo, olha com desconfian\u00e7a para a irm\u00e3 desde o come\u00e7o e a m\u00e3e parece determinada a fazer vista grossa quando essa nova Esther demonstra comportamentos e personalidades bem diferentes de 4 anos atr\u00e1s, inclusive um sotaque russo que simplesmente n\u00e3o existia antes. Em alguns momentos, essas bizarrices ficam dif\u00edceis de engolir, mas pode ficar calmo, o filme tem uma explica\u00e7\u00e3o tudo isso.<\/p>\n\n\n\n<p>\u00c9 dif\u00edcil pensar como o filme pode dar certo considerando que o grande tema central do primeiro era o mist\u00e9rio que cercava Esther e que agora n\u00f3s j\u00e1 sabemos at\u00e9 o \u00faltimo detalhe, mas para manter as coisas interessantes, novos mist\u00e9rios s\u00e3o apresentados. Um deles, em especial, que tenta ter a mesma for\u00e7a da reviravolta do filme original. N\u00e3o consegue, mas a tentativa \u00e9 v\u00e1lida (ainda que um tanto quanto for\u00e7ada) e garante um filme divertido no final das contas.<\/p>\n\n\n\n<p>Mesmo com a diferen\u00e7a de idade entre o primeiro e o segundo filme, Isabelle Fuhrman prova que ainda era a decis\u00e3o acertada (e \u00fanica poss\u00edvel) para o papel, dominando o equil\u00edbrio entre crian\u00e7a d\u00f3cil e inocente, mas sempre um tom malicioso no fundo. Como j\u00e1 sabemos do passado sombrio e do segredo de Esther, o sorrisinho ir\u00f4nico da personagem serve como um lembrete de uma piada interna que ela compartilha com a gente. No entanto, para que Esther possa continuar uma boa protagonista, \u00e9 necess\u00e1rio que ela tenha um antagonista \u00e0 sua altura. Enquanto no original a fam\u00edlia de Esther era absolutamente ing\u00eanua e passiva, aqui a fam\u00edlia liderada por Tricia apresenta um desafio \u00e0 Esther e Julia Stiles \u00e9 perfeita para o papel, ficando \u00e0 altura de Esther quase sempre.<\/p>\n\n\n\n<p>Muita coisa poderia ter dado errado numa prequela como essa, mas contra todas as expectativas, ela chega muito mais perto de dar certo. N\u00e3o \u00e9 um filme perfeito, e at\u00e9 a\u00ed o primeiro tamb\u00e9m n\u00e3o era, mas diverte com suas absurdidades e personagens deliciosamente controversos.<\/p>","protected":false},"excerpt":{"rendered":"<p>A Orf\u00e3, dirigido por Jaume Collet-Serra, foi lan\u00e7ado em 2009 e embora n\u00e3o tenha sido um grande sucesso de cr\u00edtica, fez sucesso com o p\u00fablico geral e alcan\u00e7ou status de cult do g\u00eanero do terror. Hoje em dia \u00e9 dif\u00edcil encontrar algum f\u00e3 do g\u00eanero (ou qualquer pessoa, na verdade) que n\u00e3o tenha assistido A [&hellip;]<\/p>","protected":false},"author":60,"featured_media":80422,"comment_status":"closed","ping_status":"open","sticky":false,"template":"","format":"standard","meta":{"_exactmetrics_skip_tracking":false,"_exactmetrics_sitenote_active":false,"_exactmetrics_sitenote_note":"","_exactmetrics_sitenote_category":0,"footnotes":""},"categories":[2415],"tags":[],"_links":{"self":[{"href":"https:\/\/www.cinemaup.com.br\/en\/wp-json\/wp\/v2\/posts\/80421"}],"collection":[{"href":"https:\/\/www.cinemaup.com.br\/en\/wp-json\/wp\/v2\/posts"}],"about":[{"href":"https:\/\/www.cinemaup.com.br\/en\/wp-json\/wp\/v2\/types\/post"}],"author":[{"embeddable":true,"href":"https:\/\/www.cinemaup.com.br\/en\/wp-json\/wp\/v2\/users\/60"}],"replies":[{"embeddable":true,"href":"https:\/\/www.cinemaup.com.br\/en\/wp-json\/wp\/v2\/comments?post=80421"}],"version-history":[{"count":2,"href":"https:\/\/www.cinemaup.com.br\/en\/wp-json\/wp\/v2\/posts\/80421\/revisions"}],"predecessor-version":[{"id":80424,"href":"https:\/\/www.cinemaup.com.br\/en\/wp-json\/wp\/v2\/posts\/80421\/revisions\/80424"}],"wp:featuredmedia":[{"embeddable":true,"href":"https:\/\/www.cinemaup.com.br\/en\/wp-json\/wp\/v2\/media\/80422"}],"wp:attachment":[{"href":"https:\/\/www.cinemaup.com.br\/en\/wp-json\/wp\/v2\/media?parent=80421"}],"wp:term":[{"taxonomy":"category","embeddable":true,"href":"https:\/\/www.cinemaup.com.br\/en\/wp-json\/wp\/v2\/categories?post=80421"},{"taxonomy":"post_tag","embeddable":true,"href":"https:\/\/www.cinemaup.com.br\/en\/wp-json\/wp\/v2\/tags?post=80421"}],"curies":[{"name":"wp","href":"https:\/\/api.w.org\/{rel}","templated":true}]}}