{"id":80458,"date":"2022-09-27T23:55:49","date_gmt":"2022-09-28T02:55:49","guid":{"rendered":"https:\/\/www.cinemaup.com.br\/?p=80458"},"modified":"2022-09-27T23:56:04","modified_gmt":"2022-09-28T02:56:04","slug":"duetto-producao-italo-brasileira-com-grande-elenco-nao-traz-uma-historia-a-altura","status":"publish","type":"post","link":"https:\/\/www.cinemaup.com.br\/en\/duetto-producao-italo-brasileira-com-grande-elenco-nao-traz-uma-historia-a-altura\/","title":{"rendered":"DUETTO | PRODU\u00c7\u00c3O \u00cdTALO-BRASILEIRA COM GRANDE ELENCO N\u00c3O TRAZ UMA HIST\u00d3RIA \u00c0 ALTURA"},"content":{"rendered":"<p>Duetto \u00e9 um filme brasileiro que divide sua hist\u00f3ria e seu elenco entre o Brasil e a It\u00e1lia. Essa mescla do italiano com o brasileiro \u00e9 bonito de se ver, a fotografia tem muito bom gosto e o elenco \u00e9 de primeira, at\u00e9 a trama chama aten\u00e7\u00e3o \u00e0 primeira vista e a jun\u00e7\u00e3o desses fatores poderia ter resultado num filme t\u00e3o bom quanto, mas infelizmente o excesso de reviravoltas e falta de autenticidade ficam no caminho e o que temos no final \u00e9 um filme visualmente interessante, mas com uma hist\u00f3ria sem vida.<\/p>\n\n\n\n<p>O primeiro n\u00facleo familiar a que somos apresentados \u00e9 o de Marcelo (Rodrigo Lombardi) e Isabel (Maeve Jinkings), eles est\u00e3o passando por tempos turbulentos em seu casamento e sua filha Cora (Luisa Arraes) presencia uma briga especialmente feia entre eles, que faz com que Marcelo saia de casa com a cabe\u00e7a quente, ele sofre um acidente de carro e vem a falecer. Ent\u00e3o entra na trama Lucia (Marieta Severo), av\u00f3 de Cora e m\u00e3e de Marcelo, ela n\u00e3o se d\u00e1 muito bem com a nora e depois da morte do filho decide viajar para It\u00e1lia sob o pretexto de resolver assuntos de fam\u00edlia, levando a hist\u00f3ria e a neta com ela.<\/p>\n\n\n\n<p>J\u00e1 na It\u00e1lia, Lucia e Cora ficam na casa de Sofia (Elisabetta De Palo), irm\u00e3 de Cora, e seu marido Gino (Giancarlo Giannini), que tamb\u00e9m abrigam o jovem Carlo (Gabriel Leone), enquanto os mais jovens se d\u00e3o bem desde o in\u00edcio, os mais velhos claramente t\u00eam atritos, que s\u00e3o mais explanados no decorrer do filme. S\u00e3o esses dramas familiares que carregam a hist\u00f3ria, sobretudo a rixa existente entre as irm\u00e3s e a rela\u00e7\u00e3o conturbada entre Cora e Gino. No entanto, Cora tamb\u00e9m recebe o seu destaque levando uma trama paralela envolvendo Carlo e, mais tarde, seu \u00eddolo da m\u00fasica italiana Marcello Bianchini (Michele Morrone, o astro da franquia 365 Dias da Netflix).<\/p>\n\n\n\n<p>A preocupa\u00e7\u00e3o da dire\u00e7\u00e3o de Vicente Amorim com os aspectos pl\u00e1sticos da produ\u00e7\u00e3o \u00e9 bem evidente \u2013 e acaba sendo um ponto muito positivo do filme no geral, mas n\u00e3o anda junto, nem \u00e9 o suficiente para distrair nossa aten\u00e7\u00e3o das falhas do roteiro e da superficialidade dos personagens, que permanece apesar dos esfor\u00e7os dos atores. A mistura dos idiomas portugu\u00eas e italiano n\u00e3o atrapalha, mas tamb\u00e9m pouco acrescenta \u00e0 hist\u00f3ria, tramas que poderiam ter um desenvolvimento atraente acabam esquecidas, e o melodrama acaba aparecendo de forma desequilibrada e desencontrada.<\/p>\n\n\n\n<p>Os acontecimentos de \u201cDuetto\u201d se passam na d\u00e9cada de 60, no ano de 1965 para ser mais exata, um momento especialmente interessante tanto na It\u00e1lia quanto no Brasil, mas o cen\u00e1rio pol\u00edtico \u00e9 pouco explorado, nas entrelinhas quando mencionado. A falta desse aspecto \u00e9 preenchida por um mist\u00e9rio mal trabalhado causado por um assassinato suspeito \u2013 mas n\u00e3o muito bem trabalhado, aumentando o senso de estranheza que o filme causa no final.<\/p>","protected":false},"excerpt":{"rendered":"<p>Duetto \u00e9 um filme brasileiro que divide sua hist\u00f3ria e seu elenco entre o Brasil e a It\u00e1lia. Essa mescla do italiano com o brasileiro \u00e9 bonito de se ver, a fotografia tem muito bom gosto e o elenco \u00e9 de primeira, at\u00e9 a trama chama aten\u00e7\u00e3o \u00e0 primeira vista e a jun\u00e7\u00e3o desses fatores [&hellip;]<\/p>","protected":false},"author":60,"featured_media":80459,"comment_status":"closed","ping_status":"open","sticky":false,"template":"","format":"standard","meta":{"_exactmetrics_skip_tracking":false,"_exactmetrics_sitenote_active":false,"_exactmetrics_sitenote_note":"","_exactmetrics_sitenote_category":0,"footnotes":""},"categories":[2415],"tags":[],"_links":{"self":[{"href":"https:\/\/www.cinemaup.com.br\/en\/wp-json\/wp\/v2\/posts\/80458"}],"collection":[{"href":"https:\/\/www.cinemaup.com.br\/en\/wp-json\/wp\/v2\/posts"}],"about":[{"href":"https:\/\/www.cinemaup.com.br\/en\/wp-json\/wp\/v2\/types\/post"}],"author":[{"embeddable":true,"href":"https:\/\/www.cinemaup.com.br\/en\/wp-json\/wp\/v2\/users\/60"}],"replies":[{"embeddable":true,"href":"https:\/\/www.cinemaup.com.br\/en\/wp-json\/wp\/v2\/comments?post=80458"}],"version-history":[{"count":2,"href":"https:\/\/www.cinemaup.com.br\/en\/wp-json\/wp\/v2\/posts\/80458\/revisions"}],"predecessor-version":[{"id":80461,"href":"https:\/\/www.cinemaup.com.br\/en\/wp-json\/wp\/v2\/posts\/80458\/revisions\/80461"}],"wp:featuredmedia":[{"embeddable":true,"href":"https:\/\/www.cinemaup.com.br\/en\/wp-json\/wp\/v2\/media\/80459"}],"wp:attachment":[{"href":"https:\/\/www.cinemaup.com.br\/en\/wp-json\/wp\/v2\/media?parent=80458"}],"wp:term":[{"taxonomy":"category","embeddable":true,"href":"https:\/\/www.cinemaup.com.br\/en\/wp-json\/wp\/v2\/categories?post=80458"},{"taxonomy":"post_tag","embeddable":true,"href":"https:\/\/www.cinemaup.com.br\/en\/wp-json\/wp\/v2\/tags?post=80458"}],"curies":[{"name":"wp","href":"https:\/\/api.w.org\/{rel}","templated":true}]}}