{"id":80546,"date":"2022-10-19T15:38:19","date_gmt":"2022-10-19T18:38:19","guid":{"rendered":"https:\/\/www.cinemaup.com.br\/?p=80546"},"modified":"2022-10-19T17:00:31","modified_gmt":"2022-10-19T20:00:31","slug":"adao-negro-dc-resgata-estrutura-raiz-dos-filmes-de-heroi-para-apresentar-personagem-importante","status":"publish","type":"post","link":"https:\/\/www.cinemaup.com.br\/en\/adao-negro-dc-resgata-estrutura-raiz-dos-filmes-de-heroi-para-apresentar-personagem-importante\/","title":{"rendered":"AD\u00c3O NEGRO | DC RESGATA ESTRUTURA &#8220;RAIZ&#8221; DOS FILMES DE HER\u00d3I PARA APRESENTAR PERSONAGEM IMPORTANTE PARA SEU FUTURO"},"content":{"rendered":"<p>&nbsp;Ad\u00e3o Negro \u00e9 a grande aposta da DC de colocar seu universo cinematogr\u00e1fico nos trilhos depois de muitas tentativas frustradas. As compara\u00e7\u00f5es com a Marvel, que conseguiu alcan\u00e7ar seu status atual e suas bilheterias bilion\u00e1rias justamente por conta de seu universo compartilhado, s\u00e3o inevit\u00e1veis e cobram cada vez mais da DC uma unidade f\u00edlmica que defina em termos mais claros cada fase de seus filmes. As franquias do Batman sempre fizeram sucesso (umas mais que outras), O Esquadr\u00e3o Suicida e Aves de Rapina tamb\u00e9m conversam muito bem entre si, o Coringa de Joaquin Phoenix \u00e9 um sucesso completamente \u00e0 parte, e outros filmes de her\u00f3is independentes (Super-Homem, Mulher-Maravilha, Shazam) tamb\u00e9m funcionam bem sozinhos, mas sempre falta ou algu\u00e9m que trabalhe como uma cola para juntar e dar um rumo em comum para todas essas produ\u00e7\u00f5es.<\/p>\n\n\n\n<p>\u00c9 dif\u00edcil dizer se \u201cAd\u00e3o Negro\u201d sozinho ser\u00e1 capaz de suprir essa lacuna da DC, mas tanto o personagem quanto o filme em si deixam uma boa abertura para o que pode vir a ser uma nova \u2013 e boa \u2013 fase do DCU, resgatando uma f\u00f3rmula \u201craiz\u201d para filmes de super-her\u00f3i, mas que vai bem com o novo clima e personalidade trazidos por The Rock para esse personagem que faz sua estreia nas telonas.<\/p>\n\n\n\n<p>Ad\u00e3o Negro, cujo nome original \u00e9 Thet-Adam, era um habitante escravizado de Kahndaq milhares de anos atr\u00e1s que se tornou, ainda \u00e0quela \u00e9poca, uma esp\u00e9cie de deus superpoderoso que libertou seu povo e entrou em estado de in\u00e9rcia, mas prometendo estar dispon\u00edvel sempre que precisassem dele. Nos tempos atuais, Kahndaq se v\u00ea numa situa\u00e7\u00e3o parecida com a do passado e, como prometido, Thet-Adam retorna em toda sua gl\u00f3ria, mas ele n\u00e3o tem os mesmos conceitos que essa sociedade de hoje em dia, muito menos se v\u00ea como um her\u00f3i \u2013 e nem tenta agir como um. Seu objetivo \u00e9 acabar com o mal e os fins que justifiquem os meios. Isso quer dizer que ele bateria de frente com o Batman, por exemplo, j\u00e1 que n\u00e3o pensa duas vezes antes de matar, sem cerim\u00f4nias, qualquer um fa\u00e7a ou esteja do lado inimigo. Esse tra\u00e7o da personalidade do personagem talvez seja a parte mais acertada pela DC, ele traz uma dualidade que eles j\u00e1 tentarem imprimir no Super-Homem, mas nunca com essa seguran\u00e7a.<\/p>\n\n\n\n<p>\u00c9 dif\u00edcil olhar para Ad\u00e3o Negro e imaginar outro ator nesse papel \u2013 at\u00e9 mesmo imposs\u00edvel, eu diria. J\u00e1 tem anos que Dwayne \u201cThe Rock\u201d Johnson tenta fazer o personagem acontecer e agora \u00e9 evidente que ele estava certo o tempo todo. Ele tem o equil\u00edbrio perfeito entre o que se espera de um super-her\u00f3i padr\u00e3o visualmente falando, mas tamb\u00e9m o carisma natural que faz com que ele seja \u201cgost\u00e1vel\u201d apesar do seu comportamento com tend\u00eancias mais violentas, encaixando perfeitamente na nova atmosfera que a DC parece pretender desenvolver.<\/p>\n\n\n\n<p>Enquanto temos The Rock brilhando independente das falhas do filme (que est\u00e1 longe de ser perfeito), os demais atores n\u00e3o t\u00eam tamanha sorte \u2013 n\u00e3o que seja culpa deles, s\u00e3o todos talentos\u00edssimos, sem exce\u00e7\u00e3o, mas \u00e9 bem claro que seus personagens n\u00e3o s\u00e3o bem estruturados, pelo menos n\u00e3o ainda. Em teoria, a Sociedade da Justi\u00e7a \u00e9 uma \u00f3tima adi\u00e7\u00e3o, mas essa sua primeira apari\u00e7\u00e3o com o time completo mostra que ela ainda n\u00e3o est\u00e1 pronta para alcan\u00e7ar todo seu potencial. Dentre seus membros est\u00e3o Noah Centineo como Esmaga-\u00c1tomo e Quintessa Swindell como Ciclone, os dois t\u00eam um papel menor em rela\u00e7\u00e3o aos outros e s\u00e3o respons\u00e1veis pelo al\u00edvio c\u00f4mico (que \u00e9 bem pouco), at\u00e9 o momento eles s\u00e3o bem unidimensionais e a impress\u00e3o que fica \u00e9 a de que eles s\u00e3o c\u00f3pias de outros personagens bem conhecidos do p\u00fablico (voc\u00ea vai saber imediatamente quando assistir) e pouco acrescentam \u00e0 hist\u00f3ria, tanto com suas personalidades quanto com seus poderes. Quem salva a Sociedade de ser um t\u00e9dio s\u00e3o Pierce Brosnan como Senhor Destino e Aldis Hodge como Gavi\u00e3o Negro, que embora n\u00e3o tenham personalidades exatamente originais, ainda s\u00e3o interessantes o suficiente para fazer uma boa oposi\u00e7\u00e3o a Thet-Adam, j\u00e1 que s\u00e3o defensores do \u201ccomportamento de her\u00f3i\u201d e repudiam os modos violentos e pouco humanit\u00e1rios dele.<\/p>\n\n\n\n<p>Tanto a estrutura do filme, quanto sua dire\u00e7\u00e3o (Jaume Collet-Serra) e enredo mostram o caminho que \u201cAd\u00e3o Negro\u201d busca trilhar, um bem diferente da Marvel, e com um olhar muito mais \u201ctradicional\u201d do que \u00e9 fazer um filme de super-her\u00f3i. Ao mesmo tempo, h\u00e1 muito da DC presente na hist\u00f3ria, tanto nos personagens (novos e velhos) quanto em suas jornadas, cenas de luta e CGI, fazendo um aceno positivo aos filmes que vieram antes de todo o frenesi come\u00e7ado pela Marvel com filmes de her\u00f3is sendo lan\u00e7ados aos montes, n\u00e3o que isso seja um problema, j\u00e1 que muitos deles s\u00e3o de \u00f3tima qualidade, mas \u00e9 poss\u00edvel perceber a vontade da DC de enriquecer seu universo pr\u00f3prio, mesmo que ainda se apoie (\u00e0s vezes at\u00e9 demais) em personagens e hist\u00f3rias que se estabeleceram antes.<\/p>\n\n\n\n<p>\u201cAd\u00e3o Negro\u201d \u00e9 um filme com muita a\u00e7\u00e3o, cenas de luta com <em>slow motion<\/em>, alguns personagens fortes e outros nem tanto. O roteiro est\u00e1 cheio de clich\u00eas e bem, bem longe de ser perfeito. Certamente n\u00e3o \u00e9 tudo que a DC esperava que fosse, mas ainda \u00e9 uma pe\u00e7a importante para o que a DC pretende se tornar, al\u00e9m de ser um bom entretenimento, principalmente para os f\u00e3s da DC, do The Rock ou de super-her\u00f3is no geral. Sem contar com a cena p\u00f3s-cr\u00e9ditos, que \u00e9 um espet\u00e1culo \u00e0 parte.<\/p>","protected":false},"excerpt":{"rendered":"<p>&nbsp;Ad\u00e3o Negro \u00e9 a grande aposta da DC de colocar seu universo cinematogr\u00e1fico nos trilhos depois de muitas tentativas frustradas. As compara\u00e7\u00f5es com a Marvel, que conseguiu alcan\u00e7ar seu status atual e suas bilheterias bilion\u00e1rias justamente por conta de seu universo compartilhado, s\u00e3o inevit\u00e1veis e cobram cada vez mais da DC uma unidade f\u00edlmica que [&hellip;]<\/p>","protected":false},"author":60,"featured_media":80549,"comment_status":"closed","ping_status":"open","sticky":false,"template":"","format":"standard","meta":{"_exactmetrics_skip_tracking":false,"_exactmetrics_sitenote_active":false,"_exactmetrics_sitenote_note":"","_exactmetrics_sitenote_category":0,"footnotes":""},"categories":[2415],"tags":[16377],"_links":{"self":[{"href":"https:\/\/www.cinemaup.com.br\/en\/wp-json\/wp\/v2\/posts\/80546"}],"collection":[{"href":"https:\/\/www.cinemaup.com.br\/en\/wp-json\/wp\/v2\/posts"}],"about":[{"href":"https:\/\/www.cinemaup.com.br\/en\/wp-json\/wp\/v2\/types\/post"}],"author":[{"embeddable":true,"href":"https:\/\/www.cinemaup.com.br\/en\/wp-json\/wp\/v2\/users\/60"}],"replies":[{"embeddable":true,"href":"https:\/\/www.cinemaup.com.br\/en\/wp-json\/wp\/v2\/comments?post=80546"}],"version-history":[{"count":2,"href":"https:\/\/www.cinemaup.com.br\/en\/wp-json\/wp\/v2\/posts\/80546\/revisions"}],"predecessor-version":[{"id":80551,"href":"https:\/\/www.cinemaup.com.br\/en\/wp-json\/wp\/v2\/posts\/80546\/revisions\/80551"}],"wp:featuredmedia":[{"embeddable":true,"href":"https:\/\/www.cinemaup.com.br\/en\/wp-json\/wp\/v2\/media\/80549"}],"wp:attachment":[{"href":"https:\/\/www.cinemaup.com.br\/en\/wp-json\/wp\/v2\/media?parent=80546"}],"wp:term":[{"taxonomy":"category","embeddable":true,"href":"https:\/\/www.cinemaup.com.br\/en\/wp-json\/wp\/v2\/categories?post=80546"},{"taxonomy":"post_tag","embeddable":true,"href":"https:\/\/www.cinemaup.com.br\/en\/wp-json\/wp\/v2\/tags?post=80546"}],"curies":[{"name":"wp","href":"https:\/\/api.w.org\/{rel}","templated":true}]}}