{"id":80801,"date":"2023-01-26T00:33:15","date_gmt":"2023-01-26T03:33:15","guid":{"rendered":"https:\/\/www.cinemaup.com.br\/?p=80801"},"modified":"2023-01-26T13:00:56","modified_gmt":"2023-01-26T16:00:56","slug":"a-profecia-do-mal-terror-focado-no-catolicismo-tem-ideia-boa-mas-e-mal-executado","status":"publish","type":"post","link":"https:\/\/www.cinemaup.com.br\/en\/a-profecia-do-mal-terror-focado-no-catolicismo-tem-ideia-boa-mas-e-mal-executado\/","title":{"rendered":"&#8220;A Profecia do Mal&#8221; | Terror focado no catolicismo tem ideia boa, mas \u00e9 mal executado"},"content":{"rendered":"<p id=\"block-dc6ed69c-b30b-49ad-bb3f-3c76f954d4f0\">O cinema sempre procura criar vers\u00f5es sobre acontecimentos b\u00edblicos, principalmente, o g\u00eanero de terror que j\u00e1 trouxe diversas hist\u00f3rias sobre ressurgimento de L\u00facifer e a constante batalha entre o bem e o mal.<\/p>\n\n\n\n<p id=\"block-09513a06-207e-487a-8ed0-ac0008e87652\">E o novo filme &#8220;A Profecia do Mal&#8221;, dirigido por Nathan Frankowski, que estreia nos cinemas nesta quinta-feira (26), traz mais um filme que mostra Luc\u00edfer sendo expulso do c\u00e9u e acorrentado no inferno pelo Arcanjo Miguel. Ele passa mil\u00eanios procurando se vingar e abrir de vez as portas do inferno para dominar o mundo.<\/p>\n\n\n\n<p id=\"block-c912da83-1b3f-4e90-acdb-a67926b54839\">A diferen\u00e7a \u00e9 que al\u00e9m do terror, o longa tamb\u00e9m flerta com a fic\u00e7\u00e3o cient\u00edfica ao apresentar uma forma tecnol\u00f3gica para a vingan\u00e7a de L\u00facifer, onde uma empresa multimilion\u00e1ria&nbsp;de biotecnologia tem uma t\u00e9cnica inovadora que permite clonar as pessoas mais influentes da hist\u00f3ria com fragmentos de DNA. A organiza\u00e7\u00e3o \u00e9 comandada por uma seita sat\u00e2nica que tem como objetivo roubar o sud\u00e1rio de Jesus Cristo, para obter o seu DNA e criar um clone que servir\u00e1 como uma oferta final ao diabo e resultando no seu ressurgimento.<\/p>\n\n\n\n<p id=\"block-25c57fb6-940b-4456-bf1c-348672c9bc44\">Mas mesmo com um enredo com ideias interessantes que tem um come\u00e7o promissor, o roteiro n\u00e3o consegue se sustentar at\u00e9 o ato final, carregando diversos problemas narrativos.<\/p>\n\n\n\n<p id=\"block-beb78359-e761-41d6-961b-ca38dc7aad16\">As atua\u00e7\u00f5es do filme s\u00e3o exageradas e ainda mais prejudicadas pelos di\u00e1logos gen\u00e9ricos e desconexos. Os personagens s\u00e3o pouco explorados, onde n\u00e3o consegue-se nem criar um v\u00ednculo com a protagonista Laura (Alice Orr-Ewing), que acaba passando por uma situa\u00e7\u00e3o semelhante com o cl\u00e1ssico de terror, &#8220;O Beb\u00ea de Rosemary&#8221;, mas n\u00e3o consegue entregar nem um pouco do drama da ic\u00f4nica personagem de Mia Farrow.<\/p>\n\n\n\n<p id=\"block-ab4923e1-7775-4d86-834c-0451b74da1d8\">Al\u00e9m disso, a montagem do filme \u00e9 cansativa e muitas vezes desnecess\u00e1ria para o andamento da hist\u00f3ria. Pode-se tranquilamente cortar parte do material, pois acaba ficando redundante e arrastado, resultando numa narrativa confusa que n\u00e3o sabe para que caminho seguir ou como finalizar a hist\u00f3ria.<\/p>\n\n\n\n<p id=\"block-15f25d8c-2bbe-4c7c-b5db-6e8b2ee972d7\">&#8220;A Profecia do Mal&#8221; tem uma ideia interessante para o g\u00eanero de terror sobrenatural, que segue a f\u00f3rmula ao apresentar boas cenas de possess\u00e3o, culto sat\u00e2nico e fanatismo religioso. O problema \u00e9 que o diretor Nathan Frankwoski se perde ao tentar abra\u00e7ar muitas coisas, falhando em construir uma narrativa coesa.<\/p>","protected":false},"excerpt":{"rendered":"<p>O cinema sempre procura criar vers\u00f5es sobre acontecimentos b\u00edblicos, principalmente, o g\u00eanero de terror que j\u00e1 trouxe diversas hist\u00f3rias sobre ressurgimento de L\u00facifer e a constante batalha entre o bem e o mal. E o novo filme &#8220;A Profecia do Mal&#8221;, dirigido por Nathan Frankowski, que estreia nos cinemas nesta quinta-feira (26), traz mais um [&hellip;]<\/p>","protected":false},"author":64,"featured_media":80802,"comment_status":"closed","ping_status":"open","sticky":false,"template":"","format":"standard","meta":{"_exactmetrics_skip_tracking":false,"_exactmetrics_sitenote_active":false,"_exactmetrics_sitenote_note":"","_exactmetrics_sitenote_category":0,"footnotes":""},"categories":[2415],"tags":[],"_links":{"self":[{"href":"https:\/\/www.cinemaup.com.br\/en\/wp-json\/wp\/v2\/posts\/80801"}],"collection":[{"href":"https:\/\/www.cinemaup.com.br\/en\/wp-json\/wp\/v2\/posts"}],"about":[{"href":"https:\/\/www.cinemaup.com.br\/en\/wp-json\/wp\/v2\/types\/post"}],"author":[{"embeddable":true,"href":"https:\/\/www.cinemaup.com.br\/en\/wp-json\/wp\/v2\/users\/64"}],"replies":[{"embeddable":true,"href":"https:\/\/www.cinemaup.com.br\/en\/wp-json\/wp\/v2\/comments?post=80801"}],"version-history":[{"count":1,"href":"https:\/\/www.cinemaup.com.br\/en\/wp-json\/wp\/v2\/posts\/80801\/revisions"}],"predecessor-version":[{"id":80803,"href":"https:\/\/www.cinemaup.com.br\/en\/wp-json\/wp\/v2\/posts\/80801\/revisions\/80803"}],"wp:featuredmedia":[{"embeddable":true,"href":"https:\/\/www.cinemaup.com.br\/en\/wp-json\/wp\/v2\/media\/80802"}],"wp:attachment":[{"href":"https:\/\/www.cinemaup.com.br\/en\/wp-json\/wp\/v2\/media?parent=80801"}],"wp:term":[{"taxonomy":"category","embeddable":true,"href":"https:\/\/www.cinemaup.com.br\/en\/wp-json\/wp\/v2\/categories?post=80801"},{"taxonomy":"post_tag","embeddable":true,"href":"https:\/\/www.cinemaup.com.br\/en\/wp-json\/wp\/v2\/tags?post=80801"}],"curies":[{"name":"wp","href":"https:\/\/api.w.org\/{rel}","templated":true}]}}