{"id":80808,"date":"2023-02-02T00:01:11","date_gmt":"2023-02-02T03:01:11","guid":{"rendered":"https:\/\/www.cinemaup.com.br\/?p=80808"},"modified":"2023-02-02T20:15:47","modified_gmt":"2023-02-02T23:15:47","slug":"os-banshees-de-inisherin-a-brilhante-e-absurda-historia-sobre-o-fim-de-uma-amizade","status":"publish","type":"post","link":"https:\/\/www.cinemaup.com.br\/en\/os-banshees-de-inisherin-a-brilhante-e-absurda-historia-sobre-o-fim-de-uma-amizade\/","title":{"rendered":"&#8220;Os Banshees de Inisherin&#8221; | A brilhante e absurda hist\u00f3ria sobre o fim de uma amizade"},"content":{"rendered":"<p>O diretor e roteirista brit\u00e2nico, Martin McDonagh (<strong>Tr\u00eas An\u00fancios Para Um Crime<\/strong>), volta aos cinemas com a com\u00e9dia dram\u00e1tica, <strong>&#8220;Os Banshees de Inisherin&#8221;<\/strong>, um conto que acontece numa ilha no norte da Irlanda. <\/p>\n\n\n\n<p>Com nove indica\u00e7\u00f5es ao Oscar 2023, incluindo a categoria de Melhor Filme, <strong>&#8220;Os Banshees de Inisherin&#8221; <\/strong>chega aos cinemas brasileiros nesta quinta-feira (02). O longa divide a segunda posi\u00e7\u00e3o de maior n\u00famero de indica\u00e7\u00e3o com o filme de guerra alem\u00e3o, <strong>&#8220;Nada de Novo no Front&#8221;<\/strong>. Os dois s\u00f3 ficam atr\u00e1s da produ\u00e7\u00e3o <strong>&#8220;Tudo em Todo o Lugar ao Mesmo Tempo&#8221;<\/strong>, que lidera a lista com 11 nomea\u00e7\u00f5es. <\/p>\n\n\n\n<p>A hist\u00f3ria do filme gira em torno dos personagens P\u00e1draic (Colin Farrell) e&nbsp;Colm (Brendan Gleeson), que vivem em uma pequena ilha chamada Inisherin na Irlanda. Eles s\u00e3o conhecidos por todos os moradores como amigos de longa data. Mas tudo muda quando de uma dia para o outro, Colm decide abruptamente terminar sua amizade com P\u00e1draic, justificando que apenas n\u00e3o gosta mais de sua companhia. <\/p>\n\n\n\n<p>Trazendo uma narrativa absurdista e teatral, o roteiro assinado por Martin McDonagh, decide criar uma atmosfera ca\u00f3tica, mostrando como os personagens lidam com as mudan\u00e7as e criam situa\u00e7\u00f5es incoerentes que v\u00e3o se transformando em consequ\u00eancias graves e inimagin\u00e1veis. Essa escolha de roteiro \u00e9 o ponto mais positivo da produ\u00e7\u00e3o, que consegue tra\u00e7ar uma linha de acontecimentos que come\u00e7am simples e ficam completamente complexas. <\/p>\n\n\n\n<p>Com um elenco todo irland\u00eas, mistura drama e humor \u00e1cido, apresentando um pouco da cultura folcl\u00f3rica do pa\u00eds, al\u00e9m de construir a rela\u00e7\u00e3o com o espa\u00e7o, onde as paisagens fazem parte da narrativa. Durante o longa, o espectador \u00e9 levado a conhecer a ilha toda, se ambientando da rotina dos protagonistas e os caminhos que fazem diariamente, o que s\u00f3 enriquece a inser\u00e7\u00e3o com o enredo. <\/p>\n\n\n\n<p>A dupla de atores Colin Farrell e Brendan Gleeson marcam mais uma parceria com McDonagh, onde j\u00e1 contracenaram juntos no longa de 2008 do diretor,<strong>&nbsp;&#8220;Na Mira do Chefe&#8221;<\/strong>. Ambos tem atua\u00e7\u00f5es incr\u00edveis em <strong>&#8220;Os Banshees de Inisherin&#8221;<\/strong>, onde a qu\u00edmica em cena \u00e9 constante, passando a ideia de que realmente eram melhores amigos. <\/p>\n\n\n\n<p>Al\u00e9m dos protagonistas, vale o destaque para os personagens Siobh\u00e1n (Kerry Condon), que \u00e9 a irm\u00e3 inteligente, gentil e forte de P\u00e1draic, e tamb\u00e9m o ator Barry Keoghan, que faz o jovem Dominic que \u00e9 conhecido como \u201co louco da cidade\u201d. As atua\u00e7\u00f5es de Kerry Condon e Keoghan roubam as cenas que participam, auxiliando na constru\u00e7\u00e3o de dramas paralelos, que s\u00e3o coesos e interessantes para a trama. <\/p>\n\n\n\n<p>Concluindo, <strong>&#8220;Os Banshees de Inisherin&#8221;<\/strong> marca a volta de Martin McDonagh em grande estilo, trazendo um dos mais brilhantes roteiros para a temporada de premia\u00e7\u00f5es do cinema. Ele transforma uma simples hist\u00f3ria de uma amizade desfeita em um grande espet\u00e1culo do absurdo.<\/p>","protected":false},"excerpt":{"rendered":"<p>O diretor e roteirista brit\u00e2nico, Martin McDonagh (Tr\u00eas An\u00fancios Para Um Crime), volta aos cinemas com a com\u00e9dia dram\u00e1tica, &#8220;Os Banshees de Inisherin&#8221;, um conto que acontece numa ilha no norte da Irlanda. Com nove indica\u00e7\u00f5es ao Oscar 2023, incluindo a categoria de Melhor Filme, &#8220;Os Banshees de Inisherin&#8221; chega aos cinemas brasileiros nesta quinta-feira [&hellip;]<\/p>","protected":false},"author":64,"featured_media":80806,"comment_status":"closed","ping_status":"open","sticky":false,"template":"","format":"standard","meta":{"_exactmetrics_skip_tracking":false,"_exactmetrics_sitenote_active":false,"_exactmetrics_sitenote_note":"","_exactmetrics_sitenote_category":0,"footnotes":""},"categories":[2415],"tags":[],"_links":{"self":[{"href":"https:\/\/www.cinemaup.com.br\/en\/wp-json\/wp\/v2\/posts\/80808"}],"collection":[{"href":"https:\/\/www.cinemaup.com.br\/en\/wp-json\/wp\/v2\/posts"}],"about":[{"href":"https:\/\/www.cinemaup.com.br\/en\/wp-json\/wp\/v2\/types\/post"}],"author":[{"embeddable":true,"href":"https:\/\/www.cinemaup.com.br\/en\/wp-json\/wp\/v2\/users\/64"}],"replies":[{"embeddable":true,"href":"https:\/\/www.cinemaup.com.br\/en\/wp-json\/wp\/v2\/comments?post=80808"}],"version-history":[{"count":5,"href":"https:\/\/www.cinemaup.com.br\/en\/wp-json\/wp\/v2\/posts\/80808\/revisions"}],"predecessor-version":[{"id":80824,"href":"https:\/\/www.cinemaup.com.br\/en\/wp-json\/wp\/v2\/posts\/80808\/revisions\/80824"}],"wp:featuredmedia":[{"embeddable":true,"href":"https:\/\/www.cinemaup.com.br\/en\/wp-json\/wp\/v2\/media\/80806"}],"wp:attachment":[{"href":"https:\/\/www.cinemaup.com.br\/en\/wp-json\/wp\/v2\/media?parent=80808"}],"wp:term":[{"taxonomy":"category","embeddable":true,"href":"https:\/\/www.cinemaup.com.br\/en\/wp-json\/wp\/v2\/categories?post=80808"},{"taxonomy":"post_tag","embeddable":true,"href":"https:\/\/www.cinemaup.com.br\/en\/wp-json\/wp\/v2\/tags?post=80808"}],"curies":[{"name":"wp","href":"https:\/\/api.w.org\/{rel}","templated":true}]}}