{"id":80840,"date":"2023-02-08T20:27:25","date_gmt":"2023-02-08T23:27:25","guid":{"rendered":"https:\/\/www.cinemaup.com.br\/?p=80840"},"modified":"2023-02-08T20:37:02","modified_gmt":"2023-02-08T23:37:02","slug":"perlimps-animacao-como-meio-para-uma-mensagem-importante-para-todos-os-publicos","status":"publish","type":"post","link":"https:\/\/www.cinemaup.com.br\/en\/perlimps-animacao-como-meio-para-uma-mensagem-importante-para-todos-os-publicos\/","title":{"rendered":"PERLIMPS | ANIMA\u00c7\u00c3O COMO MEIO PARA UMA MENSAGEM IMPORTANTE PARA TODOS OS P\u00daBLICOS"},"content":{"rendered":"<p>Num mundo predominado pela natureza, conhecemos Cla\u00e9 e Bru\u00f3, dois guerreiros enviados pelos seus reinos (do Sol e da Lua), que s\u00e3o inimigos, para a Floresta Encantada para encontrarem e protegerem os Perlimps dos gigantes. Para contar essa hist\u00f3ria, Al\u00ea Abreu (cineasta de \u201cO Menino e o Mundo\u201d, filme indicado ao Oscar de Melhor Anima\u00e7\u00e3o em 2016) cria mais um universo m\u00e1gico e sem muitas explica\u00e7\u00f5es de seu funcionamento. \u201cPerlimps\u201d \u00e9 uma anima\u00e7\u00e3o claramente para crian\u00e7as, o que pode causar um certo qu\u00ea de desconfian\u00e7a por, na maior parte do tempo, parecer simples demais. Entretanto, esse obst\u00e1culo \u00e9 superado com louvor num final surpreendente.<\/p>\n\n\n\n<p>Cla\u00e9 e Bru\u00f3 s\u00e3o animais humanoides, uma raposa e um urso, com grandes responsabilidades, mas ainda \u00e9 evidente que s\u00e3o crian\u00e7as, nas vozes, no comportamento. Eles come\u00e7am como inimigos por causa de seus reinos, cada um insistindo que o seu modo de vida \u00e9 o certo (um \u00e9 levado pelo instinto, o outro pela tecnologia), mas logo percebem que apenas suas for\u00e7as conjuntas podem proteger o bem que t\u00eam em comum e encontrar os Perlimps, \u00e9 a\u00ed que suas hist\u00f3rias convergem para virar uma s\u00f3.<\/p>\n\n\n\n<p>Assim como em sua \u00faltima anima\u00e7\u00e3o, Al\u00ea Abreu sabe manter seu trabalho essencialmente brasileiro sem recorrer a elementos que podem ser mais estereotipados e ainda construindo um filme universal, a pr\u00f3pria escolha do t\u00edtulo \u00e9 um exemplo, \u201cPerlimps\u201d vem de \u201cpirilampos\u201d, um termo para vaga-lume (que s\u00e3o parecidos com os Perlimps da hist\u00f3ria), mas com uma sonoridade mais acess\u00edvel aos demais idiomas. O visual do filme \u00e9 um show \u00e0 parte para os espectadores de todas as idades, com cores vivas e uma paleta que se encaixa perfeitamente nas situa\u00e7\u00f5es dos personagens, assim como a trilha sonora forte, mas nunca agressiva ou que chegue a roubar a aten\u00e7\u00e3o do desenrolar da trama.<\/p>\n\n\n\n<p>O enredo do filme se mant\u00e9m minimalista at\u00e9 os seus minutos finais. \u00c9 poss\u00edvel identificar uma segunda camada mais significativa por detr\u00e1s do \u201c\u00f3bvio\u201d, mas ela aparece em momentos escassos e n\u00e3o muito claros, principalmente para os mais novos. Um ponto negativo desse minimalismo \u00e9 o flerte com o \u201centediante\u201d quando temos, por 90% do filme, apenas os personagens de Cla\u00e9 e Bru\u00f3 conversando e um antagonista um tanto quanto abstrato.<\/p>\n\n\n\n<p>\u00c9 dif\u00edcil criar um novo trabalho quando o antecessor foi um sucesso t\u00e3o grande a ponto de chegar ao Oscar, a press\u00e3o de fazer algo novo, original e melhor, mas sem abandonar por completo o que fez o primeiro ser o que foi. \u201cPerlimps\u201d n\u00e3o supera \u201cO Menino e o Mundo\u201d, mas \u00e9 uma importante adi\u00e7\u00e3o \u00e0 sua filmografia e afirma mais uma vez que sua carreira tem o potencial para ir ainda mais longe.<\/p>","protected":false},"excerpt":{"rendered":"<p>Num mundo predominado pela natureza, conhecemos Cla\u00e9 e Bru\u00f3, dois guerreiros enviados pelos seus reinos (do Sol e da Lua), que s\u00e3o inimigos, para a Floresta Encantada para encontrarem e protegerem os Perlimps dos gigantes. Para contar essa hist\u00f3ria, Al\u00ea Abreu (cineasta de \u201cO Menino e o Mundo\u201d, filme indicado ao Oscar de Melhor Anima\u00e7\u00e3o [&hellip;]<\/p>","protected":false},"author":60,"featured_media":80841,"comment_status":"closed","ping_status":"open","sticky":false,"template":"","format":"standard","meta":{"_exactmetrics_skip_tracking":false,"_exactmetrics_sitenote_active":false,"_exactmetrics_sitenote_note":"","_exactmetrics_sitenote_category":0,"footnotes":""},"categories":[2415],"tags":[707],"_links":{"self":[{"href":"https:\/\/www.cinemaup.com.br\/en\/wp-json\/wp\/v2\/posts\/80840"}],"collection":[{"href":"https:\/\/www.cinemaup.com.br\/en\/wp-json\/wp\/v2\/posts"}],"about":[{"href":"https:\/\/www.cinemaup.com.br\/en\/wp-json\/wp\/v2\/types\/post"}],"author":[{"embeddable":true,"href":"https:\/\/www.cinemaup.com.br\/en\/wp-json\/wp\/v2\/users\/60"}],"replies":[{"embeddable":true,"href":"https:\/\/www.cinemaup.com.br\/en\/wp-json\/wp\/v2\/comments?post=80840"}],"version-history":[{"count":2,"href":"https:\/\/www.cinemaup.com.br\/en\/wp-json\/wp\/v2\/posts\/80840\/revisions"}],"predecessor-version":[{"id":80846,"href":"https:\/\/www.cinemaup.com.br\/en\/wp-json\/wp\/v2\/posts\/80840\/revisions\/80846"}],"wp:featuredmedia":[{"embeddable":true,"href":"https:\/\/www.cinemaup.com.br\/en\/wp-json\/wp\/v2\/media\/80841"}],"wp:attachment":[{"href":"https:\/\/www.cinemaup.com.br\/en\/wp-json\/wp\/v2\/media?parent=80840"}],"wp:term":[{"taxonomy":"category","embeddable":true,"href":"https:\/\/www.cinemaup.com.br\/en\/wp-json\/wp\/v2\/categories?post=80840"},{"taxonomy":"post_tag","embeddable":true,"href":"https:\/\/www.cinemaup.com.br\/en\/wp-json\/wp\/v2\/tags?post=80840"}],"curies":[{"name":"wp","href":"https:\/\/api.w.org\/{rel}","templated":true}]}}