{"id":80951,"date":"2023-03-21T17:42:37","date_gmt":"2023-03-21T20:42:37","guid":{"rendered":"https:\/\/www.cinemaup.com.br\/?p=80951"},"modified":"2023-03-21T17:42:39","modified_gmt":"2023-03-21T20:42:39","slug":"com-um-elenco-estelar-e-um-drama-familiar-com-misterio-e-diversidade-chuva-negra-estreia-no-canal-brasil-no-dia-24-de-marco","status":"publish","type":"post","link":"https:\/\/www.cinemaup.com.br\/en\/com-um-elenco-estelar-e-um-drama-familiar-com-misterio-e-diversidade-chuva-negra-estreia-no-canal-brasil-no-dia-24-de-marco\/","title":{"rendered":"Com um elenco estelar e um drama familiar com mist\u00e9rio e diversidade, &#8220;Chuva Negra&#8221; estreia no Canal Brasil no dia 24 de mar\u00e7o"},"content":{"rendered":"<p>No dia 24 de mar\u00e7o (sexta-feira) chega no Canal Brasil e no Globoplay a nova s\u00e9rie original \u201cChuva Negra\u201d, criada e dirigida por Rafael Primot, que tamb\u00e9m atua na s\u00e9rie e produzida por Daniel Gaggini.<\/p>\n\n\n\n<p>Com 10 epis\u00f3dios de 25 minutos cada, \u201cChuva Negra\u201d acompanha a hist\u00f3ria de uma fam\u00edlia espec\u00edfica para tratar de temas familiares gerais, al\u00e9m de diversidade, inclus\u00e3o e diferentes formas de amor. Um dos principais diferenciais da produ\u00e7\u00e3o \u00e9 o ator Jo\u00e3o Sim\u00f5es, que interpreta Lucas na trama, Jo\u00e3o \u00e9 um jovem com s\u00edndrome de Down e seu personagem \u00e9 central na hist\u00f3ria.<\/p>\n\n\n\n<p>Durante a coletiva de imprensa, em que quase todos do elenco estavam presentes, os atores e o diretor fizeram quest\u00e3o de ressaltar a import\u00e2ncia da inclus\u00e3o e do respeito ao se ter na equipe um ator como Jo\u00e3o, que j\u00e1 era um ator de teatro e agora embarcou em seu primeiro papel para as c\u00e2meras, ele mesmo tamb\u00e9m comentou sobre seu trabalho, dizendo que a produ\u00e7\u00e3o lhe ofereceu um espa\u00e7o seguro para que ele trabalhar e afirmou que foi uma experi\u00eancia muito positiva.<\/p>\n\n\n\n<p>Al\u00e9m do personagem de Jo\u00e3o, a diversidade tamb\u00e9m est\u00e1 presente em outras camadas, como por exemplo na personagem da Micha, vivida pela atriz Leona Jhovs, que \u00e9 transexual e o casal Rocha (Kiko Pissolato) e Orlando (Dudu de Oliveira), que v\u00e3o tratar de assuntos como homofobia e racismo, mantendo a discuss\u00e3o atual e necess\u00e1ria.<\/p>\n\n\n\n<div class=\"wp-block-image\"><figure class=\"aligncenter size-large is-resized\"><img fetchpriority=\"high\" decoding=\"async\" src=\"https:\/\/www.cinemaup.com.br\/wp-content\/uploads\/2023\/03\/20230321_102804-766x1024.jpg\" alt=\"\" class=\"wp-image-80953\" width=\"508\" height=\"679\" srcset=\"https:\/\/www.cinemaup.com.br\/wp-content\/uploads\/2023\/03\/20230321_102804-766x1024.jpg 766w, https:\/\/www.cinemaup.com.br\/wp-content\/uploads\/2023\/03\/20230321_102804-239x320.jpg 239w, https:\/\/www.cinemaup.com.br\/wp-content\/uploads\/2023\/03\/20230321_102804-112x150.jpg 112w, https:\/\/www.cinemaup.com.br\/wp-content\/uploads\/2023\/03\/20230321_102804-1149x1536.jpg 1149w, https:\/\/www.cinemaup.com.br\/wp-content\/uploads\/2023\/03\/20230321_102804-18x24.jpg 18w, https:\/\/www.cinemaup.com.br\/wp-content\/uploads\/2023\/03\/20230321_102804-27x36.jpg 27w, https:\/\/www.cinemaup.com.br\/wp-content\/uploads\/2023\/03\/20230321_102804-36x48.jpg 36w, https:\/\/www.cinemaup.com.br\/wp-content\/uploads\/2023\/03\/20230321_102804.jpg 1816w\" sizes=\"(max-width: 508px) 100vw, 508px\" \/><figcaption>Julia Lemmertz e Z\u00e9 Carlos Machado na Coletiva de Imprensa da s\u00e9rie &#8220;Chuva Negra&#8221;<\/figcaption><\/figure><\/div>\n\n\n\n<p>O foco da hist\u00f3ria \u00e9 o n\u00facleo familiar e todos seus desdobramentos e, para isso, focamos na fam\u00edlia encabe\u00e7ada por Nancy (Julia Lemmertz) e Geraldo (Z\u00e9 Carlos Machado), eles s\u00e3o pais de Zeca (Marcos Pitombo), Lucas (Jo\u00e3o Sim\u00f5es) e Vitor (Rafael Primot), cada um vivendo com seus pr\u00f3prios conflitos internos, que acabam se interconectando, a serem desenvolvidos ao longo dos 10 epis\u00f3dios.<\/p>\n\n\n\n<p>J\u00e1 assistimos ao primeiro epis\u00f3dio e, pelo menos esse come\u00e7o, entregou o que se prop\u00f4s. Logo somos apresentados a alguns dos conflitos da fam\u00edlia e de seus membros. Nancy e Geraldo est\u00e3o prestes a fazer uma viagem de 40 dias para Jerusal\u00e9m, eles parecem um casal s\u00f3lido, mas percebe-se que a viagem foi muito mais uma escolha de Geraldo do que de Nancy, e existem assuntos n\u00e3o resolvidos entre eles. Zeca \u00e9 um homem imaturo e irrespons\u00e1vel, que est\u00e1 mais preocupado em curtir a vida do que qualquer outra coisa. J\u00e1 Vitor, o mais velho, tem sua pr\u00f3pria vida, inclusive sua pr\u00f3pria esposa (Vanessa Gi\u00e1como) e seu filho rec\u00e9m-nascido, mas essa vida est\u00e1 longe de ser perfeita, com desencontros claros entre o casal. O filho mais novo \u00e9 Lucas, que \u00e9 tratado com muito amor pelos pais e por Micha, que ajuda em seus cuidados, mas n\u00e3o encontra o mesmo acolhimento por parte de seu irm\u00e3o Zeca.<\/p>\n\n\n\n<p>Apesar de serem diferentes entre si, os irm\u00e3os t\u00eam um ponto em comum, todos dependem de alguma forma de seus pais e, quando o avi\u00e3o que levava Nancy e Geraldo para Jerusal\u00e9m desaparece misteriosamente, a fam\u00edlia ter\u00e1 que se ajustar para lidar com sua aus\u00eancia. O desaparecimento desse avi\u00e3o traz o elemento da fantasia e do suspense para o drama familiar, prometendo uma trama cheia de reviravoltas com um elenco estelar para acompanhar.<\/p>\n\n\n\n<p><strong>Chuva Negra<\/strong> estreia na sexta-feira, dia 24\/03, \u00e0s 22h30 no Canal Brasil, com dois epis\u00f3dios em sequ\u00eancia. A s\u00e9rie tamb\u00e9m estar\u00e1 dispon\u00edvel no Globoplay.<br><\/p>","protected":false},"excerpt":{"rendered":"<p>No dia 24 de mar\u00e7o (sexta-feira) chega no Canal Brasil e no Globoplay a nova s\u00e9rie original \u201cChuva Negra\u201d, criada e dirigida por Rafael Primot, que tamb\u00e9m atua na s\u00e9rie e produzida por Daniel Gaggini. Com 10 epis\u00f3dios de 25 minutos cada, \u201cChuva Negra\u201d acompanha a hist\u00f3ria de uma fam\u00edlia espec\u00edfica para tratar de temas [&hellip;]<\/p>","protected":false},"author":60,"featured_media":80952,"comment_status":"closed","ping_status":"open","sticky":false,"template":"","format":"standard","meta":{"_exactmetrics_skip_tracking":false,"_exactmetrics_sitenote_active":false,"_exactmetrics_sitenote_note":"","_exactmetrics_sitenote_category":0,"footnotes":""},"categories":[1,15930,15926],"tags":[],"_links":{"self":[{"href":"https:\/\/www.cinemaup.com.br\/en\/wp-json\/wp\/v2\/posts\/80951"}],"collection":[{"href":"https:\/\/www.cinemaup.com.br\/en\/wp-json\/wp\/v2\/posts"}],"about":[{"href":"https:\/\/www.cinemaup.com.br\/en\/wp-json\/wp\/v2\/types\/post"}],"author":[{"embeddable":true,"href":"https:\/\/www.cinemaup.com.br\/en\/wp-json\/wp\/v2\/users\/60"}],"replies":[{"embeddable":true,"href":"https:\/\/www.cinemaup.com.br\/en\/wp-json\/wp\/v2\/comments?post=80951"}],"version-history":[{"count":1,"href":"https:\/\/www.cinemaup.com.br\/en\/wp-json\/wp\/v2\/posts\/80951\/revisions"}],"predecessor-version":[{"id":80954,"href":"https:\/\/www.cinemaup.com.br\/en\/wp-json\/wp\/v2\/posts\/80951\/revisions\/80954"}],"wp:featuredmedia":[{"embeddable":true,"href":"https:\/\/www.cinemaup.com.br\/en\/wp-json\/wp\/v2\/media\/80952"}],"wp:attachment":[{"href":"https:\/\/www.cinemaup.com.br\/en\/wp-json\/wp\/v2\/media?parent=80951"}],"wp:term":[{"taxonomy":"category","embeddable":true,"href":"https:\/\/www.cinemaup.com.br\/en\/wp-json\/wp\/v2\/categories?post=80951"},{"taxonomy":"post_tag","embeddable":true,"href":"https:\/\/www.cinemaup.com.br\/en\/wp-json\/wp\/v2\/tags?post=80951"}],"curies":[{"name":"wp","href":"https:\/\/api.w.org\/{rel}","templated":true}]}}