{"id":81269,"date":"2023-04-20T21:50:47","date_gmt":"2023-04-21T00:50:47","guid":{"rendered":"https:\/\/www.cinemaup.com.br\/?p=81269"},"modified":"2023-04-20T22:41:50","modified_gmt":"2023-04-21T01:41:50","slug":"tudo-que-voce-precisa-saber-sobre-a-franquia-a-morte-do-demonio","status":"publish","type":"post","link":"https:\/\/www.cinemaup.com.br\/en\/tudo-que-voce-precisa-saber-sobre-a-franquia-a-morte-do-demonio\/","title":{"rendered":"TUDO QUE VOC\u00ca PRECISA SABER SOBRE A FRANQUIA &#8220;A MORTE DO DEM\u00d4NIO&#8221;"},"content":{"rendered":"<p>Se tem uma coisa que sempre acompanha os f\u00e3s de terror, s\u00e3o as franquias. \u00c9 dif\u00edcil encontrar hist\u00f3rias de terror que param em seu primeiro filme, principalmente quando fazem sucesso, mas quantidade nunca foi sin\u00f4nimo de qualidade e isso fica \u00f3bvio quando olhamos para essas franquias e descobrimos que \u00e9 praticamente imposs\u00edvel encontrar uma que tenha agradado com todas as suas sequ\u00eancias. <\/p>\n\n\n\n<p>No entanto, se existe uma exce\u00e7\u00e3o, ou pelo menos uma op\u00e7\u00e3o que chegue perto disso, talvez seja a franquia A Morte do Dem\u00f4nio, que come\u00e7ou em 1981 e desde ent\u00e3o coleciona filmes, reboots, s\u00e9ries, games e at\u00e9 um musical.<\/p>\n\n\n\n<p>Chegou agora nos cinemas mais um filme, A Morte do Dem\u00f4nio: A Ascens\u00e3o, e como acontece com esse tipo de franquia, voc\u00ea pode ter d\u00favidas sobre a ordem dos filmes ou o que voc\u00ea precisa (ou n\u00e3o) assistir para entender a nova hist\u00f3ria, mas fique tranquilo, a gente te ajuda a entender! E para explicar, vamos pela ordem cronol\u00f3gica de lan\u00e7amento.&nbsp;<\/p>\n\n\n\n<p><\/p>\n\n\n\n<figure class=\"wp-block-image size-full\"><img fetchpriority=\"high\" decoding=\"async\" width=\"730\" height=\"385\" src=\"https:\/\/www.cinemaup.com.br\/wp-content\/uploads\/2023\/04\/ff-evil-dead1981-1.png\" alt=\"\" class=\"wp-image-81270\" srcset=\"https:\/\/www.cinemaup.com.br\/wp-content\/uploads\/2023\/04\/ff-evil-dead1981-1.png 730w, https:\/\/www.cinemaup.com.br\/wp-content\/uploads\/2023\/04\/ff-evil-dead1981-1-320x169.png 320w, https:\/\/www.cinemaup.com.br\/wp-content\/uploads\/2023\/04\/ff-evil-dead1981-1-150x79.png 150w, https:\/\/www.cinemaup.com.br\/wp-content\/uploads\/2023\/04\/ff-evil-dead1981-1-18x9.png 18w, https:\/\/www.cinemaup.com.br\/wp-content\/uploads\/2023\/04\/ff-evil-dead1981-1-24x13.png 24w, https:\/\/www.cinemaup.com.br\/wp-content\/uploads\/2023\/04\/ff-evil-dead1981-1-36x19.png 36w, https:\/\/www.cinemaup.com.br\/wp-content\/uploads\/2023\/04\/ff-evil-dead1981-1-48x25.png 48w\" sizes=\"(max-width: 730px) 100vw, 730px\" \/><\/figure>\n\n\n\n<p class=\"has-medium-font-size\"><strong>A MORTE DO DEM\u00d4NIO (1981)<\/strong><\/p>\n\n\n\n<p>Muito antes de dirigir a trilogia original de Homem-Aranha ou Doutor Estranho no Multiverso da Loucura, Sam Raimi come\u00e7ou (e consolidou) sua carreira no terror. Com apenas 18 anos de idade, ele teve a ideia de um curta chamado Within The Woods, que contava a hist\u00f3ria de um grupo de amigos que ia para um chal\u00e9 no meio da floresta, encontrava um livro demon\u00edaco e todos, menos um, eram possu\u00eddos e atacavam o sobrevivente, parece familiar? Esse foi o curta que deu origem ao seu primeiro longa, quando Sam Raimi tinha 22 anos. \u201cA Morte do Dem\u00f4nio\u201d foi um filme de baixo or\u00e7amento que teve muito mais sucesso do que o esperado. Uma parceria entre Raimi e seu ator principal, Bruce Campbell, virou um cl\u00e1ssico do terror, com suas cenas violentas, grotescas e muito sangue, e abriu o caminho para sequ\u00eancias.&nbsp;<\/p>\n\n\n\n<p>Voc\u00ea pode assistir a esse t\u00edtulo na HBO Max.<\/p>\n\n\n\n<p><\/p>\n\n\n\n<figure class=\"wp-block-image size-large\"><img decoding=\"async\" width=\"1024\" height=\"552\" src=\"https:\/\/www.cinemaup.com.br\/wp-content\/uploads\/2023\/04\/evil-dead2-1024x552.png\" alt=\"\" class=\"wp-image-81271\" srcset=\"https:\/\/www.cinemaup.com.br\/wp-content\/uploads\/2023\/04\/evil-dead2-1024x552.png 1024w, https:\/\/www.cinemaup.com.br\/wp-content\/uploads\/2023\/04\/evil-dead2-320x173.png 320w, https:\/\/www.cinemaup.com.br\/wp-content\/uploads\/2023\/04\/evil-dead2-150x81.png 150w, https:\/\/www.cinemaup.com.br\/wp-content\/uploads\/2023\/04\/evil-dead2-18x10.png 18w, https:\/\/www.cinemaup.com.br\/wp-content\/uploads\/2023\/04\/evil-dead2-24x13.png 24w, https:\/\/www.cinemaup.com.br\/wp-content\/uploads\/2023\/04\/evil-dead2-36x19.png 36w, https:\/\/www.cinemaup.com.br\/wp-content\/uploads\/2023\/04\/evil-dead2-48x26.png 48w, https:\/\/www.cinemaup.com.br\/wp-content\/uploads\/2023\/04\/evil-dead2.png 1500w\" sizes=\"(max-width: 1024px) 100vw, 1024px\" \/><\/figure>\n\n\n\n<p class=\"has-medium-font-size\"><strong>UMA NOITE ALUCINANTE 2 (1987)<\/strong><\/p>\n\n\n\n<p>Talvez voc\u00ea encontre o primeiro filme como A Morte do Dem\u00f4nio: Uma Noite Alucinante, mas n\u00e3o encontrar\u00e1 A Morte do Dem\u00f4nio 2 &#8211; \u00e9 aqui que come\u00e7a a confus\u00e3o. Sam Raimi e Bruce Campbell n\u00e3o detinham os direitos do filme original e para conseguir continuar a hist\u00f3ria precisaram fazer um reboot, mas eles tamb\u00e9m queriam uma sequ\u00eancia e aproveitar os personagens, principalmente o protagonista Ash, ent\u00e3o a solu\u00e7\u00e3o foi dar um jeitinho, assim como o bom brasileiro gosta. Antes de continuar a hist\u00f3ria de onde tinha parado, Raimi fez uma recapitula\u00e7\u00e3o do primeiro filme nesse segundo, como uma regrava\u00e7\u00e3o. Ash continuava como principal, mas alguns acontecimentos tiveram um rumo diferente do original. Al\u00e9m dessas diverg\u00eancias, uma grande mudan\u00e7a foi no tom do filme: enquanto o primeiro parte diretamente para o terror, esse segundo abre espa\u00e7o para a com\u00e9dia, algo que se tornar\u00e1 caracter\u00edstico da franquia &#8211; pelo menos em suas pr\u00f3ximas produ\u00e7\u00f5es.&nbsp;<\/p>\n\n\n\n<p><\/p>\n\n\n\n<figure class=\"wp-block-image size-large\"><img decoding=\"async\" width=\"1024\" height=\"576\" src=\"https:\/\/www.cinemaup.com.br\/wp-content\/uploads\/2023\/04\/evil-dead3-1024x576.png\" alt=\"\" class=\"wp-image-81272\" srcset=\"https:\/\/www.cinemaup.com.br\/wp-content\/uploads\/2023\/04\/evil-dead3-1024x576.png 1024w, https:\/\/www.cinemaup.com.br\/wp-content\/uploads\/2023\/04\/evil-dead3-320x180.png 320w, https:\/\/www.cinemaup.com.br\/wp-content\/uploads\/2023\/04\/evil-dead3-150x84.png 150w, https:\/\/www.cinemaup.com.br\/wp-content\/uploads\/2023\/04\/evil-dead3-18x10.png 18w, https:\/\/www.cinemaup.com.br\/wp-content\/uploads\/2023\/04\/evil-dead3-24x14.png 24w, https:\/\/www.cinemaup.com.br\/wp-content\/uploads\/2023\/04\/evil-dead3-36x20.png 36w, https:\/\/www.cinemaup.com.br\/wp-content\/uploads\/2023\/04\/evil-dead3-48x27.png 48w, https:\/\/www.cinemaup.com.br\/wp-content\/uploads\/2023\/04\/evil-dead3.png 1280w\" sizes=\"(max-width: 1024px) 100vw, 1024px\" \/><\/figure>\n\n\n\n<p class=\"has-medium-font-size\"><strong>UMA NOITE ALUCINANTE 3 (1992)<\/strong><\/p>\n\n\n\n<p>Aqui, Raimi enfim conta a hist\u00f3ria que j\u00e1 queria ter contado no filme anterior &#8211; e tamb\u00e9m \u00e9 aqui que a parte de fantasia chega. Ash, ainda o Bruce Campbell, viaja no tempo e vai parar na era Medieval. A com\u00e9dia prevalece, mas sem nunca deixar o <em>gore<\/em> de lado e ainda que bem diferente, \u00e9 bom e agradou a base de f\u00e3s, mas foi o fim da franquia, pelo menos por um tempo.&nbsp;<\/p>\n\n\n\n<p><\/p>\n\n\n\n<figure class=\"wp-block-image size-full\"><img loading=\"lazy\" decoding=\"async\" width=\"640\" height=\"427\" src=\"https:\/\/www.cinemaup.com.br\/wp-content\/uploads\/2023\/04\/20131030EvilDead.jpg\" alt=\"\" class=\"wp-image-81273\" srcset=\"https:\/\/www.cinemaup.com.br\/wp-content\/uploads\/2023\/04\/20131030EvilDead.jpg 640w, https:\/\/www.cinemaup.com.br\/wp-content\/uploads\/2023\/04\/20131030EvilDead-320x214.jpg 320w, https:\/\/www.cinemaup.com.br\/wp-content\/uploads\/2023\/04\/20131030EvilDead-150x100.jpg 150w, https:\/\/www.cinemaup.com.br\/wp-content\/uploads\/2023\/04\/20131030EvilDead-18x12.jpg 18w, https:\/\/www.cinemaup.com.br\/wp-content\/uploads\/2023\/04\/20131030EvilDead-24x16.jpg 24w, https:\/\/www.cinemaup.com.br\/wp-content\/uploads\/2023\/04\/20131030EvilDead-36x24.jpg 36w, https:\/\/www.cinemaup.com.br\/wp-content\/uploads\/2023\/04\/20131030EvilDead-48x32.jpg 48w\" sizes=\"(max-width: 640px) 100vw, 640px\" \/><\/figure>\n\n\n\n<p class=\"has-medium-font-size\"><strong>GAMES E MUSICAL<\/strong><\/p>\n\n\n\n<p>Na d\u00e9cada de 2000 a franquia \u201cA Morte do Dem\u00f4nio\u201d n\u00e3o ganhou filme novo, mas em compensa\u00e7\u00e3o expandiu suas produ\u00e7\u00f5es e tomou conta dos video games e, inusitadamente, dos palcos. Foram diversos de jogos de console, que continuam sendo lan\u00e7ados at\u00e9 hoje, e uma pe\u00e7a musical que estreou em Toronto no Canad\u00e1 e fez tanto sucesso que foi para Nova York num teatro off-Broadway.&nbsp;<\/p>\n\n\n\n<p><\/p>\n\n\n\n<figure class=\"wp-block-image size-full\"><img loading=\"lazy\" decoding=\"async\" width=\"940\" height=\"477\" src=\"https:\/\/www.cinemaup.com.br\/wp-content\/uploads\/2023\/04\/ads_Evil-Dead-2013.jpg\" alt=\"\" class=\"wp-image-81274\" srcset=\"https:\/\/www.cinemaup.com.br\/wp-content\/uploads\/2023\/04\/ads_Evil-Dead-2013.jpg 940w, https:\/\/www.cinemaup.com.br\/wp-content\/uploads\/2023\/04\/ads_Evil-Dead-2013-320x162.jpg 320w, https:\/\/www.cinemaup.com.br\/wp-content\/uploads\/2023\/04\/ads_Evil-Dead-2013-150x76.jpg 150w, https:\/\/www.cinemaup.com.br\/wp-content\/uploads\/2023\/04\/ads_Evil-Dead-2013-18x9.jpg 18w, https:\/\/www.cinemaup.com.br\/wp-content\/uploads\/2023\/04\/ads_Evil-Dead-2013-24x12.jpg 24w, https:\/\/www.cinemaup.com.br\/wp-content\/uploads\/2023\/04\/ads_Evil-Dead-2013-36x18.jpg 36w, https:\/\/www.cinemaup.com.br\/wp-content\/uploads\/2023\/04\/ads_Evil-Dead-2013-48x24.jpg 48w\" sizes=\"(max-width: 940px) 100vw, 940px\" \/><\/figure>\n\n\n\n<p class=\"has-medium-font-size\"><strong>A MORTE DO DEM\u00d4NIO (2013)<\/strong><\/p>\n\n\n\n<p>Sequ\u00eancia? Reboot? Remake? Tudo isso junto e mais um pouco? \u00c9 dif\u00edcil definir o que foi \u201cA Morte do Dem\u00f4nio\u201d de 2013. A hist\u00f3ria \u00e9 basicamente a mesma do original, tem o chal\u00e9 na floresta, o grupo de amigos, o dem\u00f4nio, mas n\u00e3o tem Bruce Campbell no elenco (quer dizer, ele at\u00e9 chega a fazer uma participa\u00e7\u00e3o especial na cena p\u00f3s-cr\u00e9ditos, mas nada al\u00e9m disso) e n\u00e3o tem Sam Raimi na dire\u00e7\u00e3o, ainda que os dois estivessem por perto como produtores. O diretor Fede \u00c1lvarez apresentou novos personagens, entre elas Mia, claramente com a inten\u00e7\u00e3o de substituir o protagonista Ash e recome\u00e7ar a franquia. O filme dividiu opini\u00f5es, sendo bem recebido no geral, mas n\u00e3o o suficiente para que os planos de Fede \u00c1lvarez fossem levados adiante.&nbsp;<\/p>\n\n\n\n<p>Voc\u00ea pode assistir A Morte do Dem\u00f4nio de 2013 na HBO Max.<\/p>\n\n\n\n<p><\/p>\n\n\n\n<figure class=\"wp-block-image size-large\"><img loading=\"lazy\" decoding=\"async\" width=\"1024\" height=\"576\" src=\"https:\/\/www.cinemaup.com.br\/wp-content\/uploads\/2023\/04\/AAAABcZdYK-dRxqNUFml2S3LeuOuyEh28P1SjWQgWhPqsr_1arTK0uxHNT9aU5iMNwq473n36xBHuCCgNVoeQh0YDEx_pRWh51L-h7o7-1024x576.jpg\" alt=\"\" class=\"wp-image-81275\" srcset=\"https:\/\/www.cinemaup.com.br\/wp-content\/uploads\/2023\/04\/AAAABcZdYK-dRxqNUFml2S3LeuOuyEh28P1SjWQgWhPqsr_1arTK0uxHNT9aU5iMNwq473n36xBHuCCgNVoeQh0YDEx_pRWh51L-h7o7-1024x576.jpg 1024w, https:\/\/www.cinemaup.com.br\/wp-content\/uploads\/2023\/04\/AAAABcZdYK-dRxqNUFml2S3LeuOuyEh28P1SjWQgWhPqsr_1arTK0uxHNT9aU5iMNwq473n36xBHuCCgNVoeQh0YDEx_pRWh51L-h7o7-320x180.jpg 320w, https:\/\/www.cinemaup.com.br\/wp-content\/uploads\/2023\/04\/AAAABcZdYK-dRxqNUFml2S3LeuOuyEh28P1SjWQgWhPqsr_1arTK0uxHNT9aU5iMNwq473n36xBHuCCgNVoeQh0YDEx_pRWh51L-h7o7-150x84.jpg 150w, https:\/\/www.cinemaup.com.br\/wp-content\/uploads\/2023\/04\/AAAABcZdYK-dRxqNUFml2S3LeuOuyEh28P1SjWQgWhPqsr_1arTK0uxHNT9aU5iMNwq473n36xBHuCCgNVoeQh0YDEx_pRWh51L-h7o7-18x10.jpg 18w, https:\/\/www.cinemaup.com.br\/wp-content\/uploads\/2023\/04\/AAAABcZdYK-dRxqNUFml2S3LeuOuyEh28P1SjWQgWhPqsr_1arTK0uxHNT9aU5iMNwq473n36xBHuCCgNVoeQh0YDEx_pRWh51L-h7o7-24x14.jpg 24w, https:\/\/www.cinemaup.com.br\/wp-content\/uploads\/2023\/04\/AAAABcZdYK-dRxqNUFml2S3LeuOuyEh28P1SjWQgWhPqsr_1arTK0uxHNT9aU5iMNwq473n36xBHuCCgNVoeQh0YDEx_pRWh51L-h7o7-36x20.jpg 36w, https:\/\/www.cinemaup.com.br\/wp-content\/uploads\/2023\/04\/AAAABcZdYK-dRxqNUFml2S3LeuOuyEh28P1SjWQgWhPqsr_1arTK0uxHNT9aU5iMNwq473n36xBHuCCgNVoeQh0YDEx_pRWh51L-h7o7-48x27.jpg 48w, https:\/\/www.cinemaup.com.br\/wp-content\/uploads\/2023\/04\/AAAABcZdYK-dRxqNUFml2S3LeuOuyEh28P1SjWQgWhPqsr_1arTK0uxHNT9aU5iMNwq473n36xBHuCCgNVoeQh0YDEx_pRWh51L-h7o7.jpg 1280w\" sizes=\"(max-width: 1024px) 100vw, 1024px\" \/><\/figure>\n\n\n\n<p class=\"has-medium-font-size\"><strong>ASH VS. EVIL DEAD &#8211; A S\u00c9RIE (2015-2018)<\/strong><\/p>\n\n\n\n<p>Alcan\u00e7ando mais uma plataforma, o filme virou tamb\u00e9m uma s\u00e9rie de TV que acabou durando 3 temporadas e trouxe de volta Bruce Campbell no papel de Ash,  Raimi tamb\u00e9m esteve envolvido com a cria\u00e7\u00e3o, chegando a escrever e dirigir o epis\u00f3dio piloto, mas sua participa\u00e7\u00e3o foi limitada depois desse come\u00e7o. A s\u00e9rie, uma sequ\u00eancia dos eventos de Uma Noite Alucinante 3, trouxe de volta o humor dos dois \u00faltimos filmes com Ash, al\u00e9m de apresentar novos e interessantes personagens. Apesar de bem feita e de ter agradado aos f\u00e3s, n\u00e3o foi um grande sucesso de audi\u00eancia e foi cancelada pelo canal Starz depois de sua 3\u00aa temporada.<\/p>\n\n\n\n<p><\/p>\n\n\n\n<figure class=\"wp-block-image size-large\"><img loading=\"lazy\" decoding=\"async\" width=\"1024\" height=\"576\" src=\"https:\/\/www.cinemaup.com.br\/wp-content\/uploads\/2023\/04\/evildeadrisetrailerign-blogroll-1672853916666-1-1024x576.jpg\" alt=\"\" class=\"wp-image-81276\" srcset=\"https:\/\/www.cinemaup.com.br\/wp-content\/uploads\/2023\/04\/evildeadrisetrailerign-blogroll-1672853916666-1-1024x576.jpg 1024w, https:\/\/www.cinemaup.com.br\/wp-content\/uploads\/2023\/04\/evildeadrisetrailerign-blogroll-1672853916666-1-320x180.jpg 320w, https:\/\/www.cinemaup.com.br\/wp-content\/uploads\/2023\/04\/evildeadrisetrailerign-blogroll-1672853916666-1-150x84.jpg 150w, https:\/\/www.cinemaup.com.br\/wp-content\/uploads\/2023\/04\/evildeadrisetrailerign-blogroll-1672853916666-1-18x10.jpg 18w, https:\/\/www.cinemaup.com.br\/wp-content\/uploads\/2023\/04\/evildeadrisetrailerign-blogroll-1672853916666-1-24x14.jpg 24w, https:\/\/www.cinemaup.com.br\/wp-content\/uploads\/2023\/04\/evildeadrisetrailerign-blogroll-1672853916666-1-36x20.jpg 36w, https:\/\/www.cinemaup.com.br\/wp-content\/uploads\/2023\/04\/evildeadrisetrailerign-blogroll-1672853916666-1-48x27.jpg 48w, https:\/\/www.cinemaup.com.br\/wp-content\/uploads\/2023\/04\/evildeadrisetrailerign-blogroll-1672853916666-1.jpg 1280w\" sizes=\"(max-width: 1024px) 100vw, 1024px\" \/><\/figure>\n\n\n\n<p class=\"has-medium-font-size\"><strong>A MORTE DO DEM\u00d4NIO: A ASCENS\u00c3O (2023)<\/strong><\/p>\n\n\n\n<p>Dez anos depois do \u00faltimo filme reboot\/remake\/sequ\u00eancia, a franquia ganha mais uma chance de se reinventar, dessa vez pelas m\u00e3os de Lee Cronin, respons\u00e1vel pelo roteiro e dire\u00e7\u00e3o, com Bruce Campbell e Sam Raimi como produtores. Se tiv\u00e9ssemos que definir, A Morte do Dem\u00f4nio: A Ascens\u00e3o chegaria mais perto de um reboot com um qu\u00ea de sequ\u00eancia (e homenagem ao original). Longe da floresta, dentro de um apartamento no meio da cidade, com foco numa fam\u00edlia em vez de um grupo de amigos, sem Ash e sem com\u00e9dia, poder\u00edamos duvidar da capacidade desse filme de dar continuidade \u00e0 boa reputa\u00e7\u00e3o da franquia, mas os f\u00e3s n\u00e3o t\u00eam com o que se preocupar. Tudo o que fez o filme original brilhar est\u00e1 nesse lan\u00e7amento e em grand\u00edssima quantidade &#8211; e qualidade, agrada os f\u00e3s das produ\u00e7\u00f5es anteriores e certamente tem o potencial de criar uma nova base de f\u00e3s tamb\u00e9m. Ou seja, mesmo que voc\u00ea nunca tenha assistido A Morte do Dem\u00f4nio antes, esse filme ainda \u00e9 para voc\u00ea.<\/p>\n\n\n\n<p>A <strong>Morte do Dem\u00f4nio: A Ascens\u00e3o<\/strong> est\u00e1 nos cinemas e voc\u00ea pode conferir nossa cr\u00edtica completa <a href=\"https:\/\/www.cinemaup.com.br\/en\/review\/a-morte-do-demonio-a-ascensao\/\" data-type=\"URL\" data-id=\"https:\/\/www.cinemaup.com.br\/review\/a-morte-do-demonio-a-ascensao\/\">aqui<\/a>.<\/p>","protected":false},"excerpt":{"rendered":"<p>Se tem uma coisa que sempre acompanha os f\u00e3s de terror, s\u00e3o as franquias. \u00c9 dif\u00edcil encontrar hist\u00f3rias de terror que param em seu primeiro filme, principalmente quando fazem sucesso, mas quantidade nunca foi sin\u00f4nimo de qualidade e isso fica \u00f3bvio quando olhamos para essas franquias e descobrimos que \u00e9 praticamente imposs\u00edvel encontrar uma que [&hellip;]<\/p>","protected":false},"author":60,"featured_media":81277,"comment_status":"closed","ping_status":"open","sticky":false,"template":"","format":"standard","meta":{"_exactmetrics_skip_tracking":false,"_exactmetrics_sitenote_active":false,"_exactmetrics_sitenote_note":"","_exactmetrics_sitenote_category":0,"footnotes":""},"categories":[1],"tags":[31242,11798,718,12,31243],"_links":{"self":[{"href":"https:\/\/www.cinemaup.com.br\/en\/wp-json\/wp\/v2\/posts\/81269"}],"collection":[{"href":"https:\/\/www.cinemaup.com.br\/en\/wp-json\/wp\/v2\/posts"}],"about":[{"href":"https:\/\/www.cinemaup.com.br\/en\/wp-json\/wp\/v2\/types\/post"}],"author":[{"embeddable":true,"href":"https:\/\/www.cinemaup.com.br\/en\/wp-json\/wp\/v2\/users\/60"}],"replies":[{"embeddable":true,"href":"https:\/\/www.cinemaup.com.br\/en\/wp-json\/wp\/v2\/comments?post=81269"}],"version-history":[{"count":3,"href":"https:\/\/www.cinemaup.com.br\/en\/wp-json\/wp\/v2\/posts\/81269\/revisions"}],"predecessor-version":[{"id":81280,"href":"https:\/\/www.cinemaup.com.br\/en\/wp-json\/wp\/v2\/posts\/81269\/revisions\/81280"}],"wp:featuredmedia":[{"embeddable":true,"href":"https:\/\/www.cinemaup.com.br\/en\/wp-json\/wp\/v2\/media\/81277"}],"wp:attachment":[{"href":"https:\/\/www.cinemaup.com.br\/en\/wp-json\/wp\/v2\/media?parent=81269"}],"wp:term":[{"taxonomy":"category","embeddable":true,"href":"https:\/\/www.cinemaup.com.br\/en\/wp-json\/wp\/v2\/categories?post=81269"},{"taxonomy":"post_tag","embeddable":true,"href":"https:\/\/www.cinemaup.com.br\/en\/wp-json\/wp\/v2\/tags?post=81269"}],"curies":[{"name":"wp","href":"https:\/\/api.w.org\/{rel}","templated":true}]}}