{"id":81289,"date":"2023-04-26T00:05:51","date_gmt":"2023-04-26T03:05:51","guid":{"rendered":"https:\/\/www.cinemaup.com.br\/?p=81289"},"modified":"2023-04-26T00:05:52","modified_gmt":"2023-04-26T03:05:52","slug":"imperio-da-luz-sam-mendes-entrega-filme-sensivel-mas-com-narrativa-rasa","status":"publish","type":"post","link":"https:\/\/www.cinemaup.com.br\/en\/imperio-da-luz-sam-mendes-entrega-filme-sensivel-mas-com-narrativa-rasa\/","title":{"rendered":"IMP\u00c9RIO DA LUZ | SAM MENDES ENTREGA FILME SENS\u00cdVEL, MAS COM NARRATIVA RASA"},"content":{"rendered":"<p>Escrito e dirigido por Sam Mendes (&#8216;1917&#8217; e &#8216;Skyfall&#8217;), o romance dram\u00e1tico &#8220;Imp\u00e9rio da Luz&#8221;, chega ao streaming Star+ nesta quarta-feira, dia 26 de abril. O filme \u00e9 protagonizado por Olivia Colman e Michael Ward, al\u00e9m da participa\u00e7\u00e3o do grande ator Colin Firth. <\/p>\n\n\n\n<p>O longa conta a hist\u00f3ria de Hilary (Olivia Colman), que trabalha como gerente em um cinema bem tradicional situado em uma cidade litor\u00e2nea inglesa no in\u00edcio dos anos 1980. Seu cotidiano \u00e9 impactado com a chegada do novo funcion\u00e1rio Stephen (Micheal Ward), com quem ela cria uma conex\u00e3o forte. <\/p>\n\n\n\n<p>&#8220;Imp\u00e9rio da Luz&#8221; \u00e9 uma carta de amor de Sam Mendes para o cinema. \u00c9 interessante que o diretor utiliza o ambiente de comercializa\u00e7\u00e3o de filmes mostrando o funcionamento da venda de ingressos, o hor\u00e1rio das sess\u00f5es, a venda de pipoca, e at\u00e9 como \u00e9 feita o manuseio dos rolos de filmes.  <\/p>\n\n\n\n<p>Al\u00e9m disso, o longa tamb\u00e9m foca nas rela\u00e7\u00f5es humanas ao construir o romance entre Hilary, uma mulher branca de meia idade, e Stephen, um jovem negro. Com essa conex\u00e3o entre os personagens desencadeia algumas discuss\u00f5es, como a maturidade, racismo e sa\u00fade mental. <\/p>\n\n\n\n<p>O roteiro consegue abordar essa quest\u00f5es durante o primeiro ato, onde situa\u00e7\u00f5es sutis acontecem entre eles, que ajuda a construir a ideia de apresentar essas tem\u00e1ticas sociais. Mas percebe-se um problema narrativo do meio ao final do filme que tenta agarrar todas essas situa\u00e7\u00f5es e n\u00e3o consegue se aprofundar em nada.<\/p>\n\n\n\n<p>A personagem Hilary \u00e9 o centro que conecta todas essas ideias que o longa quer abordar, mas \u00e9 problem\u00e1tico como a pr\u00f3pria hist\u00f3ria da protagonista fica ofuscada e pouco explorada, principalmente sobre sua sa\u00fade mental que n\u00e3o \u00e9 aprofundada e suas crises naturalizadas erroneamente pelo enredo. <\/p>\n\n\n\n<p>O filme acerta na escolha de elenco que tem uma grande qu\u00edmica. Sendo mais uma prova de como Sam Mendes sabe dirigir seus atores e faz\u00ea-los dominarem toda a composi\u00e7\u00e3o da cena. <\/p>\n\n\n\n<p>A atriz Olivia Colman entrega uma personagem cheia de camadas, criando mist\u00e9rio e pot\u00eancia em suas a\u00e7\u00f5es. Ela brilha, principalmente, em momentos dram\u00e1ticos que hipnotizam qualquer espectador. <\/p>\n\n\n\n<p>O olhar do diretor de fotografia, Roger Deakins, \u00e9 outro acerto do filme. A jun\u00e7\u00e3o est\u00e9tica das cores, a escolha dos planos e \u00e2ngulos d\u00e3o o tom sens\u00edvel e forte que a narrativa necessita. <\/p>\n\n\n\n<p>Por fim, o diretor Sam Mendes entrega um filme bonito, mas que carrega problemas de roteiro. Ele tenta abordar diversos assuntos relevantes para o momento atual, mas se perde em n\u00e3o decidir qual caminho seguir, dando a impress\u00e3o que seu objetivo era criar um &#8220;filme da moda&#8221;, para conseguir mais visibilidade nos festivais e premia\u00e7\u00f5es cinematogr\u00e1ficas. <\/p>\n\n\n\n<p>Por conta disso, o diretor desperdi\u00e7a seu potencial e seu grande elenco ao entregar um projeto mediano e que est\u00e1 longe de superar suas produ\u00e7\u00f5es anteriores que tinham muito mais identidade. <\/p>\n\n\n\n<p><\/p>","protected":false},"excerpt":{"rendered":"<p>Escrito e dirigido por Sam Mendes (&#8216;1917&#8217; e &#8216;Skyfall&#8217;), o romance dram\u00e1tico &#8220;Imp\u00e9rio da Luz&#8221;, chega ao streaming Star+ nesta quarta-feira, dia 26 de abril. O filme \u00e9 protagonizado por Olivia Colman e Michael Ward, al\u00e9m da participa\u00e7\u00e3o do grande ator Colin Firth. O longa conta a hist\u00f3ria de Hilary (Olivia Colman), que trabalha como [&hellip;]<\/p>","protected":false},"author":64,"featured_media":81290,"comment_status":"closed","ping_status":"open","sticky":false,"template":"","format":"standard","meta":{"_exactmetrics_skip_tracking":false,"_exactmetrics_sitenote_active":false,"_exactmetrics_sitenote_note":"","_exactmetrics_sitenote_category":0,"footnotes":""},"categories":[9831,2415,2423,16195,9830],"tags":[],"_links":{"self":[{"href":"https:\/\/www.cinemaup.com.br\/en\/wp-json\/wp\/v2\/posts\/81289"}],"collection":[{"href":"https:\/\/www.cinemaup.com.br\/en\/wp-json\/wp\/v2\/posts"}],"about":[{"href":"https:\/\/www.cinemaup.com.br\/en\/wp-json\/wp\/v2\/types\/post"}],"author":[{"embeddable":true,"href":"https:\/\/www.cinemaup.com.br\/en\/wp-json\/wp\/v2\/users\/64"}],"replies":[{"embeddable":true,"href":"https:\/\/www.cinemaup.com.br\/en\/wp-json\/wp\/v2\/comments?post=81289"}],"version-history":[{"count":1,"href":"https:\/\/www.cinemaup.com.br\/en\/wp-json\/wp\/v2\/posts\/81289\/revisions"}],"predecessor-version":[{"id":81291,"href":"https:\/\/www.cinemaup.com.br\/en\/wp-json\/wp\/v2\/posts\/81289\/revisions\/81291"}],"wp:featuredmedia":[{"embeddable":true,"href":"https:\/\/www.cinemaup.com.br\/en\/wp-json\/wp\/v2\/media\/81290"}],"wp:attachment":[{"href":"https:\/\/www.cinemaup.com.br\/en\/wp-json\/wp\/v2\/media?parent=81289"}],"wp:term":[{"taxonomy":"category","embeddable":true,"href":"https:\/\/www.cinemaup.com.br\/en\/wp-json\/wp\/v2\/categories?post=81289"},{"taxonomy":"post_tag","embeddable":true,"href":"https:\/\/www.cinemaup.com.br\/en\/wp-json\/wp\/v2\/tags?post=81289"}],"curies":[{"name":"wp","href":"https:\/\/api.w.org\/{rel}","templated":true}]}}