{"id":81354,"date":"2023-05-09T20:00:05","date_gmt":"2023-05-09T23:00:05","guid":{"rendered":"https:\/\/www.cinemaup.com.br\/?p=81354"},"modified":"2023-05-09T20:00:07","modified_gmt":"2023-05-09T23:00:07","slug":"dois-tempos-e-a-nova-serie-nacional-original-do-star-sobre-troca-de-corpo-e-de-seculo","status":"publish","type":"post","link":"https:\/\/www.cinemaup.com.br\/en\/dois-tempos-e-a-nova-serie-nacional-original-do-star-sobre-troca-de-corpo-e-de-seculo\/","title":{"rendered":"DOIS TEMPOS \u00c9 A NOVA S\u00c9RIE NACIONAL ORIGINAL DO STAR+ SOBRE TROCA DE CORPO &#8211; E DE S\u00c9CULO"},"content":{"rendered":"<p>O Star+, streaming da Disney, tem uma nova produ\u00e7\u00e3o original e brasileira: Dois Tempos, uma s\u00e9rie que mistura drama e fantasia com uma pitada de com\u00e9dia e chega na plataforma com todos os seus 8 epis\u00f3dios em 10 de maio.\u00a0<\/p>\n\n\n\n<figure class=\"wp-block-embed is-type-video is-provider-youtube wp-block-embed-youtube wp-embed-aspect-16-9 wp-has-aspect-ratio\"><div class=\"wp-block-embed__wrapper\">\n<iframe title=\"Dois Tempos | Trailer Oficial | Star+\" width=\"640\" height=\"360\" src=\"https:\/\/www.youtube.com\/embed\/Iq7cGJsGDs4?feature=oembed\" frameborder=\"0\" allow=\"accelerometer; autoplay; clipboard-write; encrypted-media; gyroscope; picture-in-picture; web-share\" referrerpolicy=\"strict-origin-when-cross-origin\" allowfullscreen><\/iframe>\n<\/div><\/figure>\n\n\n\n<p>\u201cDois Tempos\u201d \u00e9 uma hist\u00f3ria de viagem no tempo e troca de corpo. Paz (Sol Menezzes) \u00e9 uma super influencer vivendo em 2022, sua vida est\u00e1 constantemente sob os holofotes e ela e sua equipe, encabe\u00e7ada por sua m\u00e3e, que \u00e9 tamb\u00e9m sua empres\u00e1ria, compram um casar\u00e3o numa cidade do interior para transformar numa \u201cescola de influencers\u201d e sede dos empreendimentos de Paz. N\u00e3o \u00e9 \u00e0 toa que foi escolhida uma cidade do interior, essa cidade em espec\u00edfico \u00e9 conhecida como a \u201ccidade das mulheres\u201d, onde as mulheres t\u00eam tomado a frente h\u00e1 muitas d\u00e9cadas, e Paz e sua equipe usam desse pretexto para acrescentar o feminismo \u00e0 sua causa, afinal, o que eles vendem \u00e9 que a \u201cescola de influencers\u201d \u00e9 tamb\u00e9m um lugar de empoderamento feminino.<\/p>\n\n\n\n<p>O problema \u00e9 que esse casar\u00e3o tamb\u00e9m n\u00e3o \u00e9 \u00e0 toa, ele \u00e9 um patrim\u00f4nio da cidade com valor hist\u00f3rico e os habitantes da cidade, liderados por jovens mulheres, deixam bem claro que n\u00e3o concordam com as atitudes de Paz em rela\u00e7\u00e3o ao edif\u00edcio e o maior medo da influencer se torna realidade quando ela \u00e9 cancelada na Internet.\u00a0<\/p>\n\n\n\n<figure class=\"wp-block-image size-large is-resized\"><img fetchpriority=\"high\" decoding=\"async\" src=\"https:\/\/www.cinemaup.com.br\/wp-content\/uploads\/2023\/05\/Sol-Menezzes-e-Paz-Dois-Tempos-Star--1024x576.jpg\" alt=\"\" class=\"wp-image-81356\" width=\"655\" height=\"368\" srcset=\"https:\/\/www.cinemaup.com.br\/wp-content\/uploads\/2023\/05\/Sol-Menezzes-e-Paz-Dois-Tempos-Star--1024x576.jpg 1024w, https:\/\/www.cinemaup.com.br\/wp-content\/uploads\/2023\/05\/Sol-Menezzes-e-Paz-Dois-Tempos-Star--320x180.jpg 320w, https:\/\/www.cinemaup.com.br\/wp-content\/uploads\/2023\/05\/Sol-Menezzes-e-Paz-Dois-Tempos-Star--150x84.jpg 150w, https:\/\/www.cinemaup.com.br\/wp-content\/uploads\/2023\/05\/Sol-Menezzes-e-Paz-Dois-Tempos-Star--1536x864.jpg 1536w, https:\/\/www.cinemaup.com.br\/wp-content\/uploads\/2023\/05\/Sol-Menezzes-e-Paz-Dois-Tempos-Star--2048x1152.jpg 2048w, https:\/\/www.cinemaup.com.br\/wp-content\/uploads\/2023\/05\/Sol-Menezzes-e-Paz-Dois-Tempos-Star--18x10.jpg 18w, https:\/\/www.cinemaup.com.br\/wp-content\/uploads\/2023\/05\/Sol-Menezzes-e-Paz-Dois-Tempos-Star--24x13.jpg 24w, https:\/\/www.cinemaup.com.br\/wp-content\/uploads\/2023\/05\/Sol-Menezzes-e-Paz-Dois-Tempos-Star--36x20.jpg 36w, https:\/\/www.cinemaup.com.br\/wp-content\/uploads\/2023\/05\/Sol-Menezzes-e-Paz-Dois-Tempos-Star--48x27.jpg 48w\" sizes=\"(max-width: 655px) 100vw, 655px\" \/><\/figure>\n\n\n\n<p>Paralelamente, conhecemos a hist\u00f3ria de Cec\u00edlia (Mari Oliveira) em 1922, uma jovem que morava no mesmo casar\u00e3o que agora pertence \u00e0 Paz. Cec\u00edlia \u00e9 uma mulher \u00e0 frente de seu tempo, ela \u00e9 uma escritora que virou \u00f3rf\u00e3 recentemente e agora tem sua vida controlada por seu padrinho e sua madrinha, um casal conservador e tradicional que acredita que o \u00fanico destino poss\u00edvel para uma mulher \u00e9 o casamento e a submiss\u00e3o ao marido, mas Cec\u00edlia sonha em ser livre, viver uma vida ditada por ningu\u00e9m al\u00e9m dela mesma e tem zero interesse em se casar, ou em homens em geral.\u00a0<\/p>\n\n\n\n<figure class=\"wp-block-image size-large is-resized\"><img decoding=\"async\" src=\"https:\/\/www.cinemaup.com.br\/wp-content\/uploads\/2023\/05\/Dois-Tempos_Star-5-1024x576.jpg\" alt=\"\" class=\"wp-image-81357\" width=\"670\" height=\"376\" srcset=\"https:\/\/www.cinemaup.com.br\/wp-content\/uploads\/2023\/05\/Dois-Tempos_Star-5-1024x576.jpg 1024w, https:\/\/www.cinemaup.com.br\/wp-content\/uploads\/2023\/05\/Dois-Tempos_Star-5-320x180.jpg 320w, https:\/\/www.cinemaup.com.br\/wp-content\/uploads\/2023\/05\/Dois-Tempos_Star-5-150x84.jpg 150w, https:\/\/www.cinemaup.com.br\/wp-content\/uploads\/2023\/05\/Dois-Tempos_Star-5-1536x864.jpg 1536w, https:\/\/www.cinemaup.com.br\/wp-content\/uploads\/2023\/05\/Dois-Tempos_Star-5-2048x1152.jpg 2048w, https:\/\/www.cinemaup.com.br\/wp-content\/uploads\/2023\/05\/Dois-Tempos_Star-5-18x10.jpg 18w, https:\/\/www.cinemaup.com.br\/wp-content\/uploads\/2023\/05\/Dois-Tempos_Star-5-24x13.jpg 24w, https:\/\/www.cinemaup.com.br\/wp-content\/uploads\/2023\/05\/Dois-Tempos_Star-5-36x20.jpg 36w, https:\/\/www.cinemaup.com.br\/wp-content\/uploads\/2023\/05\/Dois-Tempos_Star-5-48x27.jpg 48w\" sizes=\"(max-width: 670px) 100vw, 670px\" \/><\/figure>\n\n\n\n<p>Paz e Cec\u00edlia est\u00e3o bem descontentes com a situa\u00e7\u00e3o atual de suas vidas, em seus respectivos tempos, Paz cancelada antes de seu grande lan\u00e7amento, Cec\u00edlia prestes a subir no altar com um homem que ela n\u00e3o tem qualquer interesse, mas sofrem uma reviravolta quando, de repente, trocam de corpo &#8211; e de \u00e9poca. Cec\u00edlia acorda em 2022 no corpo da influencer e Paz acorda em 1922 no corpo da escritora. O choque cultural e temporal \u00e9 grande, mas Cec\u00edlia n\u00e3o poderia estar mais feliz, ela descobre todos os lugares e possibilidades que as mulheres conquistaram 100 anos depois e logo se sente em casa. J\u00e1 Paz, acostumada com sua vida e sua independ\u00eancia, s\u00f3 quer voltar para o seu tempo e seu corpo e os desejos das duas entram em conflito.<\/p>\n\n\n\n<p>A s\u00e9rie conta com um grande elenco al\u00e9m de Mari Oliveira e Sol Menezes, como Paulo Rocha, Leonardo Bianchi, Isabella Moreira, Luiza Nery, Dad\u00e1 Coelho, Agda Couto, Martha Nowill, Isabela Mariotto, Breno Ferreira, P\u00e2mela Germano, Duda Pimenta, Nicolas Ahnert, Let\u00edcia Novaes (Letrux) e T\u00falio Starling, entre outros. e tem dire\u00e7\u00e3o geral de Vera Egito. <\/p>\n\n\n\n<figure class=\"wp-block-image size-large\"><img decoding=\"async\" width=\"1024\" height=\"576\" src=\"https:\/\/www.cinemaup.com.br\/wp-content\/uploads\/2023\/05\/Dois-Tempos_Star-7-1024x576.jpg\" alt=\"\" class=\"wp-image-81358\" srcset=\"https:\/\/www.cinemaup.com.br\/wp-content\/uploads\/2023\/05\/Dois-Tempos_Star-7-1024x576.jpg 1024w, https:\/\/www.cinemaup.com.br\/wp-content\/uploads\/2023\/05\/Dois-Tempos_Star-7-320x180.jpg 320w, https:\/\/www.cinemaup.com.br\/wp-content\/uploads\/2023\/05\/Dois-Tempos_Star-7-150x84.jpg 150w, https:\/\/www.cinemaup.com.br\/wp-content\/uploads\/2023\/05\/Dois-Tempos_Star-7-1536x864.jpg 1536w, https:\/\/www.cinemaup.com.br\/wp-content\/uploads\/2023\/05\/Dois-Tempos_Star-7-2048x1152.jpg 2048w, https:\/\/www.cinemaup.com.br\/wp-content\/uploads\/2023\/05\/Dois-Tempos_Star-7-18x10.jpg 18w, https:\/\/www.cinemaup.com.br\/wp-content\/uploads\/2023\/05\/Dois-Tempos_Star-7-24x14.jpg 24w, https:\/\/www.cinemaup.com.br\/wp-content\/uploads\/2023\/05\/Dois-Tempos_Star-7-36x20.jpg 36w, https:\/\/www.cinemaup.com.br\/wp-content\/uploads\/2023\/05\/Dois-Tempos_Star-7-48x27.jpg 48w\" sizes=\"(max-width: 1024px) 100vw, 1024px\" \/><\/figure>\n\n\n\n<p>Um dos elementos da s\u00e9rie que mais chamam aten\u00e7\u00e3o, al\u00e9m da dire\u00e7\u00e3o, \u00e9 a montagem. Com um grande apelo para as novas gera\u00e7\u00f5es, o tom de fantasia n\u00e3o \u00e9 resgatado como de costume, mas sim com uma linguagem mais pr\u00f3xima das redes sociais, com muito movimento, cores vivas e cortes \u00e1geis. Isso poderia sair como um defeito, mas a coisa \u00e9 bem feita e se encaixa bem com o tom do roteiro e o modo como a narrativa \u00e9 levada. As diferen\u00e7as entre os s\u00e9culos \u00e9 mostrada com um bom equil\u00edbrio entre o drama e a com\u00e9dia e isso, aliado \u00e0 curta dura\u00e7\u00e3o de cada epis\u00f3dio, resulta numa s\u00e9rie leve, mas que ainda traz temas relevantes para seu p\u00fablico alvo.\u00a0<\/p>\n\n\n\n<p>O mist\u00e9rio tamb\u00e9m tem um papel importante na hist\u00f3ria, j\u00e1 que a troca de corpo n\u00e3o tem uma explica\u00e7\u00e3o imediata, mas vamos recebendo dicas durante os epis\u00f3dios para desvendar esse quebra-cabe\u00e7a com um p\u00e9 na fantasia.&nbsp;<\/p>","protected":false},"excerpt":{"rendered":"<p>O Star+, streaming da Disney, tem uma nova produ\u00e7\u00e3o original e brasileira: Dois Tempos, uma s\u00e9rie que mistura drama e fantasia com uma pitada de com\u00e9dia e chega na plataforma com todos os seus 8 epis\u00f3dios em 10 de maio.\u00a0 \u201cDois Tempos\u201d \u00e9 uma hist\u00f3ria de viagem no tempo e troca de corpo. Paz (Sol [&hellip;]<\/p>","protected":false},"author":60,"featured_media":81355,"comment_status":"closed","ping_status":"open","sticky":false,"template":"","format":"standard","meta":{"_exactmetrics_skip_tracking":false,"_exactmetrics_sitenote_active":false,"_exactmetrics_sitenote_note":"","_exactmetrics_sitenote_category":0,"footnotes":""},"categories":[1],"tags":[31246,16317,31245],"_links":{"self":[{"href":"https:\/\/www.cinemaup.com.br\/en\/wp-json\/wp\/v2\/posts\/81354"}],"collection":[{"href":"https:\/\/www.cinemaup.com.br\/en\/wp-json\/wp\/v2\/posts"}],"about":[{"href":"https:\/\/www.cinemaup.com.br\/en\/wp-json\/wp\/v2\/types\/post"}],"author":[{"embeddable":true,"href":"https:\/\/www.cinemaup.com.br\/en\/wp-json\/wp\/v2\/users\/60"}],"replies":[{"embeddable":true,"href":"https:\/\/www.cinemaup.com.br\/en\/wp-json\/wp\/v2\/comments?post=81354"}],"version-history":[{"count":2,"href":"https:\/\/www.cinemaup.com.br\/en\/wp-json\/wp\/v2\/posts\/81354\/revisions"}],"predecessor-version":[{"id":81360,"href":"https:\/\/www.cinemaup.com.br\/en\/wp-json\/wp\/v2\/posts\/81354\/revisions\/81360"}],"wp:featuredmedia":[{"embeddable":true,"href":"https:\/\/www.cinemaup.com.br\/en\/wp-json\/wp\/v2\/media\/81355"}],"wp:attachment":[{"href":"https:\/\/www.cinemaup.com.br\/en\/wp-json\/wp\/v2\/media?parent=81354"}],"wp:term":[{"taxonomy":"category","embeddable":true,"href":"https:\/\/www.cinemaup.com.br\/en\/wp-json\/wp\/v2\/categories?post=81354"},{"taxonomy":"post_tag","embeddable":true,"href":"https:\/\/www.cinemaup.com.br\/en\/wp-json\/wp\/v2\/tags?post=81354"}],"curies":[{"name":"wp","href":"https:\/\/api.w.org\/{rel}","templated":true}]}}