{"id":81609,"date":"2023-07-29T13:56:56","date_gmt":"2023-07-29T16:56:56","guid":{"rendered":"https:\/\/www.cinemaup.com.br\/?p=81609"},"modified":"2023-07-29T13:56:58","modified_gmt":"2023-07-29T16:56:58","slug":"opiniao-a-jornada-satirico-existencialista-e-autocritica-de-barbie","status":"publish","type":"post","link":"https:\/\/www.cinemaup.com.br\/en\/opiniao-a-jornada-satirico-existencialista-e-autocritica-de-barbie\/","title":{"rendered":"OPINI\u00c3O | A JORNADA SAT\u00cdRICO-EXISTENCIALISTA E AUTOCR\u00cdTICA DE \u201cBARBIE\u201d"},"content":{"rendered":"<p>Recentemente surgiu um debate na internet (onde mais?) sobre de onde surgiu a anima\u00e7\u00e3o com o primeiro filme live-action da Barbie, sendo que at\u00e9 outro dia era a boneca que promovia um padr\u00e3o de beleza irrealista, inalcan\u00e7\u00e1vel e racista.<\/p>\n\n\n\n<p>S\u00e3o v\u00e1rios os fatores para essa excita\u00e7\u00e3o. Tem o fator nostalgia &#8211; ap\u00f3s a pandemia o p\u00fablico se relaciona bem com os \u00edcones de sua inf\u00e2ncia, como foi o caso do estrondoso sucesso de \u201cSuper Mario Bros. O Filme\u201d. Tem o fato de \u00edcones estereotipicamente femininos possu\u00edrem menos chances de garantir uma adapta\u00e7\u00e3o do tamanho de um blockbuster do que os \u00edcones tidos como masculinos &#8211; como \u00e9 o caso dos diversos filmes de super-her\u00f3is e de a\u00e7\u00e3o gen\u00e9ricos como \u201cTransformers\u201d. Mas tamb\u00e9m tem o fator talento, afinal de contas, n\u00e3o tem como n\u00e3o se animar com um filme dirigido pela excelente Greta Gerwig e estrelado por pessoas talentosas como Margot Robbie, Ryan Gosling, America Ferrera, Issa Rae, Kate McKinnon e Will Ferrell.<\/p>\n\n\n\n<p>Voltando \u00e0 quest\u00e3o corporal, \u00e9 longa e antiga a discuss\u00e3o sobre a influ\u00eancia negativa da Barbie na autoestima das meninas e na internaliza\u00e7\u00e3o do padr\u00e3o de magreza e na insatisfa\u00e7\u00e3o corporal. S\u00e3o v\u00e1rios os estudos que relacionam meninas brincando com a Barbie cl\u00e1ssica com o aumento da insatisfa\u00e7\u00e3o corporal e do desejo por um corpo mais magro &#8211; o que contribuiria para um risco aumentado de transtornos alimentares.<\/p>\n\n\n\n<figure class=\"wp-block-image size-full\"><img fetchpriority=\"high\" decoding=\"async\" width=\"954\" height=\"450\" src=\"https:\/\/www.cinemaup.com.br\/wp-content\/uploads\/2023\/07\/BAR-TT3-0030.jpg\" alt=\"\" class=\"wp-image-81574\" srcset=\"https:\/\/www.cinemaup.com.br\/wp-content\/uploads\/2023\/07\/BAR-TT3-0030.jpg 954w, https:\/\/www.cinemaup.com.br\/wp-content\/uploads\/2023\/07\/BAR-TT3-0030-320x151.jpg 320w, https:\/\/www.cinemaup.com.br\/wp-content\/uploads\/2023\/07\/BAR-TT3-0030-150x71.jpg 150w, https:\/\/www.cinemaup.com.br\/wp-content\/uploads\/2023\/07\/BAR-TT3-0030-18x8.jpg 18w, https:\/\/www.cinemaup.com.br\/wp-content\/uploads\/2023\/07\/BAR-TT3-0030-24x11.jpg 24w, https:\/\/www.cinemaup.com.br\/wp-content\/uploads\/2023\/07\/BAR-TT3-0030-36x17.jpg 36w, https:\/\/www.cinemaup.com.br\/wp-content\/uploads\/2023\/07\/BAR-TT3-0030-48x23.jpg 48w\" sizes=\"(max-width: 954px) 100vw, 954px\" \/><\/figure>\n\n\n\n<p>O filme se apropria dessas cr\u00edticas, principalmente em uma cena (ALERTA SPOILER) em que a personagem da Margot que se autodenomina &#8220;Barbie Estereotipada&#8221; descobre que no \u201cMundo Real\u201d ela \u00e9 vista pelas mulheres jovens como uma boneca que atrasou o feminismo, propagou um ideal de corpo irreal, entre outras quest\u00f5es.<\/p>\n\n\n\n<p>Mas n\u00e3o sejamos ing\u00eanuos, sabemos que essa apropria\u00e7\u00e3o das cr\u00edticas e esfor\u00e7o de mostrar diversidade corporal (como a empresa Mattel j\u00e1 vem fazendo ao lan\u00e7ar bonecas de v\u00e1rios tamanhos, etnias, etc) \u00e9 uma forma de reposicionar a marca para uma nova gera\u00e7\u00e3o que contesta e problematiza muito mais. Parece ser uma tentativa de construir um futuro ao inv\u00e9s de ser s\u00f3 uma pe\u00e7a de nostalgia. N\u00e3o deixa de ser admir\u00e1vel. V\u00e1rias vezes fiquei me questionando na sala de cinema como aprovaram um or\u00e7amento t\u00e3o grande para um projeto t\u00e3o progressista e fora da curva.<\/p>\n\n\n\n<p>Uma das cr\u00edticas ao longa tem sido n\u00e3o ter dado mais protagonismo \u00e0 diversidade corporal. Por exemplo: tem Barbies negras (inclusive a Presidente da Barbieland), mas todas dentro do padr\u00e3o corporal vigente; tem uma Barbie gorda, mas que pouco fala; e uma pessoa com defici\u00eancia (PCD) que nem fala tem. Muita gente n\u00e3o se viu representada em tela e para uma Barbie que se diz inclusiva isso n\u00e3o \u00e9 um ponto positivo. Mas a personagem principal \u00e9 a Barbie Estereotipada e o foco da hist\u00f3ria est\u00e1 na sua jornada existencialista em busca da verdade, de prop\u00f3sito e da sua pr\u00f3pria identidade. E sendo assim, pouco tempo de tela sobra para outros personagens al\u00e9m do n\u00facleo principal.<\/p>\n\n\n\n<p>Sendo assim, o filme mais acerta que erra. N\u00e3o passa a mensagem que apenas um tipo de corpo \u00e9 o certo e nem incentiva comportamentos nada saud\u00e1veis (conhecidos tamb\u00e9m como comportamentos de risco para transtornos alimentares) para ter\/manter uma determinada forma f\u00edsica. \u00c9 bem sucedido em tratar de forma l\u00fadica, leve e divertida o que \u00e9 o patriarcado e suas consequ\u00eancias. \u00c9 um filme feminista que acerta em criticar o que a Barbie costumava representar, ao mesmo tempo que tenta construir uma nova imagem pra boneca mais famosa da hist\u00f3ria. \u00c9 uma \u00f3tima obra sat\u00edrica, engra\u00e7ada, reflexiva e emocionante. Chega at\u00e9 mesmo a debater mortalidade. Recomendo! Assista, se divirta e tire as suas pr\u00f3prias conclus\u00f5es.<\/p>\n\n\n\n<p><strong>Por Muriel H. Depin<\/strong><\/p>\n\n\n\n<p>Nutricionista especializado em transtornos alimentares pelo Ambulim (Programa de Transtornos Alimentares) do IPq-HCFMUSP (Instituto de Psiquiatria do Hospital das Cl\u00ednicas da Faculdade de Medicina da Universidade de S\u00e3o Paulo), membro do conselho t\u00e9cnico da ASTRALBR (Associa\u00e7\u00e3o Brasileira de Transtornos Alimentares) e criador do <a href=\"https:\/\/www.instagram.com\/obarrigapositiva\/\">@obarrigapositiva<\/a>.<\/p>","protected":false},"excerpt":{"rendered":"<p>Recentemente surgiu um debate na internet (onde mais?) sobre de onde surgiu a anima\u00e7\u00e3o com o primeiro filme live-action da Barbie, sendo que at\u00e9 outro dia era a boneca que promovia um padr\u00e3o de beleza irrealista, inalcan\u00e7\u00e1vel e racista. S\u00e3o v\u00e1rios os fatores para essa excita\u00e7\u00e3o. Tem o fator nostalgia &#8211; ap\u00f3s a pandemia o [&hellip;]<\/p>","protected":false},"author":72,"featured_media":81570,"comment_status":"closed","ping_status":"open","sticky":false,"template":"","format":"standard","meta":{"_exactmetrics_skip_tracking":false,"_exactmetrics_sitenote_active":false,"_exactmetrics_sitenote_note":"","_exactmetrics_sitenote_category":0,"footnotes":""},"categories":[1,15931],"tags":[4713,2499,31257],"_links":{"self":[{"href":"https:\/\/www.cinemaup.com.br\/en\/wp-json\/wp\/v2\/posts\/81609"}],"collection":[{"href":"https:\/\/www.cinemaup.com.br\/en\/wp-json\/wp\/v2\/posts"}],"about":[{"href":"https:\/\/www.cinemaup.com.br\/en\/wp-json\/wp\/v2\/types\/post"}],"author":[{"embeddable":true,"href":"https:\/\/www.cinemaup.com.br\/en\/wp-json\/wp\/v2\/users\/72"}],"replies":[{"embeddable":true,"href":"https:\/\/www.cinemaup.com.br\/en\/wp-json\/wp\/v2\/comments?post=81609"}],"version-history":[{"count":1,"href":"https:\/\/www.cinemaup.com.br\/en\/wp-json\/wp\/v2\/posts\/81609\/revisions"}],"predecessor-version":[{"id":81610,"href":"https:\/\/www.cinemaup.com.br\/en\/wp-json\/wp\/v2\/posts\/81609\/revisions\/81610"}],"wp:featuredmedia":[{"embeddable":true,"href":"https:\/\/www.cinemaup.com.br\/en\/wp-json\/wp\/v2\/media\/81570"}],"wp:attachment":[{"href":"https:\/\/www.cinemaup.com.br\/en\/wp-json\/wp\/v2\/media?parent=81609"}],"wp:term":[{"taxonomy":"category","embeddable":true,"href":"https:\/\/www.cinemaup.com.br\/en\/wp-json\/wp\/v2\/categories?post=81609"},{"taxonomy":"post_tag","embeddable":true,"href":"https:\/\/www.cinemaup.com.br\/en\/wp-json\/wp\/v2\/tags?post=81609"}],"curies":[{"name":"wp","href":"https:\/\/api.w.org\/{rel}","templated":true}]}}