{"id":81914,"date":"2023-10-16T19:58:53","date_gmt":"2023-10-16T22:58:53","guid":{"rendered":"https:\/\/www.cinemaup.com.br\/?p=81914"},"modified":"2023-10-16T19:58:54","modified_gmt":"2023-10-16T22:58:54","slug":"festival-do-rio-2023-conheca-os-vencedores","status":"publish","type":"post","link":"https:\/\/www.cinemaup.com.br\/en\/festival-do-rio-2023-conheca-os-vencedores\/","title":{"rendered":"FESTIVAL DO RIO 2023 | CONHE\u00c7A OS VENCEDORES"},"content":{"rendered":"<p>A 25\u00aa edi\u00e7\u00e3o do Festival do Rio chegou ao fim ontem (15\/10), depois de 10 dias exibindo mais de 200 filmes de sua sele\u00e7\u00e3o oficial, entre nacionais e internacionais. Para fechar o Festival, foi realizada a cerim\u00f4nia de premia\u00e7\u00e3o para os ganhadores do trof\u00e9u Redentor da Premi\u00e8re Brasil e Felix, no Cine Odeon &#8211; Centro Cultural Luiz Severiano Ribeiro. A cerim\u00f4nia foi apresentada pelos atores Carla Cristina Cardoso e Bukassa Kabengele.<\/p>\n\n\n\n<p>O grande vencedor da noite, na categoria de Melhor Filme de Fic\u00e7\u00e3o, foi A Batalha da Rua Maria Ant\u00f4nia, da diretora Vera Egito, um filme que conta a hist\u00f3ria real do conflito travado entre estudantes da USP e do Mackenzie durante a ditadura e tamb\u00e9m faz parte da sele\u00e7\u00e3o da Mostra de S\u00e3o Paulo desse ano.<\/p>\n\n\n\n<p><em>&#8220;\u00c9 muito importante o filme ganhar esse destaque em seu lan\u00e7amento no Festival do Rio. &#8216;A Batalha da Rua Maria Ant\u00f4nia&#8217; \u00e9 uma hist\u00f3ria que precisa reverberar pelo Brasil. Precisamos manter a mem\u00f3ria da ditadura viva, especialmente em um momento em que a sanha autorit\u00e1ria est\u00e1 \u00e0 espreita&#8221;<\/em>, comenta a diretora Vera Egito.<\/p>\n\n\n\n<p>Outro grande destaque do Festival do Rio foi o filme \u201cPed\u00e1gio\u201d, da diretora Carolina Markowicz, que dominou as categorias de atua\u00e7\u00e3o e tamb\u00e9m far\u00e1 parte da Mostra de S\u00e3o Paulo.<\/p>\n\n\n\n<p>Confira os demais vencedores.<\/p>\n\n\n\n<figure class=\"wp-block-image size-large is-resized\"><img fetchpriority=\"high\" decoding=\"async\" src=\"https:\/\/www.cinemaup.com.br\/wp-content\/uploads\/2023\/10\/premio-redentor-1024x682.jpg\" alt=\"\" class=\"wp-image-81915\" width=\"608\" height=\"404\" srcset=\"https:\/\/www.cinemaup.com.br\/wp-content\/uploads\/2023\/10\/premio-redentor-1024x682.jpg 1024w, https:\/\/www.cinemaup.com.br\/wp-content\/uploads\/2023\/10\/premio-redentor-320x213.jpg 320w, https:\/\/www.cinemaup.com.br\/wp-content\/uploads\/2023\/10\/premio-redentor-150x100.jpg 150w, https:\/\/www.cinemaup.com.br\/wp-content\/uploads\/2023\/10\/premio-redentor-18x12.jpg 18w, https:\/\/www.cinemaup.com.br\/wp-content\/uploads\/2023\/10\/premio-redentor-24x16.jpg 24w, https:\/\/www.cinemaup.com.br\/wp-content\/uploads\/2023\/10\/premio-redentor-36x24.jpg 36w, https:\/\/www.cinemaup.com.br\/wp-content\/uploads\/2023\/10\/premio-redentor-48x32.jpg 48w, https:\/\/www.cinemaup.com.br\/wp-content\/uploads\/2023\/10\/premio-redentor.jpg 1280w\" sizes=\"(max-width: 608px) 100vw, 608px\" \/><\/figure>\n\n\n\n<p class=\"has-medium-font-size\"><strong>PREMI\u00c8RE BRASIL<\/strong><\/p>\n\n\n\n<p>J\u00fari: La\u00eds Bodansky, Gaia Furrer, Isab\u00e9l Zuaa, Jo\u00e3o Vieira Jr. E Renata Pinheiro<\/p>\n\n\n\n<p><strong>Melhor Curta:<\/strong> Cabana, de Adriana de Faria. Produ\u00e7\u00e3o: Adriana de Faria e Tayana Pinheiro<\/p>\n\n\n\n<p><strong>Melhor Document\u00e1rio:<\/strong> Othelo, o Grande, de Lucas H. Rossi dos Santos. Produ\u00e7\u00e3o Franco Filmes<\/p>\n\n\n\n<p><strong>Melhor Dire\u00e7\u00e3o de Document\u00e1rio:<\/strong> Daniel Gon\u00e7alves, por Assexybilidade. Produ\u00e7\u00e3o: TvZero<\/p>\n\n\n\n<p>Men\u00e7\u00e3o honrosa para Black Rio! Black Power!, de Em\u00edlio Domingos. Produ\u00e7\u00e3o: Espiral<\/p>\n\n\n\n<p><strong>Melhor Atriz:<\/strong> Maeve Jinkings, por Ped\u00e1gio. Produ\u00e7\u00e3o: Bi\u00f4nica Filmes e O Som e a F\u00faria, e Grace Pass\u00f4, por O Dia que te conheci. Produ\u00e7\u00e3o: Filmes de Pl\u00e1stico<\/p>\n\n\n\n<p><strong>Melhor Ator:<\/strong> Kau\u00e3 Alvarenga, por Ped\u00e1gio. Produ\u00e7\u00e3o: Bi\u00f4nica Filmes e O Som e a F\u00faria<\/p>\n\n\n\n<p><strong>Melhor Atriz Coadjuvante:<\/strong> Aline Marta Maia, por Ped\u00e1gio. Produ\u00e7\u00e3o: Bi\u00f4nica Filmes e O Som e a F\u00faria<\/p>\n\n\n\n<p><strong>Melhor Ator Coadjuvante:<\/strong> Carlos Francisco, por Estranho Caminho. Produ\u00e7\u00e3o: Tardo Filmes<\/p>\n\n\n\n<p><strong>Melhor Fotografia:<\/strong> Evgenia Alexandrova, por Sem Cora\u00e7\u00e3o. Produ\u00e7\u00e3o: Cinemasc\u00f3pio Filmes<\/p>\n\n\n\n<p><strong>Melhor Dire\u00e7\u00e3o de Arte:<\/strong> Vicente Saldanha, por Ped\u00e1gio. Produ\u00e7\u00e3o: Bi\u00f4nica Filmes e O Som e a F\u00faria<\/p>\n\n\n\n<p><strong>Melhor Montagem:<\/strong> Eva Randolph, por Levante. Produ\u00e7\u00e3o: Arissas<\/p>\n\n\n\n<p><strong>Melhor Roteiro:<\/strong> Guto Parente, por Estranho Caminho. Produ\u00e7\u00e3o Tardo Filmes<\/p>\n\n\n\n<p><strong>Melhor Dire\u00e7\u00e3o de Fic\u00e7\u00e3o:<\/strong> Lillah Halla, por Levante. Produ\u00e7\u00e3o: Arissas<\/p>\n\n\n\n<p><strong>Melhor Filme de Fic\u00e7\u00e3o:<\/strong>\u00a0 A Batalha da Rua Maria Ant\u00f4nia, de Vera Egito. Produ\u00e7\u00e3o: Paranoid Filmes<\/p>\n\n\n\n<p><strong>Pr\u00eamio Especial do J\u00fari:<\/strong> O Dia que te Conheci, de Andr\u00e9 Novais de Oliveira. Produ\u00e7\u00e3o: Filmes de Pl\u00e1stico<\/p>\n\n\n\n<p class=\"has-medium-font-size\"><strong>PREMI\u00c8RE BRASIL &#8211; NOVOS RUMOS<\/strong><\/p>\n\n\n\n<p>J\u00fari: Johnny Massaro,&nbsp; Beatriz Seigner, J\u00e9ssica Ellen e Pedro Bronz.<\/p>\n\n\n\n<p><strong>Melhor Longa:<\/strong> Saudade fez morada aqui dentro, de Haroldo Borges. Produ\u00e7\u00e3o: Plano 3 Filmes<\/p>\n\n\n\n<p><strong>Melhor Curta:<\/strong> Depend\u00eancias, de Luisa Arraes. Produ\u00e7\u00e3o: Cosmo Cine e Paris Produ\u00e7\u00f5es<\/p>\n\n\n\n<p><strong>Melhor Dire\u00e7\u00e3o:<\/strong> Ricardo Alves Jr. por Tudo o que voc\u00ea podia ser. Produ\u00e7\u00e3o: Entrefimes<\/p>\n\n\n\n<p><strong>Pr\u00eamio Especial do J\u00fari:<\/strong> A Alma das Coisas, de Douglas Soares. Produ\u00e7\u00e3o: Acalante Filmes<\/p>\n\n\n\n<p>Men\u00e7\u00e3o Honrosa para Iracemas, de Tuca Siqueira. Produ\u00e7\u00e3o: Rep\u00fablica Pureza Olinda<\/p>\n\n\n\n<p>Men\u00e7\u00e3o Honrosa para Bizarros para Peixes das Fossas Abissais, de Mar\u00e3o. Produ\u00e7\u00e3o: Mar\u00e3o Filmes<\/p>\n\n\n\n<p class=\"has-medium-font-size\"><strong>PR\u00caMIO FELIX<\/strong><\/p>\n\n\n\n<p>J\u00fari: Sandro Fiorin, Andrea Capella, Pedro Henrique Fran\u00e7a e Wescla Vasconcelos<\/p>\n\n\n\n<p><strong>Melhor Filme Brasileiro:<\/strong> Sem Cora\u00e7\u00e3o, de Ti\u00e3o e Nara Normande<\/p>\n\n\n\n<p><strong>Melhor Filme Internacional:<\/strong> 20.000 Esp\u00e9cies de Abelhas, de Estibaliz Urresola Solaguren<\/p>\n\n\n\n<p><strong>Melhor Document\u00e1rio:<\/strong> Orlando, Minha Biografia Pol\u00edtica, de Paul B. Preciado<\/p>\n\n\n\n<p><strong>Men\u00e7\u00e3o Honrosa de Document\u00e1rio:<\/strong> Assexybilidade, de Daniel Gon\u00e7alves\u00a0<\/p>\n\n\n\n<p><strong>Pr\u00eamio Especial do J\u00fari:<\/strong> Tudo o que voc\u00ea podia ser, de Ricardo Alves Jr.<\/p>\n\n\n\n<p><strong>Trof\u00e9u Suzy Cap\u00f3 de personalidade do ano:<\/strong> Nanda Costa e Lan Lanh<\/p>","protected":false},"excerpt":{"rendered":"<p>A 25\u00aa edi\u00e7\u00e3o do Festival do Rio chegou ao fim ontem (15\/10), depois de 10 dias exibindo mais de 200 filmes de sua sele\u00e7\u00e3o oficial, entre nacionais e internacionais. Para fechar o Festival, foi realizada a cerim\u00f4nia de premia\u00e7\u00e3o para os ganhadores do trof\u00e9u Redentor da Premi\u00e8re Brasil e Felix, no Cine Odeon &#8211; Centro [&hellip;]<\/p>","protected":false},"author":60,"featured_media":81916,"comment_status":"closed","ping_status":"open","sticky":false,"template":"","format":"standard","meta":{"_exactmetrics_skip_tracking":false,"_exactmetrics_sitenote_active":false,"_exactmetrics_sitenote_note":"","_exactmetrics_sitenote_category":0,"footnotes":""},"categories":[1,9066],"tags":[5606],"_links":{"self":[{"href":"https:\/\/www.cinemaup.com.br\/en\/wp-json\/wp\/v2\/posts\/81914"}],"collection":[{"href":"https:\/\/www.cinemaup.com.br\/en\/wp-json\/wp\/v2\/posts"}],"about":[{"href":"https:\/\/www.cinemaup.com.br\/en\/wp-json\/wp\/v2\/types\/post"}],"author":[{"embeddable":true,"href":"https:\/\/www.cinemaup.com.br\/en\/wp-json\/wp\/v2\/users\/60"}],"replies":[{"embeddable":true,"href":"https:\/\/www.cinemaup.com.br\/en\/wp-json\/wp\/v2\/comments?post=81914"}],"version-history":[{"count":1,"href":"https:\/\/www.cinemaup.com.br\/en\/wp-json\/wp\/v2\/posts\/81914\/revisions"}],"predecessor-version":[{"id":81917,"href":"https:\/\/www.cinemaup.com.br\/en\/wp-json\/wp\/v2\/posts\/81914\/revisions\/81917"}],"wp:featuredmedia":[{"embeddable":true,"href":"https:\/\/www.cinemaup.com.br\/en\/wp-json\/wp\/v2\/media\/81916"}],"wp:attachment":[{"href":"https:\/\/www.cinemaup.com.br\/en\/wp-json\/wp\/v2\/media?parent=81914"}],"wp:term":[{"taxonomy":"category","embeddable":true,"href":"https:\/\/www.cinemaup.com.br\/en\/wp-json\/wp\/v2\/categories?post=81914"},{"taxonomy":"post_tag","embeddable":true,"href":"https:\/\/www.cinemaup.com.br\/en\/wp-json\/wp\/v2\/tags?post=81914"}],"curies":[{"name":"wp","href":"https:\/\/api.w.org\/{rel}","templated":true}]}}