{"id":82003,"date":"2023-10-31T18:33:11","date_gmt":"2023-10-31T21:33:11","guid":{"rendered":"https:\/\/www.cinemaup.com.br\/?p=82003"},"modified":"2023-10-31T18:33:12","modified_gmt":"2023-10-31T21:33:12","slug":"terror-no-cinema-nova-megaexposicao-no-mis-traz-uma-visao-imersiva-de-filmes-classicos-de-terror","status":"publish","type":"post","link":"https:\/\/www.cinemaup.com.br\/en\/terror-no-cinema-nova-megaexposicao-no-mis-traz-uma-visao-imersiva-de-filmes-classicos-de-terror\/","title":{"rendered":"TERROR NO CINEMA | NOVA MEGAEXPOSI\u00c7\u00c3O NO MIS TRAZ UMA VIS\u00c3O IMERSIVA DE FILMES CL\u00c1SSICOS DE TERROR"},"content":{"rendered":"<p>Nesse Halloween (31 de outubro), o MIS abre sua mais nova exposi\u00e7\u00e3o e a data n\u00e3o foi escolhida \u00e0 toa, trata-se de uma exposi\u00e7\u00e3o sobre filmes de terror, chamada de <strong>Terror no Cinema<\/strong>. Assinada por Andr\u00e9 Sturm, diretor geral do Museu da Imagem e do Som, a megaexposi\u00e7\u00e3o prop\u00f5e uma experi\u00eancia imersiva por diversos subg\u00eaneros do horror.&nbsp;<\/p>\n\n\n\n<p>Com a proposta de uma experi\u00eancia realista e a promessa de sustos, \u201cTerror no Cinema\u201d n\u00e3o \u00e9 uma exposi\u00e7\u00e3o para crian\u00e7as. O foco est\u00e1 nos amantes do terror e naqueles que n\u00e3o t\u00eam medo de encarar cen\u00e1rios macabros e labirintos escuros. In\u00e9dita, a exposi\u00e7\u00e3o mant\u00e9m o mist\u00e9rio at\u00e9 o \u00faltimo segundo. A entrada conta com um painel do que \u00e9 considerado por muitos como o primeiro longa de terror: O Gabinete do Dr. Caligari, onde voc\u00ea pode tirar fotos, mas depois desse ponto, celulares s\u00e3o proibidos, assim como bolsas e mochilas (um guarda-volumes \u00e9 disponibilizado).\u00a0<\/p>\n\n\n\n<figure class=\"wp-block-image size-large\"><img fetchpriority=\"high\" decoding=\"async\" width=\"1024\" height=\"683\" src=\"https:\/\/www.cinemaup.com.br\/wp-content\/uploads\/2023\/10\/Credito-Lucas-Mello_MIS-2-1024x683.jpg\" alt=\"\" class=\"wp-image-82004\" srcset=\"https:\/\/www.cinemaup.com.br\/wp-content\/uploads\/2023\/10\/Credito-Lucas-Mello_MIS-2-1024x683.jpg 1024w, https:\/\/www.cinemaup.com.br\/wp-content\/uploads\/2023\/10\/Credito-Lucas-Mello_MIS-2-320x213.jpg 320w, https:\/\/www.cinemaup.com.br\/wp-content\/uploads\/2023\/10\/Credito-Lucas-Mello_MIS-2-150x100.jpg 150w, https:\/\/www.cinemaup.com.br\/wp-content\/uploads\/2023\/10\/Credito-Lucas-Mello_MIS-2-1536x1024.jpg 1536w, https:\/\/www.cinemaup.com.br\/wp-content\/uploads\/2023\/10\/Credito-Lucas-Mello_MIS-2-18x12.jpg 18w, https:\/\/www.cinemaup.com.br\/wp-content\/uploads\/2023\/10\/Credito-Lucas-Mello_MIS-2-24x16.jpg 24w, https:\/\/www.cinemaup.com.br\/wp-content\/uploads\/2023\/10\/Credito-Lucas-Mello_MIS-2-36x24.jpg 36w, https:\/\/www.cinemaup.com.br\/wp-content\/uploads\/2023\/10\/Credito-Lucas-Mello_MIS-2-48x32.jpg 48w, https:\/\/www.cinemaup.com.br\/wp-content\/uploads\/2023\/10\/Credito-Lucas-Mello_MIS-2.jpg 2048w\" sizes=\"(max-width: 1024px) 100vw, 1024px\" \/><figcaption class=\"wp-element-caption\">Imagem da exposi\u00e7\u00e3o &#8220;Terror no cinema&#8221;, do MIS. Cr\u00e9dito: Lucas Mello \/ MIS<\/figcaption><\/figure>\n\n\n\n<p>A curadoria de Andr\u00e9 Sturm garante uma viagem ampla com tem\u00e1ticas diferentes em cada ambiente, cada um com suas refer\u00eancias a grandes nomes do cinema de horror. Uma \u00e1rea de slasher recria com precis\u00e3o um cen\u00e1rio com muito sangue e objetos de tortura, outra traz um labirinto que voc\u00ea mesmo deve resolver, outra uma floresta dedicada aos filmes de <em>found footage<\/em>. Al\u00e9m dos cen\u00e1rios imersivos, a exposi\u00e7\u00e3o ainda conta com diversos itens de acervos parceiros do MIS, como a Biblioteca Margaret Herrick, respons\u00e1vel pela preserva\u00e7\u00e3o da cole\u00e7\u00e3o da Academia de Artes e Ci\u00eancias Cinematogr\u00e1ficas, criadora do Oscar. A sele\u00e7\u00e3o inclui p\u00f4steres, documentos, fotografias, materiais promocionais de filmes, al\u00e9m de figurinos e adere\u00e7os usados em cena. Objetos exclusivos, cedidos por est\u00fadios parceiros \u2013 como a m\u00e1scara utilizada na franquia \u201c<strong>P\u00e2nico<\/strong>\u201d, da Paramount Pictures \u2013 tamb\u00e9m far\u00e3o parte do que o p\u00fablico visitante encontrar\u00e1 na exposi\u00e7\u00e3o.<\/p>\n\n\n\n<p>Outros destaques incluem figurinos e a navalha de &#8220;<strong>Sweeney Todd: O Barbeiro Demon\u00edaco da Rua Fleet<\/strong>&#8221; (2007), o vestido da Samara de &#8220;<strong>O Chamado 3<\/strong>&#8221; (2017) e documentos de produ\u00e7\u00e3o com anota\u00e7\u00f5es de William Friedkin, diretor de &#8220;<strong>O Exorcista<\/strong>&#8221; (1973).<\/p>\n\n\n\n<figure class=\"wp-block-image size-large\"><img decoding=\"async\" width=\"1024\" height=\"576\" src=\"https:\/\/www.cinemaup.com.br\/wp-content\/uploads\/2023\/10\/Credito-Lucas-Mello_MIS-3-1024x576.jpg\" alt=\"\" class=\"wp-image-82005\" srcset=\"https:\/\/www.cinemaup.com.br\/wp-content\/uploads\/2023\/10\/Credito-Lucas-Mello_MIS-3-1024x576.jpg 1024w, https:\/\/www.cinemaup.com.br\/wp-content\/uploads\/2023\/10\/Credito-Lucas-Mello_MIS-3-320x180.jpg 320w, https:\/\/www.cinemaup.com.br\/wp-content\/uploads\/2023\/10\/Credito-Lucas-Mello_MIS-3-150x84.jpg 150w, https:\/\/www.cinemaup.com.br\/wp-content\/uploads\/2023\/10\/Credito-Lucas-Mello_MIS-3-1536x864.jpg 1536w, https:\/\/www.cinemaup.com.br\/wp-content\/uploads\/2023\/10\/Credito-Lucas-Mello_MIS-3-18x10.jpg 18w, https:\/\/www.cinemaup.com.br\/wp-content\/uploads\/2023\/10\/Credito-Lucas-Mello_MIS-3-24x14.jpg 24w, https:\/\/www.cinemaup.com.br\/wp-content\/uploads\/2023\/10\/Credito-Lucas-Mello_MIS-3-36x20.jpg 36w, https:\/\/www.cinemaup.com.br\/wp-content\/uploads\/2023\/10\/Credito-Lucas-Mello_MIS-3-48x27.jpg 48w, https:\/\/www.cinemaup.com.br\/wp-content\/uploads\/2023\/10\/Credito-Lucas-Mello_MIS-3.jpg 2048w\" sizes=\"(max-width: 1024px) 100vw, 1024px\" \/><figcaption class=\"wp-element-caption\">Imagem da exposi\u00e7\u00e3o &#8220;Terror no cinema&#8221;, do MIS. Cr\u00e9dito: Lucas Mello \/ MIS<\/figcaption><\/figure>\n\n\n\n<p>Est\u00e3o presentes na exibi\u00e7\u00e3o refer\u00eancias a cl\u00e1ssicos como &#8220;Tubar\u00e3o&#8221;, o cult &#8220;The Rocky Horror Picture Show&#8221; e, como n\u00e3o poderia faltar, obras do maior cineasta de terror brasileiro, Jos\u00e9 Mojica Marins, o Z\u00e9 do Caix\u00e3o.<\/p>\n\n\n\n<p>\u201cTerror no Cinema\u201d j\u00e1 tem ingressos dispon\u00edveis at\u00e9 o dia <strong>19 de novembro<\/strong>, custando <strong>R$30<\/strong> (R$15 a meia) e podem ser adquiridos tanto na bilheteria f\u00edsica do MIS como pela plataforma INTI \u2014 link de vendas<a href=\"https:\/\/mis-sp.byinti.com\/#\/event\/terror-no-cinema\"> no perfil do Museu<\/a>.<\/p>","protected":false},"excerpt":{"rendered":"<p>Nesse Halloween (31 de outubro), o MIS abre sua mais nova exposi\u00e7\u00e3o e a data n\u00e3o foi escolhida \u00e0 toa, trata-se de uma exposi\u00e7\u00e3o sobre filmes de terror, chamada de Terror no Cinema. Assinada por Andr\u00e9 Sturm, diretor geral do Museu da Imagem e do Som, a megaexposi\u00e7\u00e3o prop\u00f5e uma experi\u00eancia imersiva por diversos subg\u00eaneros [&hellip;]<\/p>","protected":false},"author":60,"featured_media":82009,"comment_status":"closed","ping_status":"open","sticky":false,"template":"","format":"standard","meta":{"_exactmetrics_skip_tracking":false,"_exactmetrics_sitenote_active":false,"_exactmetrics_sitenote_note":"","_exactmetrics_sitenote_category":0,"footnotes":""},"categories":[1,9067],"tags":[31262,5931,9120,12,31263],"_links":{"self":[{"href":"https:\/\/www.cinemaup.com.br\/en\/wp-json\/wp\/v2\/posts\/82003"}],"collection":[{"href":"https:\/\/www.cinemaup.com.br\/en\/wp-json\/wp\/v2\/posts"}],"about":[{"href":"https:\/\/www.cinemaup.com.br\/en\/wp-json\/wp\/v2\/types\/post"}],"author":[{"embeddable":true,"href":"https:\/\/www.cinemaup.com.br\/en\/wp-json\/wp\/v2\/users\/60"}],"replies":[{"embeddable":true,"href":"https:\/\/www.cinemaup.com.br\/en\/wp-json\/wp\/v2\/comments?post=82003"}],"version-history":[{"count":2,"href":"https:\/\/www.cinemaup.com.br\/en\/wp-json\/wp\/v2\/posts\/82003\/revisions"}],"predecessor-version":[{"id":82010,"href":"https:\/\/www.cinemaup.com.br\/en\/wp-json\/wp\/v2\/posts\/82003\/revisions\/82010"}],"wp:featuredmedia":[{"embeddable":true,"href":"https:\/\/www.cinemaup.com.br\/en\/wp-json\/wp\/v2\/media\/82009"}],"wp:attachment":[{"href":"https:\/\/www.cinemaup.com.br\/en\/wp-json\/wp\/v2\/media?parent=82003"}],"wp:term":[{"taxonomy":"category","embeddable":true,"href":"https:\/\/www.cinemaup.com.br\/en\/wp-json\/wp\/v2\/categories?post=82003"},{"taxonomy":"post_tag","embeddable":true,"href":"https:\/\/www.cinemaup.com.br\/en\/wp-json\/wp\/v2\/tags?post=82003"}],"curies":[{"name":"wp","href":"https:\/\/api.w.org\/{rel}","templated":true}]}}