{"id":82453,"date":"2024-02-14T20:16:00","date_gmt":"2024-02-14T23:16:00","guid":{"rendered":"https:\/\/www.cinemaup.com.br\/?p=82453"},"modified":"2024-02-15T09:23:51","modified_gmt":"2024-02-15T12:23:51","slug":"pato-donald-da-inicio-a-celebracao-de-90-anos-no-brasil","status":"publish","type":"post","link":"https:\/\/www.cinemaup.com.br\/en\/pato-donald-da-inicio-a-celebracao-de-90-anos-no-brasil\/","title":{"rendered":"PATO DONALD D\u00c1 IN\u00cdCIO A CELEBRA\u00c7\u00c3O DE 90 ANOS&#8230; NO BRASIL!"},"content":{"rendered":"<figure class=\"wp-block-image size-large\"><img fetchpriority=\"high\" decoding=\"async\" width=\"1024\" height=\"684\" src=\"https:\/\/www.cinemaup.com.br\/wp-content\/uploads\/2024\/02\/image003-1024x684.jpg\" alt=\"\" class=\"wp-image-82456\" srcset=\"https:\/\/www.cinemaup.com.br\/wp-content\/uploads\/2024\/02\/image003-1024x684.jpg 1024w, https:\/\/www.cinemaup.com.br\/wp-content\/uploads\/2024\/02\/image003-320x214.jpg 320w, https:\/\/www.cinemaup.com.br\/wp-content\/uploads\/2024\/02\/image003-150x100.jpg 150w, https:\/\/www.cinemaup.com.br\/wp-content\/uploads\/2024\/02\/image003-18x12.jpg 18w, https:\/\/www.cinemaup.com.br\/wp-content\/uploads\/2024\/02\/image003-24x16.jpg 24w, https:\/\/www.cinemaup.com.br\/wp-content\/uploads\/2024\/02\/image003-36x24.jpg 36w, https:\/\/www.cinemaup.com.br\/wp-content\/uploads\/2024\/02\/image003-48x32.jpg 48w, https:\/\/www.cinemaup.com.br\/wp-content\/uploads\/2024\/02\/image003.jpg 1050w\" sizes=\"(max-width: 1024px) 100vw, 1024px\" \/><\/figure>\n\n\n\n<p>Em 2024, Donald Fauntleroy Duck &#8211; mais conhecido como Pato Donald &#8211; completa 90 anos desde sua primeira apari\u00e7\u00e3o oficial no curta-metragem \u201cA Galinha S\u00e1bia\u201d (&#8220;The Wise Little Hen&#8221;), lan\u00e7ado em 09 de junho de 1934.<\/p>\n\n\n\n<p>A Disney Brasil preparou uma campanha especial, que foi iniciada em Salvador, na Bahia, com uma a\u00e7\u00e3o in\u00e9dita. Donald veio ao Brasil para celebrar seu anivers\u00e1rio e curtir o Carnaval.<\/p>\n\n\n\n<figure class=\"wp-block-image size-large\"><img decoding=\"async\" width=\"1024\" height=\"655\" src=\"https:\/\/www.cinemaup.com.br\/wp-content\/uploads\/2024\/02\/image-1024x655.png\" alt=\"\" class=\"wp-image-82454\" srcset=\"https:\/\/www.cinemaup.com.br\/wp-content\/uploads\/2024\/02\/image-1024x655.png 1024w, https:\/\/www.cinemaup.com.br\/wp-content\/uploads\/2024\/02\/image-320x205.png 320w, https:\/\/www.cinemaup.com.br\/wp-content\/uploads\/2024\/02\/image-150x96.png 150w, https:\/\/www.cinemaup.com.br\/wp-content\/uploads\/2024\/02\/image-18x12.png 18w, https:\/\/www.cinemaup.com.br\/wp-content\/uploads\/2024\/02\/image-24x15.png 24w, https:\/\/www.cinemaup.com.br\/wp-content\/uploads\/2024\/02\/image-36x23.png 36w, https:\/\/www.cinemaup.com.br\/wp-content\/uploads\/2024\/02\/image-48x31.png 48w, https:\/\/www.cinemaup.com.br\/wp-content\/uploads\/2024\/02\/image.png 1034w\" sizes=\"(max-width: 1024px) 100vw, 1024px\" \/><\/figure>\n\n\n\n<p>Al\u00e9m dos momentos de muita alegria e emo\u00e7\u00e3o em um bloquinho (isso meso!), Donald aproveitou a visita \u00e0 capital baiana para conhecer os principais pontos tur\u00edsticos da cidade como Elevador Lacerda, Pelourinho, Farol da Barra, Centro Hist\u00f3rico de Salvador.<\/p>\n\n\n\n<p>A a\u00e7\u00e3o em Salvador faz parte da campanha\u00a0<strong>\u201cDonald 90\u201d<\/strong>, que celebra os 90 anos do fiel\u00a0escudeiro de Mickey Mouse\u00a0durante 2024\u00a0com diversas a\u00e7\u00f5es e ativa\u00e7\u00f5es especiais para os f\u00e3s ao redor do mundo.\u00a0A campanha tamb\u00e9m contar\u00e1 com outras a\u00e7\u00f5es de marketing que acontecer\u00e3o ao longo do ano e ser\u00e3o divulgadas em breve.<\/p>","protected":false},"excerpt":{"rendered":"<p>Em 2024, Donald Fauntleroy Duck &#8211; mais conhecido como Pato Donald &#8211; completa 90 anos desde sua primeira apari\u00e7\u00e3o oficial no curta-metragem \u201cA Galinha S\u00e1bia\u201d (&#8220;The Wise Little Hen&#8221;), lan\u00e7ado em 09 de junho de 1934. A Disney Brasil preparou uma campanha especial, que foi iniciada em Salvador, na Bahia, com uma a\u00e7\u00e3o in\u00e9dita. Donald [&hellip;]<\/p>","protected":false},"author":1,"featured_media":82454,"comment_status":"closed","ping_status":"open","sticky":false,"template":"","format":"standard","meta":{"_exactmetrics_skip_tracking":false,"_exactmetrics_sitenote_active":false,"_exactmetrics_sitenote_note":"","_exactmetrics_sitenote_category":0,"footnotes":""},"categories":[1],"tags":[69],"_links":{"self":[{"href":"https:\/\/www.cinemaup.com.br\/en\/wp-json\/wp\/v2\/posts\/82453"}],"collection":[{"href":"https:\/\/www.cinemaup.com.br\/en\/wp-json\/wp\/v2\/posts"}],"about":[{"href":"https:\/\/www.cinemaup.com.br\/en\/wp-json\/wp\/v2\/types\/post"}],"author":[{"embeddable":true,"href":"https:\/\/www.cinemaup.com.br\/en\/wp-json\/wp\/v2\/users\/1"}],"replies":[{"embeddable":true,"href":"https:\/\/www.cinemaup.com.br\/en\/wp-json\/wp\/v2\/comments?post=82453"}],"version-history":[{"count":1,"href":"https:\/\/www.cinemaup.com.br\/en\/wp-json\/wp\/v2\/posts\/82453\/revisions"}],"predecessor-version":[{"id":82457,"href":"https:\/\/www.cinemaup.com.br\/en\/wp-json\/wp\/v2\/posts\/82453\/revisions\/82457"}],"wp:featuredmedia":[{"embeddable":true,"href":"https:\/\/www.cinemaup.com.br\/en\/wp-json\/wp\/v2\/media\/82454"}],"wp:attachment":[{"href":"https:\/\/www.cinemaup.com.br\/en\/wp-json\/wp\/v2\/media?parent=82453"}],"wp:term":[{"taxonomy":"category","embeddable":true,"href":"https:\/\/www.cinemaup.com.br\/en\/wp-json\/wp\/v2\/categories?post=82453"},{"taxonomy":"post_tag","embeddable":true,"href":"https:\/\/www.cinemaup.com.br\/en\/wp-json\/wp\/v2\/tags?post=82453"}],"curies":[{"name":"wp","href":"https:\/\/api.w.org\/{rel}","templated":true}]}}