{"id":82884,"date":"2024-05-22T17:50:13","date_gmt":"2024-05-22T20:50:13","guid":{"rendered":"https:\/\/www.cinemaup.com.br\/?p=82884"},"modified":"2024-05-22T18:00:06","modified_gmt":"2024-05-22T21:00:06","slug":"8-series-da-marvel-para-as-criancas-no-disney","status":"publish","type":"post","link":"https:\/\/www.cinemaup.com.br\/en\/8-series-da-marvel-para-as-criancas-no-disney\/","title":{"rendered":"8 S\u00c9RIES DA MARVEL PARA AS CRIAN\u00c7AS NO DISNEY+"},"content":{"rendered":"<p class=\"has-medium-font-size\"><strong><em>De&nbsp;Eu Sou Groot<\/em>&nbsp;<em>a X-Men &#8217;97, confira produ\u00e7\u00f5es com classifica\u00e7\u00e3o livre para inserir os pequenos no universo da Marvel<\/em><\/strong><\/p>\n\n\n\n<p>Entre os meses de mar\u00e7o a setembro a&nbsp;<strong>Marvel Brasil<\/strong>&nbsp;celebra a campanha &#8220;<strong>Marvel &#8211; Junte Seu Time<\/strong>&#8220;, que convida as crian\u00e7as entre 5 e 11 anos e suas fam\u00edlias a viverem grandes aventuras e ativar o trabalho em equipe, atrav\u00e9s dos personagens cl\u00e1ssicos da franquia, produ\u00e7\u00f5es de tirar o f\u00f4lego.<\/p>\n\n\n\n<p>E para celebrar em grande estilo, apresentamos uma sele\u00e7\u00e3o especial de produ\u00e7\u00f5es dispon\u00edveis no&nbsp;<strong>Disney+<\/strong>&nbsp;com classifica\u00e7\u00e3o livre para a crian\u00e7ada.&nbsp;Confira:&nbsp;<\/p>\n\n\n\n<p class=\"has-medium-font-size\"><strong>X-Men &#8217;97\u00a0<\/strong><\/p>\n\n\n\n<figure class=\"wp-block-image size-large\"><img fetchpriority=\"high\" decoding=\"async\" width=\"1024\" height=\"538\" src=\"https:\/\/www.cinemaup.com.br\/wp-content\/uploads\/2024\/05\/image-1024x538.png\" alt=\"\" class=\"wp-image-82887\" srcset=\"https:\/\/www.cinemaup.com.br\/wp-content\/uploads\/2024\/05\/image-1024x538.png 1024w, https:\/\/www.cinemaup.com.br\/wp-content\/uploads\/2024\/05\/image-320x168.png 320w, https:\/\/www.cinemaup.com.br\/wp-content\/uploads\/2024\/05\/image-150x79.png 150w, https:\/\/www.cinemaup.com.br\/wp-content\/uploads\/2024\/05\/image-18x9.png 18w, https:\/\/www.cinemaup.com.br\/wp-content\/uploads\/2024\/05\/image-24x13.png 24w, https:\/\/www.cinemaup.com.br\/wp-content\/uploads\/2024\/05\/image-36x19.png 36w, https:\/\/www.cinemaup.com.br\/wp-content\/uploads\/2024\/05\/image-48x25.png 48w, https:\/\/www.cinemaup.com.br\/wp-content\/uploads\/2024\/05\/image.png 1200w\" sizes=\"(max-width: 1024px) 100vw, 1024px\" \/><\/figure>\n\n\n\n<p><\/p>\n\n\n\n<p>Revival da cl\u00e1ssica anima\u00e7\u00e3o dos her\u00f3is mutantes da Marvel, X-Men &#8217;97 continua a hist\u00f3ria de onde a equipe parou nos anos 1990, em sua 5\u00aa temporada. No \u00faltimo epis\u00f3dio, chamado &#8220;Dia da Formatura&#8221;, o Professor Xavier foi atacado em um congresso e acabou em coma. Magneto, por sua vez, v\u00ea oportunidade de unir diversos mutantes contra os humanos. A equipe de alunos do maior telepata do mundo precisa se reunir e descobrir uma sa\u00edda desta situa\u00e7\u00e3o.<\/p>\n\n\n\n<p class=\"has-medium-font-size\"><strong>LEGO \u00ae Vingadores Marvel: C\u00f3digo Vermelho \u2013 (2023)\u00a0<\/strong><\/p>\n\n\n\n<figure class=\"wp-block-image size-large\"><img decoding=\"async\" width=\"1024\" height=\"576\" src=\"https:\/\/www.cinemaup.com.br\/wp-content\/uploads\/2024\/05\/image-1-1024x576.png\" alt=\"\" class=\"wp-image-82889\" srcset=\"https:\/\/www.cinemaup.com.br\/wp-content\/uploads\/2024\/05\/image-1-1024x576.png 1024w, https:\/\/www.cinemaup.com.br\/wp-content\/uploads\/2024\/05\/image-1-320x180.png 320w, https:\/\/www.cinemaup.com.br\/wp-content\/uploads\/2024\/05\/image-1-150x84.png 150w, https:\/\/www.cinemaup.com.br\/wp-content\/uploads\/2024\/05\/image-1-18x10.png 18w, https:\/\/www.cinemaup.com.br\/wp-content\/uploads\/2024\/05\/image-1-24x14.png 24w, https:\/\/www.cinemaup.com.br\/wp-content\/uploads\/2024\/05\/image-1-36x20.png 36w, https:\/\/www.cinemaup.com.br\/wp-content\/uploads\/2024\/05\/image-1-48x27.png 48w, https:\/\/www.cinemaup.com.br\/wp-content\/uploads\/2024\/05\/image-1.png 1200w\" sizes=\"(max-width: 1024px) 100vw, 1024px\" \/><\/figure>\n\n\n\n<p><\/p>\n\n\n\n<p>Os Vingadores se re\u00fanem para salvar a cidade de Nova York, mas, depois de uma discuss\u00e3o entre a Vi\u00fava Negra e seu pai, o Guardi\u00e3o Vermelho, sobre seu estilo parental, ele desaparece em circunst\u00e2ncias misteriosas. Na investiga\u00e7\u00e3o, os Vingadores descobrem que o vil\u00e3o Colecionador est\u00e1 sequestrando personagens com a palavra &#8220;vermelho&#8221; no nome. Determinada a encontrar seu pai, a Vi\u00fava Negra precisa liderar os Vingadores at\u00e9 o covil do Colecionador e libertar os prisioneiros de suas garras malignas.<\/p>\n\n\n\n<p class=\"has-medium-font-size\"><strong>Ms. Marvel<\/strong><\/p>\n\n\n\n<figure class=\"wp-block-image size-large\"><img decoding=\"async\" width=\"1024\" height=\"576\" src=\"https:\/\/www.cinemaup.com.br\/wp-content\/uploads\/2024\/05\/image-2-1024x576.png\" alt=\"\" class=\"wp-image-82890\" srcset=\"https:\/\/www.cinemaup.com.br\/wp-content\/uploads\/2024\/05\/image-2-1024x576.png 1024w, https:\/\/www.cinemaup.com.br\/wp-content\/uploads\/2024\/05\/image-2-320x180.png 320w, https:\/\/www.cinemaup.com.br\/wp-content\/uploads\/2024\/05\/image-2-150x84.png 150w, https:\/\/www.cinemaup.com.br\/wp-content\/uploads\/2024\/05\/image-2-18x10.png 18w, https:\/\/www.cinemaup.com.br\/wp-content\/uploads\/2024\/05\/image-2-24x14.png 24w, https:\/\/www.cinemaup.com.br\/wp-content\/uploads\/2024\/05\/image-2-36x20.png 36w, https:\/\/www.cinemaup.com.br\/wp-content\/uploads\/2024\/05\/image-2-48x27.png 48w, https:\/\/www.cinemaup.com.br\/wp-content\/uploads\/2024\/05\/image-2.png 1200w\" sizes=\"(max-width: 1024px) 100vw, 1024px\" \/><\/figure>\n\n\n\n<p><\/p>\n\n\n\n<p>Esta s\u00e9rie original apresenta Kamala Khan, uma adolescente mu\u00e7ulmana de Jersey City. Ela adora jogar videogames e escrever fanfictions, al\u00e9m de ser f\u00e3 de super-her\u00f3is e ter uma imagina\u00e7\u00e3o sem limites &#8211; especialmente quando se trata da Capit\u00e3 Marvel. Kamala sente que n\u00e3o se encaixa na escola e, \u00e0s vezes, nem mesmo em casa. Mas um dia ela descobre que tem superpoderes como os her\u00f3is que sempre admirou.<\/p>\n\n\n\n<p class=\"has-medium-font-size\"><strong>Spidey e seus Amigos Espetaculares\u00a0<\/strong><\/p>\n\n\n\n<figure class=\"wp-block-image size-full\"><img loading=\"lazy\" decoding=\"async\" width=\"1024\" height=\"555\" src=\"https:\/\/www.cinemaup.com.br\/wp-content\/uploads\/2024\/05\/image-3.png\" alt=\"\" class=\"wp-image-82891\" srcset=\"https:\/\/www.cinemaup.com.br\/wp-content\/uploads\/2024\/05\/image-3.png 1024w, https:\/\/www.cinemaup.com.br\/wp-content\/uploads\/2024\/05\/image-3-320x173.png 320w, https:\/\/www.cinemaup.com.br\/wp-content\/uploads\/2024\/05\/image-3-150x81.png 150w, https:\/\/www.cinemaup.com.br\/wp-content\/uploads\/2024\/05\/image-3-18x10.png 18w, https:\/\/www.cinemaup.com.br\/wp-content\/uploads\/2024\/05\/image-3-24x13.png 24w, https:\/\/www.cinemaup.com.br\/wp-content\/uploads\/2024\/05\/image-3-36x20.png 36w, https:\/\/www.cinemaup.com.br\/wp-content\/uploads\/2024\/05\/image-3-48x26.png 48w\" sizes=\"(max-width: 1024px) 100vw, 1024px\" \/><\/figure>\n\n\n\n<p><\/p>\n\n\n\n<p>Spidey, se juntou \u00e0 Aranha-Fantasma (Gwen Stacey) e Miles Morales para formar a Equipe Spidey, com a ajuda do c\u00f4mico, mas leal rob\u00f4-aranha de Spidey, TRACE-E. Se o Spidey estiver em uma situa\u00e7\u00e3o embara\u00e7osa que precise de ainda mais poder de super-her\u00f3is, fique tranquilo, pois um colega Vingador chegar\u00e1 correndo para ajudar. Quer seja apenas a Equipe Spidey ou com um Vingador para ajudar, esses super-her\u00f3is v\u00e3o trabalhar juntos para salvar o dia!<\/p>\n\n\n\n<p class=\"has-medium-font-size\"><strong>Eu Sou Groot\u00a0<\/strong><\/p>\n\n\n\n<figure class=\"wp-block-image size-full\"><img loading=\"lazy\" decoding=\"async\" width=\"760\" height=\"398\" src=\"https:\/\/www.cinemaup.com.br\/wp-content\/uploads\/2024\/05\/image-4.png\" alt=\"\" class=\"wp-image-82892\" srcset=\"https:\/\/www.cinemaup.com.br\/wp-content\/uploads\/2024\/05\/image-4.png 760w, https:\/\/www.cinemaup.com.br\/wp-content\/uploads\/2024\/05\/image-4-320x168.png 320w, https:\/\/www.cinemaup.com.br\/wp-content\/uploads\/2024\/05\/image-4-150x79.png 150w, https:\/\/www.cinemaup.com.br\/wp-content\/uploads\/2024\/05\/image-4-18x9.png 18w, https:\/\/www.cinemaup.com.br\/wp-content\/uploads\/2024\/05\/image-4-24x13.png 24w, https:\/\/www.cinemaup.com.br\/wp-content\/uploads\/2024\/05\/image-4-36x19.png 36w, https:\/\/www.cinemaup.com.br\/wp-content\/uploads\/2024\/05\/image-4-48x25.png 48w\" sizes=\"(max-width: 760px) 100vw, 760px\" \/><\/figure>\n\n\n\n<p>Eu Sou Groot \u00e9 uma s\u00e9rie de curtas que acompanha a criaturinha de Guardi\u00f5es da Gal\u00e1xia em novas aventuras. Groot \u00e9 um beb\u00ea e, em meio a tantas outras coisas, o seu caminho intergal\u00e1tico ir\u00e1 cruzar com personagens conhecidos e rostos in\u00e9ditos. Ao longo dos cap\u00edtulos, o Beb\u00ea Groot nem sempre faz a melhor das escolhas, mas, a partir disso, aprende com os erros do passado. Groot est\u00e1 acompanhado de Rocket, que serve quase como uma figura parental nessa nova jornada.&nbsp;<\/p>\n\n\n\n<p class=\"has-medium-font-size\"><strong>Marvel: Aventuras dos Super-Her\u00f3is\u00a0<\/strong><\/p>\n\n\n\n<figure class=\"wp-block-image size-large\"><img loading=\"lazy\" decoding=\"async\" width=\"1024\" height=\"576\" src=\"https:\/\/www.cinemaup.com.br\/wp-content\/uploads\/2024\/05\/image-5-1024x576.png\" alt=\"\" class=\"wp-image-82893\" srcset=\"https:\/\/www.cinemaup.com.br\/wp-content\/uploads\/2024\/05\/image-5-1024x576.png 1024w, https:\/\/www.cinemaup.com.br\/wp-content\/uploads\/2024\/05\/image-5-320x180.png 320w, https:\/\/www.cinemaup.com.br\/wp-content\/uploads\/2024\/05\/image-5-150x84.png 150w, https:\/\/www.cinemaup.com.br\/wp-content\/uploads\/2024\/05\/image-5-18x10.png 18w, https:\/\/www.cinemaup.com.br\/wp-content\/uploads\/2024\/05\/image-5-24x14.png 24w, https:\/\/www.cinemaup.com.br\/wp-content\/uploads\/2024\/05\/image-5-36x20.png 36w, https:\/\/www.cinemaup.com.br\/wp-content\/uploads\/2024\/05\/image-5-48x27.png 48w, https:\/\/www.cinemaup.com.br\/wp-content\/uploads\/2024\/05\/image-5.png 1200w\" sizes=\"(max-width: 1024px) 100vw, 1024px\" \/><\/figure>\n\n\n\n<p>Nesta s\u00e9rie animada para crian\u00e7as, os jovens f\u00e3s da Marvel podem se juntar aos seus super-her\u00f3is favoritos em emocionantes miss\u00f5es recheadas de aventuras e muito trabalho em equipe. Homem Aranha, Capit\u00e3o Am\u00e9rica, Thor, Capit\u00e3o Marvel e muitos outros her\u00f3is se unem para combater vil\u00f5es e proteger o mundo. Com hist\u00f3rias cheias de a\u00e7\u00e3o, personagens fascinantes e li\u00e7\u00f5es de amizade e coragem, a s\u00e9rie oferece uma introdu\u00e7\u00e3o divertida ao mundo dos super-her\u00f3is da Marvel.<\/p>\n\n\n\n<p class=\"has-medium-font-size\"><strong>Homem Formiga \u2013 Curtas<\/strong><\/p>\n\n\n\n<figure class=\"wp-block-image size-full\"><img loading=\"lazy\" decoding=\"async\" width=\"800\" height=\"445\" src=\"https:\/\/www.cinemaup.com.br\/wp-content\/uploads\/2024\/05\/image-6.png\" alt=\"\" class=\"wp-image-82894\" srcset=\"https:\/\/www.cinemaup.com.br\/wp-content\/uploads\/2024\/05\/image-6.png 800w, https:\/\/www.cinemaup.com.br\/wp-content\/uploads\/2024\/05\/image-6-320x178.png 320w, https:\/\/www.cinemaup.com.br\/wp-content\/uploads\/2024\/05\/image-6-150x83.png 150w, https:\/\/www.cinemaup.com.br\/wp-content\/uploads\/2024\/05\/image-6-18x10.png 18w, https:\/\/www.cinemaup.com.br\/wp-content\/uploads\/2024\/05\/image-6-24x13.png 24w, https:\/\/www.cinemaup.com.br\/wp-content\/uploads\/2024\/05\/image-6-36x20.png 36w, https:\/\/www.cinemaup.com.br\/wp-content\/uploads\/2024\/05\/image-6-48x27.png 48w\" sizes=\"(max-width: 800px) 100vw, 800px\" \/><\/figure>\n\n\n\n<p>A anima\u00e7\u00e3o segue as aventuras de Scott Lang como Homem-Formiga superando tudo desde supervil\u00f5es a invas\u00f5es alien\u00edgenas em miniatura. Junto com Vespa e Hank Pym, Homem-Formiga protege o mundo uma polegada de cada vez.<\/p>\n\n\n\n<p class=\"has-medium-font-size\"><strong>Os Vingadores da Marvel \u2014 Guerras Secretas\u00a0<\/strong><\/p>\n\n\n\n<figure class=\"wp-block-image size-full\"><img loading=\"lazy\" decoding=\"async\" width=\"709\" height=\"405\" src=\"https:\/\/www.cinemaup.com.br\/wp-content\/uploads\/2024\/05\/image-7.png\" alt=\"\" class=\"wp-image-82895\" srcset=\"https:\/\/www.cinemaup.com.br\/wp-content\/uploads\/2024\/05\/image-7.png 709w, https:\/\/www.cinemaup.com.br\/wp-content\/uploads\/2024\/05\/image-7-320x183.png 320w, https:\/\/www.cinemaup.com.br\/wp-content\/uploads\/2024\/05\/image-7-150x86.png 150w, https:\/\/www.cinemaup.com.br\/wp-content\/uploads\/2024\/05\/image-7-18x10.png 18w, https:\/\/www.cinemaup.com.br\/wp-content\/uploads\/2024\/05\/image-7-24x14.png 24w, https:\/\/www.cinemaup.com.br\/wp-content\/uploads\/2024\/05\/image-7-36x21.png 36w, https:\/\/www.cinemaup.com.br\/wp-content\/uploads\/2024\/05\/image-7-48x27.png 48w\" sizes=\"(max-width: 709px) 100vw, 709px\" \/><\/figure>\n\n\n\n<p>Tony Stark est\u00e1 preso em outra dimens\u00e3o. Os Vingadores juntam todo seu saber e for\u00e7a para achar um jeito de traz\u00ea-lo de volta, mas antes disso, s\u00e3o atacados por um grupo de vil\u00f5es que espalham nossos her\u00f3is pelo espa\u00e7o e tempo. Com a ajuda de uma nova equipe de her\u00f3is, os Vingadores precisam se reunir a tempo de salvar a terra e toda a realidade.<\/p>","protected":false},"excerpt":{"rendered":"<p>De&nbsp;Eu Sou Groot&nbsp;a X-Men &#8217;97, confira produ\u00e7\u00f5es com classifica\u00e7\u00e3o livre para inserir os pequenos no universo da Marvel Entre os meses de mar\u00e7o a setembro a&nbsp;Marvel Brasil&nbsp;celebra a campanha &#8220;Marvel &#8211; Junte Seu Time&#8220;, que convida as crian\u00e7as entre 5 e 11 anos e suas fam\u00edlias a viverem grandes aventuras e ativar o trabalho em [&hellip;]<\/p>","protected":false},"author":60,"featured_media":82885,"comment_status":"closed","ping_status":"open","sticky":false,"template":"","format":"standard","meta":{"_exactmetrics_skip_tracking":false,"_exactmetrics_sitenote_active":false,"_exactmetrics_sitenote_note":"","_exactmetrics_sitenote_category":0,"footnotes":""},"categories":[1,15929,14993,15925,9830],"tags":[15849,99],"_links":{"self":[{"href":"https:\/\/www.cinemaup.com.br\/en\/wp-json\/wp\/v2\/posts\/82884"}],"collection":[{"href":"https:\/\/www.cinemaup.com.br\/en\/wp-json\/wp\/v2\/posts"}],"about":[{"href":"https:\/\/www.cinemaup.com.br\/en\/wp-json\/wp\/v2\/types\/post"}],"author":[{"embeddable":true,"href":"https:\/\/www.cinemaup.com.br\/en\/wp-json\/wp\/v2\/users\/60"}],"replies":[{"embeddable":true,"href":"https:\/\/www.cinemaup.com.br\/en\/wp-json\/wp\/v2\/comments?post=82884"}],"version-history":[{"count":2,"href":"https:\/\/www.cinemaup.com.br\/en\/wp-json\/wp\/v2\/posts\/82884\/revisions"}],"predecessor-version":[{"id":82896,"href":"https:\/\/www.cinemaup.com.br\/en\/wp-json\/wp\/v2\/posts\/82884\/revisions\/82896"}],"wp:featuredmedia":[{"embeddable":true,"href":"https:\/\/www.cinemaup.com.br\/en\/wp-json\/wp\/v2\/media\/82885"}],"wp:attachment":[{"href":"https:\/\/www.cinemaup.com.br\/en\/wp-json\/wp\/v2\/media?parent=82884"}],"wp:term":[{"taxonomy":"category","embeddable":true,"href":"https:\/\/www.cinemaup.com.br\/en\/wp-json\/wp\/v2\/categories?post=82884"},{"taxonomy":"post_tag","embeddable":true,"href":"https:\/\/www.cinemaup.com.br\/en\/wp-json\/wp\/v2\/tags?post=82884"}],"curies":[{"name":"wp","href":"https:\/\/api.w.org\/{rel}","templated":true}]}}