{"id":83603,"date":"2024-11-13T00:32:53","date_gmt":"2024-11-13T03:32:53","guid":{"rendered":"https:\/\/www.cinemaup.com.br\/?p=83603"},"modified":"2024-11-13T00:32:54","modified_gmt":"2024-11-13T03:32:54","slug":"primeiro-filme-da-parceria-entre-globo-e-disney-na-linha-de-fogo-esta-em-periodo-de-filmagens-no-rio-de-janeiro","status":"publish","type":"post","link":"https:\/\/www.cinemaup.com.br\/en\/primeiro-filme-da-parceria-entre-globo-e-disney-na-linha-de-fogo-esta-em-periodo-de-filmagens-no-rio-de-janeiro\/","title":{"rendered":"PRIMEIRO FILME DA PARCERIA ENTRE GLOBO E DISNEY, \u2018NA LINHA DE FOGO\u2019 EST\u00c1 EM PER\u00cdODO DE FILMAGENS NO RIO DE JANEIRO"},"content":{"rendered":"<h3 class=\"wp-block-heading\"><strong><em>A obra \u00e9 produzida pelo AfroReggae Audiovisual, com coprodu\u00e7\u00e3o Globoplay e Star Original Productions<\/em><\/strong><\/h3>\n\n\n<div class=\"wp-block-image\">\n<figure class=\"aligncenter size-large is-resized\"><img fetchpriority=\"high\" decoding=\"async\" width=\"1024\" height=\"683\" src=\"https:\/\/www.cinemaup.com.br\/wp-content\/uploads\/2024\/11\/NaLinhaDeFogo_Cesar_Diogenes_8695-1024x683.jpg\" alt=\"\" class=\"wp-image-83604\" style=\"width:603px;height:auto\" srcset=\"https:\/\/www.cinemaup.com.br\/wp-content\/uploads\/2024\/11\/NaLinhaDeFogo_Cesar_Diogenes_8695-1024x683.jpg 1024w, https:\/\/www.cinemaup.com.br\/wp-content\/uploads\/2024\/11\/NaLinhaDeFogo_Cesar_Diogenes_8695-320x213.jpg 320w, https:\/\/www.cinemaup.com.br\/wp-content\/uploads\/2024\/11\/NaLinhaDeFogo_Cesar_Diogenes_8695-150x100.jpg 150w, https:\/\/www.cinemaup.com.br\/wp-content\/uploads\/2024\/11\/NaLinhaDeFogo_Cesar_Diogenes_8695-1536x1024.jpg 1536w, https:\/\/www.cinemaup.com.br\/wp-content\/uploads\/2024\/11\/NaLinhaDeFogo_Cesar_Diogenes_8695-18x12.jpg 18w, https:\/\/www.cinemaup.com.br\/wp-content\/uploads\/2024\/11\/NaLinhaDeFogo_Cesar_Diogenes_8695-24x16.jpg 24w, https:\/\/www.cinemaup.com.br\/wp-content\/uploads\/2024\/11\/NaLinhaDeFogo_Cesar_Diogenes_8695-36x24.jpg 36w, https:\/\/www.cinemaup.com.br\/wp-content\/uploads\/2024\/11\/NaLinhaDeFogo_Cesar_Diogenes_8695-48x32.jpg 48w, https:\/\/www.cinemaup.com.br\/wp-content\/uploads\/2024\/11\/NaLinhaDeFogo_Cesar_Diogenes_8695.jpg 2048w\" sizes=\"(max-width: 1024px) 100vw, 1024px\" \/><\/figure><\/div>\n\n\n<p>O novo filme Original Globoplay&nbsp;<strong><em>Na Linha de Fogo<\/em><\/strong>&nbsp;est\u00e1 em fase de grava\u00e7\u00f5es no Complexo da Mar\u00e9, no Rio de Janeiro. O an\u00fancio sobre o longa-metragem aconteceu durante a&nbsp;<strong><em>D23 Brasil \u2013 Uma Experi\u00eancia Disney &#8211;&nbsp;<\/em><\/strong>evento voltado para f\u00e3s da Disney realizado no \u00faltimo final de semana em S\u00e3o Paulo &#8211; com a presen\u00e7a de Jos\u00e9 J\u00fanior, idealizador, produtor, roteirista e fundador do&nbsp;<strong>AfroReggae Audiovisual<\/strong>.&nbsp;<\/p>\n\n\n\n<p>Firmado em 2023, o acordo entre Globo e Disney contempla a produ\u00e7\u00e3o de quatro longas-metragens, que ser\u00e3o lan\u00e7ados nos cinemas. \u2018<strong><em>Na Linha de Fogo\u2019&nbsp;<\/em><\/strong>\u00e9 o primeiro t\u00edtulo desta parceria eest\u00e1 previsto para chegar aos cinemas em 2026.&nbsp;<\/p>\n\n\n\n<p>Em grava\u00e7\u00f5es desde outubro, o filme gira em torno da luta pelo controle territorial entre traficantes e for\u00e7as policiais e o impacto devastador desta guerra na vida das pessoas que vivem nas favelas do Rio de Janeiro. A trama aborda os dilemas \u00e9ticos enfrentados por policiais em um ambiente de caos e viol\u00eancia. Tudo isso em uma superprodu\u00e7\u00e3o, com direito a efeitos especiais, helic\u00f3pteros e blindados.<s><\/s><\/p>\n\n\n\n<p>Com dire\u00e7\u00e3o de Afonso Poyart,&nbsp;<strong><em>Na Linha de Fogo&nbsp;<\/em><\/strong>tamb\u00e9m conta com nomes como William Nascimento, Dilsinho Oliveira, Eli Ferreira, Breno de Filippo, Wanderson Brasil, Rogerio Casanova, Diego Raymond, D\u00e9rio Chagas, Gilson da Maia, Nathalia Dill, Yasmin Veiga, Andr\u00e9 Mattos, Juliano Cazarr\u00e9, Maria Cei\u00e7a, Rose Haagensen e Luizinho Bastos. J\u00e1 a produ\u00e7\u00e3o executiva fica por conta de Marcelo Guerra, Val\u00e9ria Amorim, Paul\u00e3o Cosa e Ver\u00f4nica Menezes.&nbsp;<\/p>\n\n\n\n<p><strong><em>Na Linha de Fogo&nbsp;<\/em><\/strong>\u00e9 um filme<strong>Original Globoplay<em>,&nbsp;<\/em><\/strong>produzido pelo AfroReggae Audiovisual, em coprodu\u00e7\u00e3o com&nbsp;<strong>Star Original Productions<\/strong>&nbsp;&#8211; selo da The Walt Disney Company voltado para o cinema nacional.&nbsp;Al\u00e9m de Jos\u00e9 J\u00fanior, o longa tamb\u00e9m tem roteiro Jo\u00e3o Paulo Horta, com a colabora\u00e7\u00e3o de Afonso Poyart, Elaine Teixeira, Gabriel Maria, Igor Egypto e Pedro Henud&nbsp; e consultoria de Marcus Vinicius Braga.<\/p>","protected":false},"excerpt":{"rendered":"<p>A obra \u00e9 produzida pelo AfroReggae Audiovisual, com coprodu\u00e7\u00e3o Globoplay e Star Original Productions O novo filme Original Globoplay&nbsp;Na Linha de Fogo&nbsp;est\u00e1 em fase de grava\u00e7\u00f5es no Complexo da Mar\u00e9, no Rio de Janeiro. O an\u00fancio sobre o longa-metragem aconteceu durante a&nbsp;D23 Brasil \u2013 Uma Experi\u00eancia Disney &#8211;&nbsp;evento voltado para f\u00e3s da Disney realizado no [&hellip;]<\/p>","protected":false},"author":60,"featured_media":83604,"comment_status":"closed","ping_status":"open","sticky":false,"template":"","format":"standard","meta":{"_exactmetrics_skip_tracking":false,"_exactmetrics_sitenote_active":false,"_exactmetrics_sitenote_note":"","_exactmetrics_sitenote_category":0,"footnotes":""},"categories":[1],"tags":[31282,31288],"_links":{"self":[{"href":"https:\/\/www.cinemaup.com.br\/en\/wp-json\/wp\/v2\/posts\/83603"}],"collection":[{"href":"https:\/\/www.cinemaup.com.br\/en\/wp-json\/wp\/v2\/posts"}],"about":[{"href":"https:\/\/www.cinemaup.com.br\/en\/wp-json\/wp\/v2\/types\/post"}],"author":[{"embeddable":true,"href":"https:\/\/www.cinemaup.com.br\/en\/wp-json\/wp\/v2\/users\/60"}],"replies":[{"embeddable":true,"href":"https:\/\/www.cinemaup.com.br\/en\/wp-json\/wp\/v2\/comments?post=83603"}],"version-history":[{"count":1,"href":"https:\/\/www.cinemaup.com.br\/en\/wp-json\/wp\/v2\/posts\/83603\/revisions"}],"predecessor-version":[{"id":83605,"href":"https:\/\/www.cinemaup.com.br\/en\/wp-json\/wp\/v2\/posts\/83603\/revisions\/83605"}],"wp:featuredmedia":[{"embeddable":true,"href":"https:\/\/www.cinemaup.com.br\/en\/wp-json\/wp\/v2\/media\/83604"}],"wp:attachment":[{"href":"https:\/\/www.cinemaup.com.br\/en\/wp-json\/wp\/v2\/media?parent=83603"}],"wp:term":[{"taxonomy":"category","embeddable":true,"href":"https:\/\/www.cinemaup.com.br\/en\/wp-json\/wp\/v2\/categories?post=83603"},{"taxonomy":"post_tag","embeddable":true,"href":"https:\/\/www.cinemaup.com.br\/en\/wp-json\/wp\/v2\/tags?post=83603"}],"curies":[{"name":"wp","href":"https:\/\/api.w.org\/{rel}","templated":true}]}}