{"id":83611,"date":"2024-11-13T00:44:43","date_gmt":"2024-11-13T03:44:43","guid":{"rendered":"https:\/\/www.cinemaup.com.br\/?p=83611"},"modified":"2024-11-13T00:44:43","modified_gmt":"2024-11-13T03:44:43","slug":"especial-mulher-negra-chega-ao-universal-para-celebrar-o-mes-da-consciencia-negra","status":"publish","type":"post","link":"https:\/\/www.cinemaup.com.br\/en\/especial-mulher-negra-chega-ao-universal-para-celebrar-o-mes-da-consciencia-negra\/","title":{"rendered":"&#8216;ESPECIAL MULHER NEGRA&#8217; CHEGA AO UNIVERSAL+\u00a0PARA CELEBRAR O M\u00caS DA CONSCI\u00caNCIA NEGRA"},"content":{"rendered":"<h3 class=\"wp-block-heading\"><em>Al\u00e9m do programa estrelado por Zez\u00e9 Motta e com a presen\u00e7a de Sharon Menezzes, Aline Wirley e Preta Gil, plataforma oferece uma playlist dedicada a enaltecer o talento de atores e atrizes negros<\/em><\/h3>\n\n\n\n<p>O Universal+ celebra o M\u00eas da Consci\u00eancia Negra com&nbsp;a nova edi\u00e7\u00e3o do ESPECIAL MULHER NEGRA. Pelo quarto ano consecutivo, a atriz e cantora Zez\u00e9 Motta est\u00e1 \u00e0 frente do programa que mescla m\u00fasica, bate-papo, depoimentos e convidadas especiais.<\/p>\n\n\n<div class=\"wp-block-image\">\n<figure class=\"aligncenter size-full is-resized\"><img fetchpriority=\"high\" decoding=\"async\" width=\"800\" height=\"534\" src=\"https:\/\/www.cinemaup.com.br\/wp-content\/uploads\/2024\/11\/universal-especial-mulher-negra.jpeg\" alt=\"\" class=\"wp-image-83612\" style=\"width:583px;height:auto\" srcset=\"https:\/\/www.cinemaup.com.br\/wp-content\/uploads\/2024\/11\/universal-especial-mulher-negra.jpeg 800w, https:\/\/www.cinemaup.com.br\/wp-content\/uploads\/2024\/11\/universal-especial-mulher-negra-320x214.jpeg 320w, https:\/\/www.cinemaup.com.br\/wp-content\/uploads\/2024\/11\/universal-especial-mulher-negra-150x100.jpeg 150w, https:\/\/www.cinemaup.com.br\/wp-content\/uploads\/2024\/11\/universal-especial-mulher-negra-18x12.jpeg 18w, https:\/\/www.cinemaup.com.br\/wp-content\/uploads\/2024\/11\/universal-especial-mulher-negra-24x16.jpeg 24w, https:\/\/www.cinemaup.com.br\/wp-content\/uploads\/2024\/11\/universal-especial-mulher-negra-36x24.jpeg 36w, https:\/\/www.cinemaup.com.br\/wp-content\/uploads\/2024\/11\/universal-especial-mulher-negra-48x32.jpeg 48w\" sizes=\"(max-width: 800px) 100vw, 800px\" \/><\/figure><\/div>\n\n\n<p>O projeto conta com mentoria e apresenta\u00e7\u00e3o de Zez\u00e9 Motta, que completou recentemente 80 anos de vida. Refer\u00eancia na cultura afro-brasileira, a artista \u00e9 considerada um \u00edcone da negritude brasileira. Al\u00e9m de uma grande atriz, com impacto enorme para o cinema brasileiro, Zez\u00e9 Motta tamb\u00e9m \u00e9 dona de uma voz \u00fanica e inconfund\u00edvel. Durante seus mais de 54 anos de carreira, ela rompe barreiras e p\u00f5e no centro da cena art\u00edstica nacional as m\u00faltiplas dimens\u00f5es do protagonismo feminino.<\/p>\n\n\n\n<p>O ESPECIAL MULHER NEGRA 2024 conta a participa\u00e7\u00e3o da cantora, apresentadora e empres\u00e1ria Preta Gil. &#8221;<em>O Especial Mulher Negra \u00e9 o sinal de uma gera\u00e7\u00e3o que resistiu, lutou e que venceu. \u00c9 representatividade para uma s\u00e9rie de mulheres e homens que v\u00e3o assistir \u00e0 gente e entender como vale a pena lutar, se arriscar, se expor. A Zez\u00e9 \u00e9 um s\u00edmbolo disso, e todas n\u00f3s tamb\u00e9m<\/em>&#8216;&#8221;, diz Preta.<\/p>\n\n\n\n<p>A apresenta\u00e7\u00e3o \u00e9 da atriz e apresentadora Sheron Menezzes e da atriz e cantora Aline Wirley. Gravado no Copacabana Palace \u2013 Belmond, um \u00edcone da cidade do Rio de Janeiro, o programa conta ainda com grandes depoimentos de convidadas, como a jogadora de v\u00f4lei e medalhista ol\u00edmpica Fernanda Garay, a cantora e apresentadora Gaby Amarantos, a atriz Erika Januza e a cantora Liniker.<\/p>\n\n\n\n<p>A dire\u00e7\u00e3o e o roteiro s\u00e3o de Clara Anast\u00e1cia, cineasta e roteirista criada na Favela da Pedreira, zona norte do Rio de Janeiro. A idealiza\u00e7\u00e3o e cria\u00e7\u00e3o do projeto s\u00e3o de Anderson Clayton e Vinicius Belo e produ\u00e7\u00e3o executiva de Enzo Bitar\u00e3es.<\/p>\n\n\n\n<p><strong>CONEX\u00c3O NEGRA<\/strong>\u00a0<br>Ainda na celebra\u00e7\u00e3o do M\u00eas da Consci\u00eancia Negra, o Universal+ preparou a playlist CONEX\u00c3O NEGRA, com s\u00e9ries e filmes protagonizados por estrelas do entretenimento que brindam o p\u00fablico com seu talento e inspiram representatividade. Fazem parte dessa curadoria, sucessos recentes, como as s\u00e9ries como THE COUPLE NEXT DOOR, protagonizado por Alfred Enoch, WOLF, estrelado por Ukweli Roach, BRIARPACTH, com a atriz Rosario Dawson, THE LAZARUS PROJECT, thriller de fic\u00e7\u00e3o cient\u00edfica cujo elenco \u00e9 liderado por Paapa Essiedu, e longas-metragens como THE EQUALIZER e THE EQUALIZER 2, estrelado por Denzel Washington.<\/p>\n\n\n\n<p>Produ\u00e7\u00f5es nacionais originais da NBCUniversal tamb\u00e9m fazem parte da playlist, como VOCALIZANDO, reality musical apresentado por Jennifer Nascimento, que estreia no pr\u00f3ximo dia 19, e BORN TO FASHION, reality apresentado pela top model Lais Ribeiro, co-apresentado pela atriz e roteirista Alice Marcone e estrelado por modelos transg\u00eanero.<\/p>","protected":false},"excerpt":{"rendered":"<p>Al\u00e9m do programa estrelado por Zez\u00e9 Motta e com a presen\u00e7a de Sharon Menezzes, Aline Wirley e Preta Gil, plataforma oferece uma playlist dedicada a enaltecer o talento de atores e atrizes negros O Universal+ celebra o M\u00eas da Consci\u00eancia Negra com&nbsp;a nova edi\u00e7\u00e3o do ESPECIAL MULHER NEGRA. Pelo quarto ano consecutivo, a atriz e [&hellip;]<\/p>","protected":false},"author":60,"featured_media":83612,"comment_status":"closed","ping_status":"open","sticky":false,"template":"","format":"standard","meta":{"_exactmetrics_skip_tracking":false,"_exactmetrics_sitenote_active":false,"_exactmetrics_sitenote_note":"","_exactmetrics_sitenote_category":0,"footnotes":""},"categories":[1],"tags":[31289,31291,31292],"_links":{"self":[{"href":"https:\/\/www.cinemaup.com.br\/en\/wp-json\/wp\/v2\/posts\/83611"}],"collection":[{"href":"https:\/\/www.cinemaup.com.br\/en\/wp-json\/wp\/v2\/posts"}],"about":[{"href":"https:\/\/www.cinemaup.com.br\/en\/wp-json\/wp\/v2\/types\/post"}],"author":[{"embeddable":true,"href":"https:\/\/www.cinemaup.com.br\/en\/wp-json\/wp\/v2\/users\/60"}],"replies":[{"embeddable":true,"href":"https:\/\/www.cinemaup.com.br\/en\/wp-json\/wp\/v2\/comments?post=83611"}],"version-history":[{"count":1,"href":"https:\/\/www.cinemaup.com.br\/en\/wp-json\/wp\/v2\/posts\/83611\/revisions"}],"predecessor-version":[{"id":83613,"href":"https:\/\/www.cinemaup.com.br\/en\/wp-json\/wp\/v2\/posts\/83611\/revisions\/83613"}],"wp:featuredmedia":[{"embeddable":true,"href":"https:\/\/www.cinemaup.com.br\/en\/wp-json\/wp\/v2\/media\/83612"}],"wp:attachment":[{"href":"https:\/\/www.cinemaup.com.br\/en\/wp-json\/wp\/v2\/media?parent=83611"}],"wp:term":[{"taxonomy":"category","embeddable":true,"href":"https:\/\/www.cinemaup.com.br\/en\/wp-json\/wp\/v2\/categories?post=83611"},{"taxonomy":"post_tag","embeddable":true,"href":"https:\/\/www.cinemaup.com.br\/en\/wp-json\/wp\/v2\/tags?post=83611"}],"curies":[{"name":"wp","href":"https:\/\/api.w.org\/{rel}","templated":true}]}}