{"id":83622,"date":"2024-11-13T00:59:12","date_gmt":"2024-11-13T03:59:12","guid":{"rendered":"https:\/\/www.cinemaup.com.br\/?p=83622"},"modified":"2024-11-13T00:59:13","modified_gmt":"2024-11-13T03:59:13","slug":"romance-lgbt-e-musica-em-o-melhor-amigo-novo-longa-de-allan-deberton-que-estreia-no-mix-brasil","status":"publish","type":"post","link":"https:\/\/www.cinemaup.com.br\/en\/romance-lgbt-e-musica-em-o-melhor-amigo-novo-longa-de-allan-deberton-que-estreia-no-mix-brasil\/","title":{"rendered":"ROMANCE LGBT+ E M\u00daSICA EM\u00a0&#8220;O MELHOR AMIGO&#8221;,\u00a0NOVO LONGA DE ALLAN DEBERTON\u00a0QUE ESTREIA NO MIX BRASIL"},"content":{"rendered":"<h3 class=\"wp-block-heading\">Protagonizado por Vinicius Teixeira e Gabriel Fuentes, o filme conta uma hist\u00f3ria de amor e autodescoberta embalada por cl\u00e1ssicos pop dos anos 90<\/h3>\n\n\n\n<p>O diretor cearense Allan Deberton abre seu primeiro longa-metragem, o premiado &#8220;Pacarrete&#8221; (2019), com uma cena coreografada de Marcelia Cartaxo dan\u00e7ando e apresentando o longa. Agora, em seu mais recente trabalho,&nbsp;<strong>O MELHOR AMIGO<\/strong>, o diretor abra\u00e7a o g\u00eanero em toda sua plenitude e com muito romance e alegria, apresenta um amor de ver\u00e3o em Canoa Quebrada, no Cear\u00e1. O filme far\u00e1 sua premi\u00e8re mundial no 32o Festival MixBrasil, que acontece em S\u00e3o Paulo, onde ser\u00e1 exibido dia 18\/11 \u00e0s 20h30 no Cinesesc, com reprise dia 23\/11 \u00e0s 20h00 no MIS. Produzido pela Deberton Filmes em coprodu\u00e7\u00e3o com o Telecine, e distribu\u00eddo pela Vitrine Filmes, o filme chega ao circuito brasileiro no pr\u00f3ximo ano.<\/p>\n\n\n<div class=\"wp-block-image\">\n<figure class=\"aligncenter size-large is-resized\"><img fetchpriority=\"high\" decoding=\"async\" width=\"819\" height=\"1024\" src=\"https:\/\/www.cinemaup.com.br\/wp-content\/uploads\/2024\/11\/Prancheta-Festival-Mix-Brasil-em-baixa-819x1024.png\" alt=\"\" class=\"wp-image-83623\" style=\"width:514px;height:auto\" srcset=\"https:\/\/www.cinemaup.com.br\/wp-content\/uploads\/2024\/11\/Prancheta-Festival-Mix-Brasil-em-baixa-819x1024.png 819w, https:\/\/www.cinemaup.com.br\/wp-content\/uploads\/2024\/11\/Prancheta-Festival-Mix-Brasil-em-baixa-256x320.png 256w, https:\/\/www.cinemaup.com.br\/wp-content\/uploads\/2024\/11\/Prancheta-Festival-Mix-Brasil-em-baixa-120x150.png 120w, https:\/\/www.cinemaup.com.br\/wp-content\/uploads\/2024\/11\/Prancheta-Festival-Mix-Brasil-em-baixa-10x12.png 10w, https:\/\/www.cinemaup.com.br\/wp-content\/uploads\/2024\/11\/Prancheta-Festival-Mix-Brasil-em-baixa-19x24.png 19w, https:\/\/www.cinemaup.com.br\/wp-content\/uploads\/2024\/11\/Prancheta-Festival-Mix-Brasil-em-baixa-29x36.png 29w, https:\/\/www.cinemaup.com.br\/wp-content\/uploads\/2024\/11\/Prancheta-Festival-Mix-Brasil-em-baixa-38x48.png 38w, https:\/\/www.cinemaup.com.br\/wp-content\/uploads\/2024\/11\/Prancheta-Festival-Mix-Brasil-em-baixa.png 1080w\" sizes=\"(max-width: 819px) 100vw, 819px\" \/><\/figure><\/div>\n\n\n<p><strong>O MELHOR AMIGO<\/strong>&nbsp;\u00e9 protagonizado por Lucas (Vinicius Teixeira), um jovem arquiteto que, durante uma crise em seu relacionamento com Martin (L\u00e9o Bahia), faz uma viagem sozinho \u00e0 praia de Canoa Quebrada. Neste cen\u00e1rio paradis\u00edaco ele reencontra Felipe (Gabriel Fuentes), guia de turismo e antiga paix\u00e3o do protagonista na \u00e9poca da faculdade. O reencontro traz \u00e0 tona quest\u00f5es do passado que nunca foram resolvidas e a possibilidade de um futuro diferente.&nbsp;<\/p>\n\n\n\n<p>Um romance solar, com o litoral cearense como cen\u00e1rio, o novo filme de Deberton, \u00e9 composto por uma s\u00e9rie de atores conhecidos no Estado do Cear\u00e1 como D\u00eanis Lacerda, Souma, Muriel Cruz, Rodrigo Ferrera, Solange Teixeira, Adna Oliveira e Walmick de Holanda, e tem ainda atores consagrados em todo o Brasil, como Leo Bahia e Diego Montez, al\u00e9m de \u00eddolos da teledramaturgia dos anos de 1980 e 1990: Mateus Carrieri e Cl\u00e1udia Ohana, numa personagem chamada Estrela D&#8217;Alva e participa\u00e7\u00e3o especial da cantora Gretchen, que interpreta a si mesma e canta, no palco, suas m\u00fasicas mais famosas: &#8220;Mel\u00f4 do Piripipi&#8221; e &#8220;Conga Conga&#8221;.<\/p>\n\n\n\n<p>Partindo de seu curta hom\u00f4nimo de 2013, Deberton conta que ressignificou o filme para o presente, em busca de novas plateias. &#8220;<em>Trouxemos mais cores, mais personagens e mais m\u00fasica. Gosto da ideia de repaginar as m\u00fasicas para a nova gera\u00e7\u00e3o.&nbsp; Acho que o filme tem algum esp\u00edrito de sess\u00e3o da tarde<\/em>.&#8221;<\/p>","protected":false},"excerpt":{"rendered":"<p>Protagonizado por Vinicius Teixeira e Gabriel Fuentes, o filme conta uma hist\u00f3ria de amor e autodescoberta embalada por cl\u00e1ssicos pop dos anos 90 O diretor cearense Allan Deberton abre seu primeiro longa-metragem, o premiado &#8220;Pacarrete&#8221; (2019), com uma cena coreografada de Marcelia Cartaxo dan\u00e7ando e apresentando o longa. Agora, em seu mais recente trabalho,&nbsp;O MELHOR [&hellip;]<\/p>","protected":false},"author":60,"featured_media":83624,"comment_status":"closed","ping_status":"open","sticky":false,"template":"","format":"standard","meta":{"_exactmetrics_skip_tracking":false,"_exactmetrics_sitenote_active":false,"_exactmetrics_sitenote_note":"","_exactmetrics_sitenote_category":0,"footnotes":""},"categories":[1,9067],"tags":[31295,4158,31294],"_links":{"self":[{"href":"https:\/\/www.cinemaup.com.br\/en\/wp-json\/wp\/v2\/posts\/83622"}],"collection":[{"href":"https:\/\/www.cinemaup.com.br\/en\/wp-json\/wp\/v2\/posts"}],"about":[{"href":"https:\/\/www.cinemaup.com.br\/en\/wp-json\/wp\/v2\/types\/post"}],"author":[{"embeddable":true,"href":"https:\/\/www.cinemaup.com.br\/en\/wp-json\/wp\/v2\/users\/60"}],"replies":[{"embeddable":true,"href":"https:\/\/www.cinemaup.com.br\/en\/wp-json\/wp\/v2\/comments?post=83622"}],"version-history":[{"count":2,"href":"https:\/\/www.cinemaup.com.br\/en\/wp-json\/wp\/v2\/posts\/83622\/revisions"}],"predecessor-version":[{"id":83626,"href":"https:\/\/www.cinemaup.com.br\/en\/wp-json\/wp\/v2\/posts\/83622\/revisions\/83626"}],"wp:featuredmedia":[{"embeddable":true,"href":"https:\/\/www.cinemaup.com.br\/en\/wp-json\/wp\/v2\/media\/83624"}],"wp:attachment":[{"href":"https:\/\/www.cinemaup.com.br\/en\/wp-json\/wp\/v2\/media?parent=83622"}],"wp:term":[{"taxonomy":"category","embeddable":true,"href":"https:\/\/www.cinemaup.com.br\/en\/wp-json\/wp\/v2\/categories?post=83622"},{"taxonomy":"post_tag","embeddable":true,"href":"https:\/\/www.cinemaup.com.br\/en\/wp-json\/wp\/v2\/tags?post=83622"}],"curies":[{"name":"wp","href":"https:\/\/api.w.org\/{rel}","templated":true}]}}