{"id":83734,"date":"2024-12-06T17:38:26","date_gmt":"2024-12-06T20:38:26","guid":{"rendered":"https:\/\/www.cinemaup.com.br\/?p=83734"},"modified":"2024-12-06T17:38:28","modified_gmt":"2024-12-06T20:38:28","slug":"poster-e-teaser-oficial-de-mauricio-de-sousa-o-filme-acabam-de-ser-revelados","status":"publish","type":"post","link":"https:\/\/www.cinemaup.com.br\/en\/poster-e-teaser-oficial-de-mauricio-de-sousa-o-filme-acabam-de-ser-revelados\/","title":{"rendered":"P\u00d4STER E TEASER OFICIAL DE &#8220;MAURICIO DE SOUSA &#8211; O\u00a0 FILME&#8221; ACABAM DE SER REVELADOS"},"content":{"rendered":"<h4 class=\"wp-block-heading\"><strong><em>Protagonizado por Mauro Sousa, filho de Mauricio de Sousa, o longa-metragem foi destaque no painel da MSP na CCXP e conta a hist\u00f3ria do maior quadrinista do Brasil, desde sua inf\u00e2ncia at\u00e9 a cria\u00e7\u00e3o de um universo que marcou gera\u00e7\u00f5es<\/em><\/strong><\/h4>\n\n\n<div class=\"wp-block-image\">\n<figure class=\"aligncenter size-full\"><img fetchpriority=\"high\" decoding=\"async\" width=\"444\" height=\"625\" src=\"https:\/\/www.cinemaup.com.br\/wp-content\/uploads\/2024\/12\/image-3.png\" alt=\"\" class=\"wp-image-83737\" srcset=\"https:\/\/www.cinemaup.com.br\/wp-content\/uploads\/2024\/12\/image-3.png 444w, https:\/\/www.cinemaup.com.br\/wp-content\/uploads\/2024\/12\/image-3-227x320.png 227w, https:\/\/www.cinemaup.com.br\/wp-content\/uploads\/2024\/12\/image-3-107x150.png 107w, https:\/\/www.cinemaup.com.br\/wp-content\/uploads\/2024\/12\/image-3-9x12.png 9w, https:\/\/www.cinemaup.com.br\/wp-content\/uploads\/2024\/12\/image-3-17x24.png 17w, https:\/\/www.cinemaup.com.br\/wp-content\/uploads\/2024\/12\/image-3-26x36.png 26w, https:\/\/www.cinemaup.com.br\/wp-content\/uploads\/2024\/12\/image-3-34x48.png 34w\" sizes=\"(max-width: 444px) 100vw, 444px\" \/><\/figure><\/div>\n\n\n<p><strong><em>Mauricio de Sousa &#8211; O Filme<\/em><\/strong>, longa-metragem do quadrinista mais importante do Brasil e criador da Turma da M\u00f4nica, acaba de ganhar seu primeiro teaser oficial. Produzido pela Focus Films e Boa Ideia Entretenimento, com coprodu\u00e7\u00e3o da<strong>\u00a0Star Original Productions<\/strong>, colabora\u00e7\u00e3o da\u00a0<strong>Mauricio de Sousa Produ\u00e7\u00f5es\u00a0<\/strong>e distribui\u00e7\u00e3o da<strong>\u00a0Star Distribution<\/strong>, a produ\u00e7\u00e3o tamb\u00e9m teve seu p\u00f4ster oficial revelado durante a\u00a0<strong>CCXP24\u00a0<\/strong>nesta sexta-feira, 06 de dezembro.<\/p>\n\n\n\n<figure class=\"wp-block-embed aligncenter is-type-video is-provider-youtube wp-block-embed-youtube wp-embed-aspect-16-9 wp-has-aspect-ratio\"><div class=\"wp-block-embed__wrapper\">\n<iframe title=\"MAURICIO DE SOUSA - O FILME | TEASER OFICIAL | 23 DE OUTUBRO NOS CINEMAS\" width=\"640\" height=\"360\" src=\"https:\/\/www.youtube.com\/embed\/3u9ropiyMtY?feature=oembed\" frameborder=\"0\" allow=\"accelerometer; autoplay; clipboard-write; encrypted-media; gyroscope; picture-in-picture; web-share\" referrerpolicy=\"strict-origin-when-cross-origin\" allowfullscreen><\/iframe>\n<\/div><\/figure>\n\n\n\n<p>Os materiais foram apresentados durante o painel &#8220;A Jornada Audiovisual da MSP: Os Lan\u00e7amentos que Impulsionam o Mercado Brasileiro&#8221;, com a presen\u00e7a do pr\u00f3prio Mauricio de Sousa e outros nomes da produ\u00e7\u00e3o e elenco do filme.<\/p>\n\n\n\n<p>Protagonizado por Mauro Sousa, filho de Mauricio que tamb\u00e9m esteve presente no evento,&nbsp;<strong><em>Mauricio de Sousa &#8211; O Filme&nbsp;<\/em><\/strong>tem previs\u00e3o de estreia para o dia 23 de outubro de 2025 nos cinemas de todo o pa\u00eds e apresenta a vida e trajet\u00f3ria do quadrinista desde sua inf\u00e2ncia, da descoberta e paix\u00e3o pelos quadrinhos \u00e0 inven\u00e7\u00e3o de uma carreira considerada imposs\u00edvel na \u00e9poca, e suas aventuras para se sustentar e crescer profissionalmente. Maur\u00edcio de Sousa se inspirou, inicialmente, na pr\u00f3pria fam\u00edlia para criar a Turma da M\u00f4nica, al\u00e9m de outros familiares, amigos e pessoas com quem ele conviveu ao longo de sua jornada, tendo sua obra t\u00e3o popular pendurada at\u00e9 os dias de hoje. O longa-metragem ainda ir\u00e1 mostrar a cria\u00e7\u00e3o dos personagens mais ic\u00f4nicos como M\u00f4nica, Magali, Cebolinha e Casc\u00e3o, al\u00e9m do Astronauta, Chico Bento, entre outros, carregando a hist\u00f3ria do lan\u00e7amento do primeiro Gibi.<\/p>\n\n\n\n<p>Com dire\u00e7\u00e3o de&nbsp;<strong>Pedro Vasconcelos<\/strong>&nbsp;de (<em>Fala S\u00e9rio M\u00e3e<\/em>) e Co-dire\u00e7\u00e3o de Rafael Salgado, o filme conta com nomes no elenco como Thati Lopes, Elizabeth Savalla, Em\u00edlio Orciollo Neto, Natalia Lage, Diego Laumar, Othon Bastos, Clara Galinari, entre outros. Com roteiro assinado por Pedro Vasconcelos ao lado de Paulo Cursino (Mussum e Os Farofeiros), a produ\u00e7\u00e3o executiva fica por conta de Tuinho Schwartz.<\/p>","protected":false},"excerpt":{"rendered":"<p>Protagonizado por Mauro Sousa, filho de Mauricio de Sousa, o longa-metragem foi destaque no painel da MSP na CCXP e conta a hist\u00f3ria do maior quadrinista do Brasil, desde sua inf\u00e2ncia at\u00e9 a cria\u00e7\u00e3o de um universo que marcou gera\u00e7\u00f5es Mauricio de Sousa &#8211; O Filme, longa-metragem do quadrinista mais importante do Brasil e criador [&hellip;]<\/p>","protected":false},"author":60,"featured_media":83735,"comment_status":"closed","ping_status":"open","sticky":false,"template":"","format":"standard","meta":{"_exactmetrics_skip_tracking":false,"_exactmetrics_sitenote_active":false,"_exactmetrics_sitenote_note":"","_exactmetrics_sitenote_category":0,"footnotes":""},"categories":[1],"tags":[6063,4570,12184],"_links":{"self":[{"href":"https:\/\/www.cinemaup.com.br\/en\/wp-json\/wp\/v2\/posts\/83734"}],"collection":[{"href":"https:\/\/www.cinemaup.com.br\/en\/wp-json\/wp\/v2\/posts"}],"about":[{"href":"https:\/\/www.cinemaup.com.br\/en\/wp-json\/wp\/v2\/types\/post"}],"author":[{"embeddable":true,"href":"https:\/\/www.cinemaup.com.br\/en\/wp-json\/wp\/v2\/users\/60"}],"replies":[{"embeddable":true,"href":"https:\/\/www.cinemaup.com.br\/en\/wp-json\/wp\/v2\/comments?post=83734"}],"version-history":[{"count":1,"href":"https:\/\/www.cinemaup.com.br\/en\/wp-json\/wp\/v2\/posts\/83734\/revisions"}],"predecessor-version":[{"id":83738,"href":"https:\/\/www.cinemaup.com.br\/en\/wp-json\/wp\/v2\/posts\/83734\/revisions\/83738"}],"wp:featuredmedia":[{"embeddable":true,"href":"https:\/\/www.cinemaup.com.br\/en\/wp-json\/wp\/v2\/media\/83735"}],"wp:attachment":[{"href":"https:\/\/www.cinemaup.com.br\/en\/wp-json\/wp\/v2\/media?parent=83734"}],"wp:term":[{"taxonomy":"category","embeddable":true,"href":"https:\/\/www.cinemaup.com.br\/en\/wp-json\/wp\/v2\/categories?post=83734"},{"taxonomy":"post_tag","embeddable":true,"href":"https:\/\/www.cinemaup.com.br\/en\/wp-json\/wp\/v2\/tags?post=83734"}],"curies":[{"name":"wp","href":"https:\/\/api.w.org\/{rel}","templated":true}]}}