{"id":83748,"date":"2024-12-08T13:52:37","date_gmt":"2024-12-08T16:52:37","guid":{"rendered":"https:\/\/www.cinemaup.com.br\/?p=83748"},"modified":"2024-12-08T13:52:38","modified_gmt":"2024-12-08T16:52:38","slug":"ccxp24-terceiro-dia-de-festival-e-marcado-por-anuncios-de-grandes-estudios","status":"publish","type":"post","link":"https:\/\/www.cinemaup.com.br\/en\/ccxp24-terceiro-dia-de-festival-e-marcado-por-anuncios-de-grandes-estudios\/","title":{"rendered":"CCXP24 | Terceiro dia de festival \u00e9 marcado por an\u00fancios de grandes est\u00fadios"},"content":{"rendered":"<h4 class=\"wp-block-heading\"><em>Globoplay, Apple TV, Paramount+ e Prime Video levaram ao Palco Thunder by Claro tv+ astros nacionais e internacionais, al\u00e9m de apresentar diversas novidades que levaram os f\u00e3s ao del\u00edrio<\/em><\/h4>\n\n\n\n<p>Neste s\u00e1bado, a CCXP24 recebeu grandes atra\u00e7\u00f5es no Palco Thunder by Claro tv+, com pain\u00e9is especiais de produ\u00e7\u00f5es bastante aguardadas pelos f\u00e3s de cultura pop. Entre os destaques, o elenco de Auto da Compadecida 2 compartilhou emo\u00e7\u00f5es sobre o filme e foi ovacionado pelo p\u00fablico. Na sequ\u00eancia os est\u00fadios apresentaram diversas novidades exclusivas para a plateia que acompanhou o palco desde o in\u00edcio do dia. O Globoplay destacou suas novas produ\u00e7\u00f5es originais e trouxe detalhes de seus realities shows como &#8220;Terceira Metade&#8221;, &#8220;Minha M\u00e3e com Seu Pai&#8221;, e a quarta temporada de &#8220;T\u00fanel do Amor&#8221;. Na Sequ\u00eancia, foi a vez da Apple TV que levou ao palco astros como Anya Taylor-Joy e Miles Teller, enquanto a Paramount+ destacou o elenco de Yellowjackets e Dexter: Pecado Original. Na sequ\u00eancia, a conversa sobre Irm\u00e3o do Jorel comemorou uma d\u00e9cada de sucesso. A Prime Video reuniu estrelas da plataforma e trouxe novidades exclusivas que transitaram por g\u00eaneros diversos, da fantasia \u00e0 a\u00e7\u00e3o, do romance \u00e0 anima\u00e7\u00e3o, passando pelo true crime.<\/p>\n\n\n<div class=\"wp-block-image\">\n<figure class=\"aligncenter size-full\"><img fetchpriority=\"high\" decoding=\"async\" width=\"800\" height=\"533\" src=\"https:\/\/www.cinemaup.com.br\/wp-content\/uploads\/2024\/12\/image-5.png\" alt=\"\" class=\"wp-image-83750\" srcset=\"https:\/\/www.cinemaup.com.br\/wp-content\/uploads\/2024\/12\/image-5.png 800w, https:\/\/www.cinemaup.com.br\/wp-content\/uploads\/2024\/12\/image-5-320x213.png 320w, https:\/\/www.cinemaup.com.br\/wp-content\/uploads\/2024\/12\/image-5-150x100.png 150w, https:\/\/www.cinemaup.com.br\/wp-content\/uploads\/2024\/12\/image-5-18x12.png 18w, https:\/\/www.cinemaup.com.br\/wp-content\/uploads\/2024\/12\/image-5-24x16.png 24w, https:\/\/www.cinemaup.com.br\/wp-content\/uploads\/2024\/12\/image-5-36x24.png 36w, https:\/\/www.cinemaup.com.br\/wp-content\/uploads\/2024\/12\/image-5-48x32.png 48w\" sizes=\"(max-width: 800px) 100vw, 800px\" \/><\/figure><\/div>\n\n\n<p>O terceiro dia de CCXP24 foi aberto em grande estilo com o painel de&nbsp;<em>Auto da Compadecida 2<\/em>&nbsp;no Palco Thunder by Claro tv+, reunindo o elenco e a equipe criativa do filme. O painel seguiu com a exibi\u00e7\u00e3o exclusiva do filme, que ao final foi aplaudido em p\u00e9 por todo o p\u00fablico presente. No mesmo palco, o painel do Globoplay trouxe novidades como a performance de Tony Gambel e Ravel Andrade, que cantaram &#8220;Sociedade Alternativa&#8221; e celebraram o projeto &#8220;Raul Seixas: Eu Sou&#8221;, al\u00e9m da apresenta\u00e7\u00e3o de&nbsp;<em>Guerreiros do Sol<\/em>&nbsp;e&nbsp;<em>Vermelho Sangue<\/em>. &#8220;A gente se coloca em um estado de presen\u00e7a que \u00e9 imaginar as hist\u00f3rias e mergulhar junto&#8221;, comentou Alanis Guillen.<\/p>\n\n\n\n<p>O painel da Apple TV+, como Anya Taylor-Joy e Miles Teller, que falaram sobre\u00a0<em>Entre Montanhas<\/em>\u00a0e sua experi\u00eancia na s\u00e9rie\u00a0<em>Ruptura<\/em>. A conversa ainda contou com a exibi\u00e7\u00e3o dos primeiros cinco minutos in\u00e9ditos da segunda temporada de\u00a0<em>Ruptura<\/em>. Na sequ\u00eancia, o palco recebeu estrelas da Paramount+, incluindo o elenco de\u00a0<em>Yellowjackets<\/em>\u00a0e\u00a0<em>Dexter: Pecado Original<\/em>. &#8220;Eu amo o Brasil&#8221;, declarou Patrick Dempsey, e o painel foi encerrado com o trailer exclusivo de\u00a0<em>Star Trek: Sess\u00e3o 31<\/em>.<\/p>\n\n\n\n<p>O painel especial de&nbsp;<em>Irm\u00e3o do Jorel<\/em>&nbsp;celebrou os 10 anos da s\u00e9rie e revelou a possibilidade de um live-action. &#8220;\u00c9 um orgulho a gente participar de um canal onde estamos no meio de anima\u00e7\u00f5es que admiramos muito&#8221;, comentou Emily Hozokawa. O evento tamb\u00e9m contou com a revela\u00e7\u00e3o de novos projetos, como quadrinhos e um livro de receitas inspirado na vov\u00f3 Juju. Fechando o dia, o Palco Thunder by Claro tv+ celebrou os maiores sucessos do Prime Video com Chico Felitti, que falou sobre sua s\u00e9rie documental&nbsp;<em>A Mulher da Casa Abandonada<\/em>: &#8220;Era preciso ir al\u00e9m&#8221;, comentou Chico. O painel tamb\u00e9m teve novidades sobre&nbsp;<em>Trememb\u00e9<\/em>,&nbsp;<em>Reacher<\/em>,&nbsp;<em>A Roda do Tempo<\/em>,&nbsp;<em>N\u00edvel Secreto<\/em>&nbsp;e&nbsp;<em>Invenc\u00edvel<\/em>, consolidando-se como um dos destaques da CCXP24.<\/p>","protected":false},"excerpt":{"rendered":"<p>Globoplay, Apple TV, Paramount+ e Prime Video levaram ao Palco Thunder by Claro tv+ astros nacionais e internacionais, al\u00e9m de apresentar diversas novidades que levaram os f\u00e3s ao del\u00edrio Neste s\u00e1bado, a CCXP24 recebeu grandes atra\u00e7\u00f5es no Palco Thunder by Claro tv+, com pain\u00e9is especiais de produ\u00e7\u00f5es bastante aguardadas pelos f\u00e3s de cultura pop. Entre [&hellip;]<\/p>","protected":false},"author":60,"featured_media":83750,"comment_status":"closed","ping_status":"open","sticky":false,"template":"","format":"standard","meta":{"_exactmetrics_skip_tracking":false,"_exactmetrics_sitenote_active":false,"_exactmetrics_sitenote_note":"","_exactmetrics_sitenote_category":0,"footnotes":""},"categories":[1,9067],"tags":[6063,31323,31324],"_links":{"self":[{"href":"https:\/\/www.cinemaup.com.br\/en\/wp-json\/wp\/v2\/posts\/83748"}],"collection":[{"href":"https:\/\/www.cinemaup.com.br\/en\/wp-json\/wp\/v2\/posts"}],"about":[{"href":"https:\/\/www.cinemaup.com.br\/en\/wp-json\/wp\/v2\/types\/post"}],"author":[{"embeddable":true,"href":"https:\/\/www.cinemaup.com.br\/en\/wp-json\/wp\/v2\/users\/60"}],"replies":[{"embeddable":true,"href":"https:\/\/www.cinemaup.com.br\/en\/wp-json\/wp\/v2\/comments?post=83748"}],"version-history":[{"count":2,"href":"https:\/\/www.cinemaup.com.br\/en\/wp-json\/wp\/v2\/posts\/83748\/revisions"}],"predecessor-version":[{"id":83752,"href":"https:\/\/www.cinemaup.com.br\/en\/wp-json\/wp\/v2\/posts\/83748\/revisions\/83752"}],"wp:featuredmedia":[{"embeddable":true,"href":"https:\/\/www.cinemaup.com.br\/en\/wp-json\/wp\/v2\/media\/83750"}],"wp:attachment":[{"href":"https:\/\/www.cinemaup.com.br\/en\/wp-json\/wp\/v2\/media?parent=83748"}],"wp:term":[{"taxonomy":"category","embeddable":true,"href":"https:\/\/www.cinemaup.com.br\/en\/wp-json\/wp\/v2\/categories?post=83748"},{"taxonomy":"post_tag","embeddable":true,"href":"https:\/\/www.cinemaup.com.br\/en\/wp-json\/wp\/v2\/tags?post=83748"}],"curies":[{"name":"wp","href":"https:\/\/api.w.org\/{rel}","templated":true}]}}