{"id":83943,"date":"2025-02-18T17:58:13","date_gmt":"2025-02-18T20:58:13","guid":{"rendered":"https:\/\/www.cinemaup.com.br\/?p=83943"},"modified":"2025-02-18T17:58:14","modified_gmt":"2025-02-18T20:58:14","slug":"de-volta-para-zona-sul-perifacon-anuncia-data-e-local-da-quinta-edicao","status":"publish","type":"post","link":"https:\/\/www.cinemaup.com.br\/en\/de-volta-para-zona-sul-perifacon-anuncia-data-e-local-da-quinta-edicao\/","title":{"rendered":"De volta para Zona Sul | PerifaCon anuncia data e local da quinta edi\u00e7\u00e3o"},"content":{"rendered":"<h3 class=\"wp-block-heading\"><em>O maior evento de cultura pop, geek e quadrinhos da periferia est\u00e1 marcado para os dias 26 e 27 de julho, na regi\u00e3o sul da capital paulista<\/em><\/h3>\n\n\n\n<p>A espera acabou! A quinta edi\u00e7\u00e3o da PerifaCon j\u00e1 tem data e local confirmados: dias 26 e 27 de julho, na F\u00e1brica de Cultura Jardim S\u00e3o Lu\u00eds, na Zona Sul da capital paulista. A entrada ser\u00e1 gratuita.<br>&nbsp;<\/p>\n\n\n\n<p>Reconhecida como uma das maiores refer\u00eancias nacionais em engajamento e democratiza\u00e7\u00e3o da cultura\u00a0<em>nerd\u00a0<\/em>e\u00a0<em>geek\u00a0<\/em>nas periferias, a conven\u00e7\u00e3o segue reafirmando seu compromisso de levar cultura pop, entretenimento e oportunidades para as comunidades de S\u00e3o Paulo.<\/p>\n\n\n\n<p>&#8220;Toda edi\u00e7\u00e3o \u00e9 especial para n\u00f3s, mas esta tem um sentimento diferente. A Zona Sul foi a primeira regi\u00e3o a receber o evento, em 2019, quando reunimos mais de quatro mil pessoas no Cap\u00e3o Redondo. Era o in\u00edcio de um sonho, e nem imagin\u00e1vamos at\u00e9 onde ele chegaria. Ent\u00e3o, ap\u00f3s seis anos, \u00e9 inexplic\u00e1vel retomar para a regi\u00e3o onde tudo come\u00e7ou, onde s\u00f3 tenho a agradecer&#8221;, declara Andreza Delgado, uma das fundadoras da PerifaCon.<\/p>\n\n\n\n<p>Cerca de 10 mil pessoas estiveram presentes na quarta edi\u00e7\u00e3o do evento, realizada em julho de 2024, na F\u00e1brica de Cultura de Diadema. Este ano, a expectativa \u00e9 bater o recorde e reunir ainda mais amantes da cultura, com uma programa\u00e7\u00e3o maior e mais parcerias com streamings, studios e com o mercado de games independentes.<\/p>\n\n\n\n<p>As novidades desta edi\u00e7\u00e3o, como a libera\u00e7\u00e3o dos ingressos, programa\u00e7\u00e3o, participa\u00e7\u00e3o de artistas, editais para o concurso de cosplay, Beco dos Artistas e outras atividades, ser\u00e3o divulgadas ao longo dos pr\u00f3ximos meses em todas as redes sociais da PerifaCon. &#8220;Fiquem ligados para n\u00e3o perder nada, pois o evento deste ano vai ser incr\u00edvel e contamos com a presen\u00e7a de todos!&#8221;, comenta Delgado.<\/p>\n\n\n\n<p><strong>5\u00aa edi\u00e7\u00e3o da PerifaCon<\/strong><\/p>\n\n\n\n<p><strong>Local:&nbsp;<\/strong><a href=\"https:\/\/www.fabricasdecultura.org.br\/jardimsaoluis\/\" target=\"_blank\" rel=\"noreferrer noopener\"><u>F\u00e1brica de Cultura de Jardim S\u00e3o Lu\u00eds<\/u><\/a>&nbsp;&#8211; Rua Ant\u00f4nio Ramos Rosa, 651 &#8211; Jardim S\u00e3o Lu\u00eds<\/p>\n\n\n\n<p><strong>Data<\/strong>: S\u00e1bado e Domingo&nbsp;<strong>&#8211;&nbsp;<\/strong>26 e 27 de julho de 2025<\/p>\n\n\n\n<p><strong>Recomenda\u00e7\u00e3o et\u00e1ria:&nbsp;<\/strong>livre.<\/p>\n\n\n\n<p>Atividade gratuita, sem necessidade de inscri\u00e7\u00e3o pr\u00e9via.<\/p>","protected":false},"excerpt":{"rendered":"<p>O maior evento de cultura pop, geek e quadrinhos da periferia est\u00e1 marcado para os dias 26 e 27 de julho, na regi\u00e3o sul da capital paulista A espera acabou! A quinta edi\u00e7\u00e3o da PerifaCon j\u00e1 tem data e local confirmados: dias 26 e 27 de julho, na F\u00e1brica de Cultura Jardim S\u00e3o Lu\u00eds, na [&hellip;]<\/p>","protected":false},"author":60,"featured_media":83944,"comment_status":"closed","ping_status":"open","sticky":false,"template":"","format":"standard","meta":{"_exactmetrics_skip_tracking":false,"_exactmetrics_sitenote_active":false,"_exactmetrics_sitenote_note":"","_exactmetrics_sitenote_category":0,"footnotes":""},"categories":[1,9067],"tags":[31325],"_links":{"self":[{"href":"https:\/\/www.cinemaup.com.br\/en\/wp-json\/wp\/v2\/posts\/83943"}],"collection":[{"href":"https:\/\/www.cinemaup.com.br\/en\/wp-json\/wp\/v2\/posts"}],"about":[{"href":"https:\/\/www.cinemaup.com.br\/en\/wp-json\/wp\/v2\/types\/post"}],"author":[{"embeddable":true,"href":"https:\/\/www.cinemaup.com.br\/en\/wp-json\/wp\/v2\/users\/60"}],"replies":[{"embeddable":true,"href":"https:\/\/www.cinemaup.com.br\/en\/wp-json\/wp\/v2\/comments?post=83943"}],"version-history":[{"count":1,"href":"https:\/\/www.cinemaup.com.br\/en\/wp-json\/wp\/v2\/posts\/83943\/revisions"}],"predecessor-version":[{"id":83945,"href":"https:\/\/www.cinemaup.com.br\/en\/wp-json\/wp\/v2\/posts\/83943\/revisions\/83945"}],"wp:featuredmedia":[{"embeddable":true,"href":"https:\/\/www.cinemaup.com.br\/en\/wp-json\/wp\/v2\/media\/83944"}],"wp:attachment":[{"href":"https:\/\/www.cinemaup.com.br\/en\/wp-json\/wp\/v2\/media?parent=83943"}],"wp:term":[{"taxonomy":"category","embeddable":true,"href":"https:\/\/www.cinemaup.com.br\/en\/wp-json\/wp\/v2\/categories?post=83943"},{"taxonomy":"post_tag","embeddable":true,"href":"https:\/\/www.cinemaup.com.br\/en\/wp-json\/wp\/v2\/tags?post=83943"}],"curies":[{"name":"wp","href":"https:\/\/api.w.org\/{rel}","templated":true}]}}