{"id":83946,"date":"2025-02-18T20:58:16","date_gmt":"2025-02-18T23:58:16","guid":{"rendered":"https:\/\/www.cinemaup.com.br\/?p=83946"},"modified":"2025-02-18T20:58:18","modified_gmt":"2025-02-18T23:58:18","slug":"com-fernanda-montenegro-vitoria-e-o-filme-de-abertura-do-27o-festival-de-cinema-brasileiro-de-paris","status":"publish","type":"post","link":"https:\/\/www.cinemaup.com.br\/en\/com-fernanda-montenegro-vitoria-e-o-filme-de-abertura-do-27o-festival-de-cinema-brasileiro-de-paris\/","title":{"rendered":"Com Fernanda Montenegro, &#8220;Vit\u00f3ria&#8221; \u00e9 o filme de abertura do 27\u00ba Festival de Cinema Brasileiro de Paris"},"content":{"rendered":"<h3 class=\"wp-block-heading\"><em>O longa-metragem, dirigido por Andrucha Waddington, ser\u00e1 exibido no dia 29 de abril no tradicional cinema de rua L&#8217;Arlequin<\/em><\/h3>\n\n\n\n<figure class=\"wp-block-image size-large\"><img fetchpriority=\"high\" decoding=\"async\" width=\"1024\" height=\"584\" src=\"https:\/\/www.cinemaup.com.br\/wp-content\/uploads\/2025\/02\/ebdf2fde-c8e8-4d5f-93a3-15ecba56eb29-1024x584.png\" alt=\"\" class=\"wp-image-83947\" srcset=\"https:\/\/www.cinemaup.com.br\/wp-content\/uploads\/2025\/02\/ebdf2fde-c8e8-4d5f-93a3-15ecba56eb29-1024x584.png 1024w, https:\/\/www.cinemaup.com.br\/wp-content\/uploads\/2025\/02\/ebdf2fde-c8e8-4d5f-93a3-15ecba56eb29-320x182.png 320w, https:\/\/www.cinemaup.com.br\/wp-content\/uploads\/2025\/02\/ebdf2fde-c8e8-4d5f-93a3-15ecba56eb29-150x86.png 150w, https:\/\/www.cinemaup.com.br\/wp-content\/uploads\/2025\/02\/ebdf2fde-c8e8-4d5f-93a3-15ecba56eb29-18x10.png 18w, https:\/\/www.cinemaup.com.br\/wp-content\/uploads\/2025\/02\/ebdf2fde-c8e8-4d5f-93a3-15ecba56eb29-24x14.png 24w, https:\/\/www.cinemaup.com.br\/wp-content\/uploads\/2025\/02\/ebdf2fde-c8e8-4d5f-93a3-15ecba56eb29-36x21.png 36w, https:\/\/www.cinemaup.com.br\/wp-content\/uploads\/2025\/02\/ebdf2fde-c8e8-4d5f-93a3-15ecba56eb29-48x27.png 48w, https:\/\/www.cinemaup.com.br\/wp-content\/uploads\/2025\/02\/ebdf2fde-c8e8-4d5f-93a3-15ecba56eb29.png 1098w\" sizes=\"(max-width: 1024px) 100vw, 1024px\" \/><figcaption class=\"wp-element-caption\"><em>Fernanda Montenegro e Alan Rocha protagonizam &#8220;Vit\u00f3ria&#8221; (Cr\u00e9dito: Suzanna Tierie<\/em>)<\/figcaption><\/figure>\n\n\n\n<p>O aguardado longa&nbsp;<strong>&#8220;Vit\u00f3ria&#8221;<\/strong>, estrelado por&nbsp;<strong>Fernanda Montenegro<\/strong>&nbsp;e dirigido por&nbsp;<strong>Andrucha Waddington<\/strong>&nbsp;(&#8220;O Ju\u00edzo&#8221;), foi escolhido como o filme de abertura do&nbsp;<strong>27\u00ba Festival de Cinema Brasileiro de Paris<\/strong>. A produ\u00e7\u00e3o ser\u00e1 exibida no dia 29 de abril no L&#8217;Arlequin, cinema de rua modernista no bairro de Saint Germain-des-Pr\u00e8s, sede do evento. O filme \u00e9 inspirado na hist\u00f3ria ver\u00eddica de Joana da Paz, uma senhora&nbsp; insatisfeita com a inseguran\u00e7a em Copacabana, onde mora. Ela come\u00e7ou a filmar da janela de seu apartamento o tr\u00e1fico de drogas, desmascarando um esquema entre traficantes e policiais corruptos na Ladeira dos Tabajaras, na zona sul do Rio de Janeiro.&nbsp;<\/p>\n\n\n\n<p>Inclu\u00edda no Servi\u00e7o de Prote\u00e7\u00e3o \u00e0 Testemunha, Joana passou a se chamar &#8220;Vit\u00f3ria&#8221; e teve sua identidade mantida em sigilo por 17 anos, at\u00e9 falecer em 2023 &#8211;&nbsp;ano seguinte \u00e0s filmagens da obra.&nbsp;O elenco tamb\u00e9m apresenta Alan Rocha, que interpreta o jornalista Fl\u00e1vio Godoy, que repercute o caso na imprensa; Linn da Quebrada, Laila Garin, Thelmo Fernandes e Thawan Lucas.&nbsp;<\/p>\n\n\n\n<p>Inspirado no livro &#8220;Dona Vit\u00f3ria da Paz&#8221;, de F\u00e1bio Gusm\u00e3o,&nbsp;o filme Original Globoplay tem produ\u00e7\u00e3o da Conspira\u00e7\u00e3o, coprodu\u00e7\u00e3o da MyMama Entertainment e Globoplay, e apoio da Globo Filmes.&nbsp;A estreia nos cinemas brasileiros ser\u00e1 no dia 13 de mar\u00e7o,&nbsp;com distribui\u00e7\u00e3o da&nbsp;Sony Pictures.<\/p>\n\n\n\n<p>A edi\u00e7\u00e3o de 2025 do Festival celebra o Ano Fran\u00e7a-Brasil e acontece entre os dias 29 de abril e 6 de maio. O evento, realizado pela Jangada, da carioca&nbsp;<strong>Katia Adler<\/strong>, ter\u00e1 como tema &#8220;Do norte ao sul, um s\u00f3 Brasil&#8221;, com homenagem \u00e0 atriz e diretora Dira Paes e um dia dedicado ao Festival de Cinema de Gramado &#8211; o mais tradicional evento audiovisual do pa\u00eds, realizado na Serra Ga\u00facha.<\/p>","protected":false},"excerpt":{"rendered":"<p>O longa-metragem, dirigido por Andrucha Waddington, ser\u00e1 exibido no dia 29 de abril no tradicional cinema de rua L&#8217;Arlequin O aguardado longa&nbsp;&#8220;Vit\u00f3ria&#8221;, estrelado por&nbsp;Fernanda Montenegro&nbsp;e dirigido por&nbsp;Andrucha Waddington&nbsp;(&#8220;O Ju\u00edzo&#8221;), foi escolhido como o filme de abertura do&nbsp;27\u00ba Festival de Cinema Brasileiro de Paris. A produ\u00e7\u00e3o ser\u00e1 exibida no dia 29 de abril no L&#8217;Arlequin, cinema [&hellip;]<\/p>","protected":false},"author":60,"featured_media":83947,"comment_status":"closed","ping_status":"open","sticky":false,"template":"","format":"standard","meta":{"_exactmetrics_skip_tracking":false,"_exactmetrics_sitenote_active":false,"_exactmetrics_sitenote_note":"","_exactmetrics_sitenote_category":0,"footnotes":""},"categories":[1,9067],"tags":[31343,31342,14526,31340],"_links":{"self":[{"href":"https:\/\/www.cinemaup.com.br\/en\/wp-json\/wp\/v2\/posts\/83946"}],"collection":[{"href":"https:\/\/www.cinemaup.com.br\/en\/wp-json\/wp\/v2\/posts"}],"about":[{"href":"https:\/\/www.cinemaup.com.br\/en\/wp-json\/wp\/v2\/types\/post"}],"author":[{"embeddable":true,"href":"https:\/\/www.cinemaup.com.br\/en\/wp-json\/wp\/v2\/users\/60"}],"replies":[{"embeddable":true,"href":"https:\/\/www.cinemaup.com.br\/en\/wp-json\/wp\/v2\/comments?post=83946"}],"version-history":[{"count":2,"href":"https:\/\/www.cinemaup.com.br\/en\/wp-json\/wp\/v2\/posts\/83946\/revisions"}],"predecessor-version":[{"id":83949,"href":"https:\/\/www.cinemaup.com.br\/en\/wp-json\/wp\/v2\/posts\/83946\/revisions\/83949"}],"wp:featuredmedia":[{"embeddable":true,"href":"https:\/\/www.cinemaup.com.br\/en\/wp-json\/wp\/v2\/media\/83947"}],"wp:attachment":[{"href":"https:\/\/www.cinemaup.com.br\/en\/wp-json\/wp\/v2\/media?parent=83946"}],"wp:term":[{"taxonomy":"category","embeddable":true,"href":"https:\/\/www.cinemaup.com.br\/en\/wp-json\/wp\/v2\/categories?post=83946"},{"taxonomy":"post_tag","embeddable":true,"href":"https:\/\/www.cinemaup.com.br\/en\/wp-json\/wp\/v2\/tags?post=83946"}],"curies":[{"name":"wp","href":"https:\/\/api.w.org\/{rel}","templated":true}]}}