{"id":83988,"date":"2025-02-27T22:39:56","date_gmt":"2025-02-28T01:39:56","guid":{"rendered":"https:\/\/www.cinemaup.com.br\/?p=83988"},"modified":"2025-02-27T22:39:57","modified_gmt":"2025-02-28T01:39:57","slug":"protagonizado-por-karine-teles-alice-wegmann-e-grande-elenco-a-vila-das-nove-acaba-de-chegar-ao-disney","status":"publish","type":"post","link":"https:\/\/www.cinemaup.com.br\/en\/protagonizado-por-karine-teles-alice-wegmann-e-grande-elenco-a-vila-das-nove-acaba-de-chegar-ao-disney\/","title":{"rendered":"PROTAGONIZADO POR KARINE TELES, ALICE WEGMANN E GRANDE ELENCO,\u00a0A VIL\u00c3 DAS NOVE\u00a0ACABA DE CHEGAR AO DISNEY+"},"content":{"rendered":"<h3 class=\"wp-block-heading\"><strong><em>Ap\u00f3s estrear nos cinemas, o longa-metragem dirigido por Teodoro Poppovic j\u00e1 est\u00e1 dispon\u00edvel no streaming e apresenta um enredo de dramas familiares, emo\u00e7\u00f5es e recome\u00e7os<\/em><\/strong><\/h3>\n\n\n<div class=\"wp-block-image\">\n<figure class=\"aligncenter size-large is-resized\"><img fetchpriority=\"high\" decoding=\"async\" width=\"697\" height=\"1024\" src=\"https:\/\/www.cinemaup.com.br\/wp-content\/uploads\/2025\/02\/AVILADASNOVE_cartaz_ptbr_64x94cm-1-697x1024.jpg\" alt=\"\" class=\"wp-image-83989\" style=\"width:354px;height:auto\" srcset=\"https:\/\/www.cinemaup.com.br\/wp-content\/uploads\/2025\/02\/AVILADASNOVE_cartaz_ptbr_64x94cm-1-697x1024.jpg 697w, https:\/\/www.cinemaup.com.br\/wp-content\/uploads\/2025\/02\/AVILADASNOVE_cartaz_ptbr_64x94cm-1-218x320.jpg 218w, https:\/\/www.cinemaup.com.br\/wp-content\/uploads\/2025\/02\/AVILADASNOVE_cartaz_ptbr_64x94cm-1-102x150.jpg 102w, https:\/\/www.cinemaup.com.br\/wp-content\/uploads\/2025\/02\/AVILADASNOVE_cartaz_ptbr_64x94cm-1-scaled.jpg 1743w\" sizes=\"(max-width: 697px) 100vw, 697px\" \/><\/figure><\/div>\n\n\n<p><strong><em>A Vil\u00e3 das Nove<\/em><\/strong>&nbsp;acaba de chegar ao Disney+.com&nbsp;<strong>Karine Teles<\/strong>,<strong>&nbsp;Alice Wegmann&nbsp;<\/strong>e&nbsp;<strong>Camila M\u00e1rdila&nbsp;<\/strong>como protagonistas. O longa apresenta Roberta (<strong>Karine Teles<\/strong>), uma mulher vivendo a melhor fase da sua vida, at\u00e9 perceber que a trama da nova novela das nove \u00e9 baseada na sua pr\u00f3pria hist\u00f3ria. No passado, Roberta deixou seu marido Bento (<strong>Otto Jr<\/strong>) e a filha Debora (<strong>Alice Wegmann<\/strong>)para tr\u00e1s em busca de sua felicidade. Marcada pelo abandono da m\u00e3e, Debora exp\u00f5e sua hist\u00f3ria para um autor de novelas que est\u00e1 procurando pelo seu novo sucesso.&nbsp;<\/p>\n\n\n\n<p>O elenco da produ\u00e7\u00e3o conta tamb\u00e9m com Antonio Pitanga, Laura Pessoa, Negro Leo, Rodrigo Garcia, Murilo Sampaio, Valentina Bandeira, Felipe Rocha, Catarina de Carvalho, Stella Rabello, Angela Rabello e Otto Jr.\u00a0O filme \u00e9 dirigido por Teodoro Poppovic e produzida por Andr\u00e9 Pereira e Mariana Muniz, da LUPA Filmes.\u00a0<\/p>\n\n\n<div class=\"wp-block-image\">\n<figure class=\"aligncenter size-large is-resized\"><img decoding=\"async\" width=\"1024\" height=\"814\" src=\"https:\/\/www.cinemaup.com.br\/wp-content\/uploads\/2025\/02\/A-Vila-das-Nove-01-1024x814.jpg\" alt=\"\" class=\"wp-image-83990\" style=\"width:553px;height:auto\" srcset=\"https:\/\/www.cinemaup.com.br\/wp-content\/uploads\/2025\/02\/A-Vila-das-Nove-01-1024x814.jpg 1024w, https:\/\/www.cinemaup.com.br\/wp-content\/uploads\/2025\/02\/A-Vila-das-Nove-01-320x254.jpg 320w, https:\/\/www.cinemaup.com.br\/wp-content\/uploads\/2025\/02\/A-Vila-das-Nove-01-150x119.jpg 150w, https:\/\/www.cinemaup.com.br\/wp-content\/uploads\/2025\/02\/A-Vila-das-Nove-01-1536x1221.jpg 1536w, https:\/\/www.cinemaup.com.br\/wp-content\/uploads\/2025\/02\/A-Vila-das-Nove-01-15x12.jpg 15w, https:\/\/www.cinemaup.com.br\/wp-content\/uploads\/2025\/02\/A-Vila-das-Nove-01-24x19.jpg 24w, https:\/\/www.cinemaup.com.br\/wp-content\/uploads\/2025\/02\/A-Vila-das-Nove-01-36x29.jpg 36w, https:\/\/www.cinemaup.com.br\/wp-content\/uploads\/2025\/02\/A-Vila-das-Nove-01-48x38.jpg 48w, https:\/\/www.cinemaup.com.br\/wp-content\/uploads\/2025\/02\/A-Vila-das-Nove-01.jpg 1545w\" sizes=\"(max-width: 1024px) 100vw, 1024px\" \/><\/figure><\/div>\n\n\n<p><strong>A Vil\u00e3 Das Nove<\/strong>\u00a0j\u00e1 est\u00e1 dispon\u00edvel com exclusividade no Disney+.<\/p>","protected":false},"excerpt":{"rendered":"<p>Ap\u00f3s estrear nos cinemas, o longa-metragem dirigido por Teodoro Poppovic j\u00e1 est\u00e1 dispon\u00edvel no streaming e apresenta um enredo de dramas familiares, emo\u00e7\u00f5es e recome\u00e7os A Vil\u00e3 das Nove&nbsp;acaba de chegar ao Disney+.com&nbsp;Karine Teles,&nbsp;Alice Wegmann&nbsp;e&nbsp;Camila M\u00e1rdila&nbsp;como protagonistas. O longa apresenta Roberta (Karine Teles), uma mulher vivendo a melhor fase da sua vida, at\u00e9 perceber que [&hellip;]<\/p>","protected":false},"author":60,"featured_media":83991,"comment_status":"closed","ping_status":"open","sticky":false,"template":"","format":"standard","meta":{"_exactmetrics_skip_tracking":false,"_exactmetrics_sitenote_active":false,"_exactmetrics_sitenote_note":"","_exactmetrics_sitenote_category":0,"footnotes":""},"categories":[1,15929,9830],"tags":[31351,15849],"_links":{"self":[{"href":"https:\/\/www.cinemaup.com.br\/en\/wp-json\/wp\/v2\/posts\/83988"}],"collection":[{"href":"https:\/\/www.cinemaup.com.br\/en\/wp-json\/wp\/v2\/posts"}],"about":[{"href":"https:\/\/www.cinemaup.com.br\/en\/wp-json\/wp\/v2\/types\/post"}],"author":[{"embeddable":true,"href":"https:\/\/www.cinemaup.com.br\/en\/wp-json\/wp\/v2\/users\/60"}],"replies":[{"embeddable":true,"href":"https:\/\/www.cinemaup.com.br\/en\/wp-json\/wp\/v2\/comments?post=83988"}],"version-history":[{"count":1,"href":"https:\/\/www.cinemaup.com.br\/en\/wp-json\/wp\/v2\/posts\/83988\/revisions"}],"predecessor-version":[{"id":83992,"href":"https:\/\/www.cinemaup.com.br\/en\/wp-json\/wp\/v2\/posts\/83988\/revisions\/83992"}],"wp:featuredmedia":[{"embeddable":true,"href":"https:\/\/www.cinemaup.com.br\/en\/wp-json\/wp\/v2\/media\/83991"}],"wp:attachment":[{"href":"https:\/\/www.cinemaup.com.br\/en\/wp-json\/wp\/v2\/media?parent=83988"}],"wp:term":[{"taxonomy":"category","embeddable":true,"href":"https:\/\/www.cinemaup.com.br\/en\/wp-json\/wp\/v2\/categories?post=83988"},{"taxonomy":"post_tag","embeddable":true,"href":"https:\/\/www.cinemaup.com.br\/en\/wp-json\/wp\/v2\/tags?post=83988"}],"curies":[{"name":"wp","href":"https:\/\/api.w.org\/{rel}","templated":true}]}}