{"id":9105,"date":"2015-05-25T09:04:43","date_gmt":"2015-05-25T09:04:43","guid":{"rendered":"http:\/\/pipocadepimenta.com\/?p=9105"},"modified":"2015-12-22T03:42:03","modified_gmt":"2015-12-22T03:42:03","slug":"ultimas-conversas","status":"publish","type":"post","link":"https:\/\/www.cinemaup.com.br\/en\/ultimas-conversas\/","title":{"rendered":"\u00daltimas Conversas"},"content":{"rendered":"<p><img fetchpriority=\"high\" decoding=\"async\" class=\"alignnone size-full wp-image-9119\" src=\"http:\/\/pipocadepimenta.com\/wp-content\/uploads\/2015\/05\/SINOPSE7.png\" alt=\"SINOPSE\" width=\"800\" height=\"1814\" srcset=\"https:\/\/www.cinemaup.com.br\/wp-content\/uploads\/2015\/05\/SINOPSE7.png 800w, https:\/\/www.cinemaup.com.br\/wp-content\/uploads\/2015\/05\/SINOPSE7-452x1024.png 452w\" sizes=\"(max-width: 800px) 100vw, 800px\" \/><\/p>\n<div style=\"text-align: justify;\">\n<div style=\"height: 20px;\"><\/div>\n<p>Comparando com os trabalhos anteriores do documentarista Eduardo Coutinho (1933 \u2013 2014), \u2018\u00daltimas Conversas\u2019 (2015), na sua forma, se assemelha mais \u00e0 \u2018Jogo de Cena\u2019 (2007), por passar dentro de um \u00fanico ambiente est\u00e1tico, do que ao \u2018Edif\u00edcio Master\u2019 (2002) ou \u2018Cabra Marcado para Morrer\u2019 de (1984), onde circulava-se por diferentes locais, ainda que no de 2002 fosse dentro de um \u00fanico condom\u00ednio de apartamentos. Os document\u00e1rios do cineasta paulista s\u00e3o dotados duma abordagem muito humanista e expressiva, sempre fizeram as pessoas falarem quase como numa sess\u00e3o de terapia psicanal\u00edtica, com sua abordagem pautada por \u201cconversas\u201d. Para ele toda hist\u00f3ria de vida era v\u00e1lida e interessante, mesmo as que vinham acompanhadas de mentiras, s\u00f3 evitando entrevistar quem tinha alguma coisa a perder \u2013 pol\u00edticos, ricos, famosos, entre outros. Sua maneira de documentar sempre tentou ao m\u00e1ximo n\u00e3o afetar o universo retratado, suas perguntas buscavam fazer com que os relatos fossem os mais espont\u00e2neos poss\u00edveis.<\/p>\n<div style=\"height: 20px;\"><\/div>\n<p><img decoding=\"async\" class=\"alignnone size-full wp-image-9107\" src=\"http:\/\/pipocadepimenta.com\/wp-content\/uploads\/2015\/05\/\u00daLTIMAS-CONVERSAS-2015-01.jpg\" alt=\"\u00daLTIMAS CONVERSAS (2015) 01\" width=\"1013\" height=\"481\" \/><\/p>\n<div style=\"text-align: justify;\">\n<div style=\"height: 20px;\"><\/div>\n<p>Neste document\u00e1rio de 2015 ele entrevistou adolescentes do terceiro ano do Ensino M\u00e9dio de escolas do Rio de Janeiro, selecionados por uma pr\u00e9-entrevista, em vias de fazerem o ENEM, ingressarem numa universidade e no mundo \u201cadulto\u201d. E o resultado \u00e9 muito realista e revelador, onde eles relatam seus dramas, aspira\u00e7\u00f5es de futuro e pensamentos sobre a vida e tudo o mais. O que vemos em tela \u00e9 uma prova de como a sociedade contempor\u00e2nea ainda \u00e9 opressora e por vezes cruel, j\u00e1 na adolesc\u00eancia, mas que n\u00e3o consegue quebrar a esperan\u00e7a de quem anseia por \u201cum lugar ao sol\u201d e ainda tem um longo caminho pela frente. S\u00e3o de alguma forma um reflexo da nossa cultura, alguns s\u00e3o t\u00edmidos e reprimidos, outros espont\u00e2neos e voluntariosos, todos desajustados de certa maneira, procurando entender nossas organiza\u00e7\u00f5es sociais e como atuar nelas. Dif\u00edcil n\u00e3o reconhecer algum que se pare\u00e7a com algu\u00e9m muito pr\u00f3ximo, um filho, um irm\u00e3o, um vizinho, um primo, um aluno.<\/p>\n<div style=\"height: 20px;\"><\/div>\n<p><img decoding=\"async\" class=\"alignnone size-full wp-image-9108\" src=\"http:\/\/pipocadepimenta.com\/wp-content\/uploads\/2015\/05\/\u00daLTIMAS-CONVERSAS-2015-02.jpg\" alt=\"\u00daLTIMAS CONVERSAS (2015) 02\" width=\"956\" height=\"500\" \/><\/p>\n<div style=\"text-align: justify;\">\n<div style=\"height: 20px;\"><\/div>\n<p>A maioria fala sobre o seu dia a dia, suas rela\u00e7\u00f5es com a fam\u00edlia, os amigos, os colegas e os namorados. Alguns t\u00edmidos e inseguros, outros autoconfiantes e que se soltam em poucos minutos numa \u00e2nsia de se expressar, t\u00edpica da idade. V\u00e1rios s\u00e3o negros ou mesti\u00e7os, relatam os abusos sofridos na escola ou em casa, seja f\u00edsico ou at\u00e9 mesmo sexual. Quase todos sofreram algum tipo de \u201cbullying\u201d no col\u00e9gio, um abandonou a sala de aula e depois retornou, outra mora com o namorado, pois a m\u00e3e mudou-se para um estado distante, deixando uma saudade e um \u201cvazio\u201d familiar. Entre os afrodescendentes h\u00e1 os que s\u00e3o a favor de cotas raciais e tamb\u00e9m os contr\u00e1rios. Enfim um pequeno universo que reflete nossa sociedade quase como um todo.<\/p>\n<div style=\"height: 20px;\"><\/div>\n<p><img loading=\"lazy\" decoding=\"async\" class=\"alignnone size-full wp-image-9109\" src=\"http:\/\/pipocadepimenta.com\/wp-content\/uploads\/2015\/05\/\u00daLTIMAS-CONVERSAS-2015-03.jpg\" alt=\"\u00daLTIMAS CONVERSAS (2015) 03\" width=\"970\" height=\"600\" \/><\/p>\n<div style=\"text-align: justify;\">\n<div style=\"height: 20px;\"><\/div>\n<p>A c\u00e2mera de \u2018\u00daltimas Conversas\u2019 \u00e9 intrusiva, os enquadramentos colocam os rostos no detalhe, n\u00e3o escapa nem um sorriso, nenhuma l\u00e1grima. Vemos todos os sentimentos refletidos nas express\u00f5es, de forma a nos sentirmos muitas vezes invadindo suas privacidades. Sabemos que os jovens e seus respons\u00e1veis autorizaram as filmagens, mas ser\u00e1 que eles e os pais tem a no\u00e7\u00e3o de o quanto se expuseram e das mudan\u00e7as que v\u00e3o passar ao assistirem-se em tela? Provavelmente n\u00e3o sabiam e menos ainda podia-se prever o impacto que as imagens tem sobre n\u00f3s espectadores, ainda mais desavisados. O cen\u00e1rio relembra um ambiente escolar, nos transportando de volta aos nossos tempos de colegiais. A nostalgia e a identifica\u00e7\u00e3o s\u00e3o inevit\u00e1veis.<\/p>\n<div style=\"height: 20px;\"><\/div>\n<p><img loading=\"lazy\" decoding=\"async\" class=\"alignnone size-full wp-image-9110\" src=\"http:\/\/pipocadepimenta.com\/wp-content\/uploads\/2015\/05\/LTIMAS-CONVERSAS-2015-04-e1432672639244.jpg\" alt=\"\u00daLTIMAS CONVERSAS (2015) 04\" width=\"1200\" height=\"675\" srcset=\"https:\/\/www.cinemaup.com.br\/wp-content\/uploads\/2015\/05\/LTIMAS-CONVERSAS-2015-04-e1432672639244.jpg 1200w, https:\/\/www.cinemaup.com.br\/wp-content\/uploads\/2015\/05\/LTIMAS-CONVERSAS-2015-04-e1432672639244-1024x576.jpg 1024w\" sizes=\"(max-width: 1200px) 100vw, 1200px\" \/><\/p>\n<div style=\"text-align: justify;\">\n<div style=\"height: 20px;\"><\/div>\n<p>No in\u00edcio do filme a primeira pessoa a sentar na cadeira \u00e9 o pr\u00f3prio documentarista, que dirigiu a obra, onde desabafou: &#8220;Perdi momentaneamente ou para sempre a liga\u00e7\u00e3o com o mundo que eu um dia j\u00e1 tive. Da\u00ed, \u00e9 o fim&#8221;. Mas em seguida afirmou tamb\u00e9m: \u201cO que eu vou fazer se n\u00e3o filmo? Se n\u00e3o filmo, estou morto! \u201d. Logo depois expressou a prefer\u00eancia por ter entrevistado crian\u00e7as, pois elas sim s\u00e3o originais, pois ainda n\u00e3o est\u00e3o afetadas pelo cinismo social. No fim seu desejo \u00e9 satisfeito, ele entrevista uma menininha, que termina a obra falando sobre seu cotidiano, sua fam\u00edlia e at\u00e9 religi\u00e3o. Quando perguntado a ela sobre o que pensa acerca de Deus, responde: \u201c\u00c9 um homem que j\u00e1 morreu\u201d, deixando mais certo para Coutinho, que ele devia mesmo ter entrevistado apenas crian\u00e7as. E n\u00f3s tamb\u00e9m nos convencemos, pois \u00e9 emocionante o contraste em tela, do di\u00e1logo entre um octogen\u00e1rio e uma crian\u00e7a que ainda n\u00e3o tem nem oito anos.<\/p>\n<div style=\"height: 20px;\"><\/div>\n<p><img loading=\"lazy\" decoding=\"async\" class=\"alignnone size-full wp-image-9111\" src=\"http:\/\/pipocadepimenta.com\/wp-content\/uploads\/2015\/05\/\u00daLTIMAS-CONVERSAS-2015-05.jpg\" alt=\"coutinho.jpg\" width=\"2800\" height=\"2304\" srcset=\"https:\/\/www.cinemaup.com.br\/wp-content\/uploads\/2015\/05\/\u00daLTIMAS-CONVERSAS-2015-05.jpg 2800w, https:\/\/www.cinemaup.com.br\/wp-content\/uploads\/2015\/05\/\u00daLTIMAS-CONVERSAS-2015-05-1024x843.jpg 1024w\" sizes=\"(max-width: 2800px) 100vw, 2800px\" \/><\/p>\n<div style=\"text-align: justify;\">\n<div style=\"height: 20px;\"><\/div>\n<p>Para quem nunca assistiu algum document\u00e1rio do diretor e n\u00e3o est\u00e1 acostumado com produ\u00e7\u00f5es deste g\u00eanero, feitas inteiramente de conversas, pode achar estranho no in\u00edcio e ao assistir dois ou tr\u00eas, caia no erro de pensar que s\u00e3o todos muito iguais e mon\u00f3tonos. Mas os perseverantes ser\u00e3o recompensados, pois em algum momento de sua vida, voc\u00ea vai se reconhecer nas pessoas entrevistadas e provavelmente no futuro, em idade mais madura, encontrar-se-\u00e1 representado por v\u00e1rias delas. E \u00e9 nessa uniformidade de sua obra que Coutinho se destacou, pois cada um de seus longas inova em caracter\u00edsticas muito sutis, que s\u00f3 algu\u00e9m com um olhar social cr\u00edtico e apurado conseguiria. Ningu\u00e9m pode se dizer conhecedor do cinema brasileiro e mundial, sem entender a obra deste cineasta.<\/p>\n<div style=\"height: 20px;\"><\/div>\n<p><img loading=\"lazy\" decoding=\"async\" class=\"alignnone size-full wp-image-9112\" src=\"http:\/\/pipocadepimenta.com\/wp-content\/uploads\/2015\/05\/\u00daLTIMAS-CONVERSAS-2015-06.jpg\" alt=\"\u00daLTIMAS CONVERSAS (2015) 06\" width=\"1500\" height=\"1000\" srcset=\"https:\/\/www.cinemaup.com.br\/wp-content\/uploads\/2015\/05\/\u00daLTIMAS-CONVERSAS-2015-06.jpg 1500w, https:\/\/www.cinemaup.com.br\/wp-content\/uploads\/2015\/05\/\u00daLTIMAS-CONVERSAS-2015-06-1024x683.jpg 1024w\" sizes=\"(max-width: 1500px) 100vw, 1500px\" \/><\/p>\n<div style=\"text-align: justify;\">\n<div style=\"height: 20px;\"><\/div>\n<p>J\u00e1 num de seus primeiros trabalhos, o j\u00e1 citado \u2018Cabra Marcado para Morrer\u2019 ele chamava aten\u00e7\u00e3o ao nos apresentar uma reportagem documental sobre a vida do l\u00edder campon\u00eas Jo\u00e3o Pedro Teixeira, que fora assassinado. O trabalho chegou a ser interrompido, por dificuldades de continu\u00e1-lo, mas foi retomado dezessete anos depois, acompanhando a fam\u00edlia do militante rural. Anos mais tarde superou-se com \u2018Edif\u00edcio Master\u2019, ao passar tr\u00eas meses convivendo e filmando moradores de um pr\u00e9dio de classe m\u00e9dia carioca. No condom\u00ednio de mais de 500 habitantes, arrecadou relatos de como as pessoas se agrupam nos grandes centros, mas mesmo assim, continuam cada vez mais solit\u00e1rias e distantes emocionalmente dos seus pr\u00f3ximos. Com \u2018Jogo de Cena\u2019 inovou mais uma vez ao juntar depoimentos de mulheres desconhecidas e atrizes famosas, que contavam suas hist\u00f3rias sem revelar se eram verdadeiras, se s\u00e3o as suas pr\u00f3prias, ou se interpretavam, deixando que o espectador decidisse de acordo com seu julgamento.<\/p>\n<div style=\"height: 20px;\"><\/div>\n<p><img loading=\"lazy\" decoding=\"async\" class=\"alignnone size-full wp-image-9113\" src=\"http:\/\/pipocadepimenta.com\/wp-content\/uploads\/2015\/05\/\u00daLTIMAS-CONVERSAS-2015-08.jpg\" alt=\"\u00daLTIMAS CONVERSAS (2015) 08\" width=\"640\" height=\"427\" \/><\/p>\n<div style=\"text-align: justify;\">\n<div style=\"height: 20px;\"><\/div>\n<p>Eduardo Coutinho n\u00e3o far\u00e1 um pr\u00f3ximo document\u00e1rio, somente com crian\u00e7as ou com pessoas de quaisquer idades, pois n\u00e3o rodar\u00e1 mais nenhum filme. Infelizmente foi tragicamente assassinado no in\u00edcio de 2014 pelo filho esquizofr\u00eanico, que tamb\u00e9m esfaqueou a m\u00e3e, que felizmente sobreviveu. \u2018\u00daltimas Conversas\u2019 \u00e9 uma esp\u00e9cie de filme-testamento, finalizado por Jo\u00e3o Moreira Salles, montado por Jordana Berg, ambos seus disc\u00edpulos e lan\u00e7ado postumamente. Seu trabalho derradeiro abriu a mostra do festival brasileiro de document\u00e1rios, \u00c9 Tudo Verdade, com exibi\u00e7\u00e3o em v\u00e1rias cidades. Deixa uma obra prestigiada, como um dos cineastas mais reconhecidos do g\u00eanero do Brasil e no mundo. Nosso cinema ficar\u00e1 de luto por anos, mas seu trabalho ainda ser\u00e1 descoberto e influenciar\u00e1 gera\u00e7\u00f5es.<\/p>\n<div style=\"height: 20px;\"><\/div>\n<p><img loading=\"lazy\" decoding=\"async\" class=\"alignnone size-full wp-image-9114\" src=\"http:\/\/pipocadepimenta.com\/wp-content\/uploads\/2015\/05\/\u00daLTIMAS-CONVERSAS-2015-07.jpg\" alt=\"\u00daLTIMAS CONVERSAS (2015) 07\" width=\"2868\" height=\"1398\" srcset=\"https:\/\/www.cinemaup.com.br\/wp-content\/uploads\/2015\/05\/\u00daLTIMAS-CONVERSAS-2015-07.jpg 2868w, https:\/\/www.cinemaup.com.br\/wp-content\/uploads\/2015\/05\/\u00daLTIMAS-CONVERSAS-2015-07-1024x499.jpg 1024w\" sizes=\"(max-width: 2868px) 100vw, 2868px\" \/><\/p>\n<div style=\"text-align: justify;\">\n<div style=\"height: 20px;\"><\/div>\n<div style=\"height: 20px;\"><\/div>\n<p>Trailer do filme:<br \/>\n<iframe title=\"U\u0301ltimas Conversas | Last Conversations, de Eduardo Coutinho  - FILME DE ABERTURA | OPENING FILM\" width=\"640\" height=\"360\" src=\"https:\/\/www.youtube.com\/embed\/_jTagn3SIYw?feature=oembed\" frameborder=\"0\" allow=\"accelerometer; autoplay; clipboard-write; encrypted-media; gyroscope; picture-in-picture; web-share\" referrerpolicy=\"strict-origin-when-cross-origin\" allowfullscreen><\/iframe><\/p>\n<div style=\"text-align: justify;\">\n<div style=\"height: 20px;\"><\/div>\n<p>&nbsp;<\/p>\n<\/div>\n<\/div>\n<\/div>\n<\/div>\n<\/div>\n<\/div>\n<\/div>\n<\/div>\n<\/div>\n<\/div>","protected":false},"excerpt":{"rendered":"<p>Comparando com os trabalhos anteriores do documentarista Eduardo Coutinho (1933 \u2013 2014), \u2018\u00daltimas Conversas\u2019 (2015), na sua forma, se assemelha mais \u00e0 \u2018Jogo de Cena\u2019 (2007), por passar dentro de um \u00fanico ambiente est\u00e1tico, do que ao \u2018Edif\u00edcio Master\u2019 (2002) ou \u2018Cabra Marcado para Morrer\u2019 de (1984), onde circulava-se por diferentes locais, ainda que no [&hellip;]<\/p>","protected":false},"author":1,"featured_media":14064,"comment_status":"open","ping_status":"open","sticky":false,"template":"","format":"standard","meta":{"_exactmetrics_skip_tracking":false,"_exactmetrics_sitenote_active":false,"_exactmetrics_sitenote_note":"","_exactmetrics_sitenote_category":0,"footnotes":""},"categories":[2415,2422],"tags":[2461,260,1721,1722],"_links":{"self":[{"href":"https:\/\/www.cinemaup.com.br\/en\/wp-json\/wp\/v2\/posts\/9105"}],"collection":[{"href":"https:\/\/www.cinemaup.com.br\/en\/wp-json\/wp\/v2\/posts"}],"about":[{"href":"https:\/\/www.cinemaup.com.br\/en\/wp-json\/wp\/v2\/types\/post"}],"author":[{"embeddable":true,"href":"https:\/\/www.cinemaup.com.br\/en\/wp-json\/wp\/v2\/users\/1"}],"replies":[{"embeddable":true,"href":"https:\/\/www.cinemaup.com.br\/en\/wp-json\/wp\/v2\/comments?post=9105"}],"version-history":[{"count":0,"href":"https:\/\/www.cinemaup.com.br\/en\/wp-json\/wp\/v2\/posts\/9105\/revisions"}],"wp:featuredmedia":[{"embeddable":true,"href":"https:\/\/www.cinemaup.com.br\/en\/wp-json\/wp\/v2\/media\/14064"}],"wp:attachment":[{"href":"https:\/\/www.cinemaup.com.br\/en\/wp-json\/wp\/v2\/media?parent=9105"}],"wp:term":[{"taxonomy":"category","embeddable":true,"href":"https:\/\/www.cinemaup.com.br\/en\/wp-json\/wp\/v2\/categories?post=9105"},{"taxonomy":"post_tag","embeddable":true,"href":"https:\/\/www.cinemaup.com.br\/en\/wp-json\/wp\/v2\/tags?post=9105"}],"curies":[{"name":"wp","href":"https:\/\/api.w.org\/{rel}","templated":true}]}}